{"id":55034,"date":"2026-08-31T08:51:05","date_gmt":"2026-08-31T11:51:05","guid":{"rendered":"https:\/\/itr.ufrrj.br\/portal\/?p=55034"},"modified":"2026-08-31T08:51:07","modified_gmt":"2026-08-31T11:51:07","slug":"itr-promove-palestras-gratuitas-sobre-curriculo-e-entrevista-de-emprego-no-dia-24-de-setembro","status":"publish","type":"post","link":"https:\/\/itr.ufrrj.br\/portal\/itr-promove-palestras-gratuitas-sobre-curriculo-e-entrevista-de-emprego-no-dia-24-de-setembro\/","title":{"rendered":"ITR promove palestras gratuitas sobre curr\u00edculo e entrevista de emprego no dia 24 de setembro"},"content":{"rendered":"\n<p class=\" eplus-wrapper\">O ITR realizar\u00e1, no dia 24 de setembro, duas palestras gratuitas voltadas ao desenvolvimento profissional e \u00e0 prepara\u00e7\u00e3o para processos seletivos, como parte da programa\u00e7\u00e3o da Jornada de Carreiras e Empreendedorismo. As atividades ocorrer\u00e3o no audit\u00f3rio do Instituto, com sess\u00f5es \u00e0s 15h e \u00e0s 18h.<\/p>\n\n\n\n<p class=\" eplus-wrapper\">Com o tema \u201cComo elaborar um bom curr\u00edculo e se preparar para uma entrevista de emprego\u201d, as palestras ser\u00e3o dadas pelo consultor empresarial F\u00e1bio Alves, profissional com mais de 30 anos de experi\u00eancia e mais de 30 mil horas de atua\u00e7\u00e3o em consultoria.<\/p>\n\n\n\n<p class=\" eplus-wrapper\">Durante as sess\u00f5es, os participantes ter\u00e3o acesso a orienta\u00e7\u00f5es pr\u00e1ticas sobre elabora\u00e7\u00e3o de curr\u00edculos eficazes, t\u00e9cnicas de comunica\u00e7\u00e3o, postura profissional e estrat\u00e9gias para se destacar em entrevistas de emprego. O evento \u00e9 gratuito e contar\u00e1 com emiss\u00e3o de certificado de participa\u00e7\u00e3o pelo Sebrae.<\/p>\n\n\n\n<p class=\" eplus-wrapper\">As palestras s\u00e3o destinadas a todos os alunos da gradua\u00e7\u00e3o e p\u00f3s-gradua\u00e7\u00e3o do ITR, al\u00e9m de ex-alunos, universit\u00e1rios de outras institui\u00e7\u00f5es de ensino e interessados no tema, refor\u00e7ando o car\u00e1ter integrador e comunit\u00e1rio da Jornada de Carreiras e Empreendedorismo. A iniciativa busca ampliar o alcance das a\u00e7\u00f5es de forma\u00e7\u00e3o, acolhendo diferentes perfis e trajet\u00f3rias acad\u00eamicas.<\/p>\n\n\n\n<p class=\" eplus-wrapper\">Coordenado pela Profa. Dra. Julianne Milward, o Projeto de Extens\u00e3o tem como objetivo aproximar universidade, mercado e institui\u00e7\u00f5es parceiras, promovendo a\u00e7\u00f5es cont\u00ednuas de orienta\u00e7\u00e3o profissional. A realiza\u00e7\u00e3o \u00e9 da Coordena\u00e7\u00e3o de Empreendedorismo e Ambientes de Inova\u00e7\u00e3o (COEM), do Departamento de Inova\u00e7\u00e3o (DINOV) vinculado \u00e0 PROPPGI, com apoio da Empresa J\u00fanior Vale Verde Solu\u00e7\u00f5es e Servi\u00e7os Ambientais e do Programa de Acompanhamento de Egressos do Curso de Gest\u00e3o Ambiental (PAE-GA\/UFRRJ), al\u00e9m do apoio institucional do Sebrae e do CIEE Rio. As inscri\u00e7\u00f5es ser\u00e3o realizadas via QR Code dispon\u00edvel no material de divulga\u00e7\u00e3o das palestras.<\/p>\n\n\n<div class=\"wp-block-image \">\n<figure class=\"aligncenter eplus-wrapper\"><img loading=\"lazy\" decoding=\"async\" width=\"1600\" height=\"1600\" src=\"https:\/\/itr.ufrrj.br\/portal\/wp-content\/uploads\/2026\/08\/620a2fd8003d9553f02c58ff51a72753.jpeg\" alt=\"\" class=\"wp-image-55036\" srcset=\"https:\/\/itr.ufrrj.br\/portal\/wp-content\/uploads\/2026\/08\/620a2fd8003d9553f02c58ff51a72753.jpeg 1600w, https:\/\/itr.ufrrj.br\/portal\/wp-content\/uploads\/2026\/08\/620a2fd8003d9553f02c58ff51a72753-300x300.jpeg 300w, https:\/\/itr.ufrrj.br\/portal\/wp-content\/uploads\/2026\/08\/620a2fd8003d9553f02c58ff51a72753-1024x1024.jpeg 1024w, https:\/\/itr.ufrrj.br\/portal\/wp-content\/uploads\/2026\/08\/620a2fd8003d9553f02c58ff51a72753-150x150.jpeg 150w, https:\/\/itr.ufrrj.br\/portal\/wp-content\/uploads\/2026\/08\/620a2fd8003d9553f02c58ff51a72753-768x768.jpeg 768w, https:\/\/itr.ufrrj.br\/portal\/wp-content\/uploads\/2026\/08\/620a2fd8003d9553f02c58ff51a72753-1536x1536.jpeg 1536w, https:\/\/itr.ufrrj.br\/portal\/wp-content\/uploads\/2026\/08\/620a2fd8003d9553f02c58ff51a72753-96x96.jpeg 96w\" sizes=\"auto, (max-width: 1600px) 100vw, 1600px\" \/><\/figure>\n<\/div>\n\n\n<figure class=\" wp-block-image eplus-wrapper\"><img loading=\"lazy\" decoding=\"async\" width=\"1600\" height=\"1600\" src=\"https:\/\/itr.ufrrj.br\/portal\/wp-content\/uploads\/2026\/08\/239974c4f64884f91a1ab1b63da36436.jpeg\" alt=\"\" class=\"wp-image-55035\" srcset=\"https:\/\/itr.ufrrj.br\/portal\/wp-content\/uploads\/2026\/08\/239974c4f64884f91a1ab1b63da36436.jpeg 1600w, https:\/\/itr.ufrrj.br\/portal\/wp-content\/uploads\/2026\/08\/239974c4f64884f91a1ab1b63da36436-300x300.jpeg 300w, https:\/\/itr.ufrrj.br\/portal\/wp-content\/uploads\/2026\/08\/239974c4f64884f91a1ab1b63da36436-1024x1024.jpeg 1024w, https:\/\/itr.ufrrj.br\/portal\/wp-content\/uploads\/2026\/08\/239974c4f64884f91a1ab1b63da36436-150x150.jpeg 150w, https:\/\/itr.ufrrj.br\/portal\/wp-content\/uploads\/2026\/08\/239974c4f64884f91a1ab1b63da36436-768x768.jpeg 768w, https:\/\/itr.ufrrj.br\/portal\/wp-content\/uploads\/2026\/08\/239974c4f64884f91a1ab1b63da36436-1536x1536.jpeg 1536w, https:\/\/itr.ufrrj.br\/portal\/wp-content\/uploads\/2026\/08\/239974c4f64884f91a1ab1b63da36436-96x96.jpeg 96w\" sizes=\"auto, (max-width: 1600px) 100vw, 1600px\" \/><\/figure>\n","protected":false},"excerpt":{"rendered":"<p>O ITR realizar\u00e1, no dia 24 de setembro, duas palestras gratuitas voltadas ao desenvolvimento profissional e \u00e0 prepara\u00e7\u00e3o para processos seletivos, como parte da programa\u00e7\u00e3o da Jornada de Carreiras e [&hellip;]<\/p>\n","protected":false},"author":13,"featured_media":55036,"comment_status":"closed","ping_status":"closed","sticky":false,"template":"","format":"standard","meta":{"_acf_changed":false,"editor_plus_copied_stylings":"{}","_jetpack_newsletter_access":"","_jetpack_dont_email_post_to_subs":false,"_jetpack_newsletter_tier_id":0,"_jetpack_memberships_contains_paywalled_content":false,"_jetpack_feature_clip_id":0,"_jetpack_memberships_contains_paid_content":false,"footnotes":"","jetpack_post_was_ever_published":false},"categories":[41,4],"tags":[],"class_list":["post-55034","post","type-post","status-publish","format-standard","has-post-thumbnail","hentry","category-eventos-no-itr","category-blog_noticias"],"acf":[],"yoast_head":"<!-- This site is optimized with the Yoast SEO plugin v28.3 - https:\/\/yoast.com\/product\/yoast-seo-wordpress\/ -->\n<title>ITR promove palestras gratuitas sobre curr\u00edculo e entrevista de emprego no dia 24 de setembro - Campus Tr\u00eas Rios | UFRRJ<\/title>\n<meta name=\"robots\" content=\"index, follow, max-snippet:-1, max-image-preview:large, max-video-preview:-1\" \/>\n<link rel=\"canonical\" href=\"https:\/\/itr.ufrrj.br\/portal\/itr-promove-palestras-gratuitas-sobre-curriculo-e-entrevista-de-emprego-no-dia-24-de-setembro\/\" \/>\n<meta property=\"og:locale\" content=\"pt_BR\" \/>\n<meta property=\"og:type\" content=\"article\" \/>\n<meta property=\"og:title\" content=\"ITR promove palestras gratuitas sobre curr\u00edculo e entrevista de emprego no dia 24 de setembro - Campus Tr\u00eas Rios | UFRRJ\" \/>\n<meta property=\"og:description\" content=\"O ITR realizar\u00e1, no dia 24 de setembro, duas palestras gratuitas voltadas ao desenvolvimento profissional e \u00e0 prepara\u00e7\u00e3o para processos seletivos, como parte da programa\u00e7\u00e3o da Jornada de Carreiras e [&hellip;]\" \/>\n<meta property=\"og:url\" content=\"https:\/\/itr.ufrrj.br\/portal\/itr-promove-palestras-gratuitas-sobre-curriculo-e-entrevista-de-emprego-no-dia-24-de-setembro\/\" \/>\n<meta property=\"og:site_name\" content=\"Campus Tr\u00eas Rios | UFRRJ\" \/>\n<meta property=\"article:publisher\" content=\"https:\/\/www.facebook.com\/itr.ufrrj\" \/>\n<meta property=\"article:published_time\" content=\"2026-08-31T11:51:05+00:00\" \/>\n<meta property=\"article:modified_time\" content=\"2026-08-31T11:51:07+00:00\" \/>\n<meta property=\"og:image\" content=\"https:\/\/itr.ufrrj.br\/portal\/wp-content\/uploads\/2026\/08\/620a2fd8003d9553f02c58ff51a72753.jpeg\" \/>\n\t<meta property=\"og:image:width\" content=\"1600\" \/>\n\t<meta property=\"og:image:height\" content=\"1600\" \/>\n\t<meta property=\"og:image:type\" content=\"image\/jpeg\" \/>\n<meta name=\"author\" content=\"Vin\u00edcios Moraes\" \/>\n<meta name=\"twitter:card\" content=\"summary_large_image\" \/>\n<meta name=\"twitter:label1\" content=\"Escrito por\" \/>\n\t<meta name=\"twitter:data1\" content=\"Vin\u00edcios Moraes\" \/>\n\t<meta name=\"twitter:label2\" content=\"Est. tempo de leitura\" \/>\n\t<meta name=\"twitter:data2\" content=\"3 minutos\" \/>\n<script type=\"application\/ld+json\" class=\"yoast-schema-graph\">{\"@context\":\"https:\\\/\\\/schema.org\",\"@graph\":[{\"@type\":\"Article\",\"@id\":\"https:\\\/\\\/itr.ufrrj.br\\\/portal\\\/itr-promove-palestras-gratuitas-sobre-curriculo-e-entrevista-de-emprego-no-dia-24-de-setembro\\\/#article\",\"isPartOf\":{\"@id\":\"https:\\\/\\\/itr.ufrrj.br\\\/portal\\\/itr-promove-palestras-gratuitas-sobre-curriculo-e-entrevista-de-emprego-no-dia-24-de-setembro\\\/\"},\"author\":{\"name\":\"Vin\u00edcios Moraes\",\"@id\":\"https:\\\/\\\/itr.ufrrj.br\\\/portal\\\/#\\\/schema\\\/person\\\/f6062d520ccd51ec5fc310d2083c7f15\"},\"headline\":\"ITR promove palestras gratuitas sobre curr\u00edculo e entrevista de emprego no dia 24 de setembro\",\"datePublished\":\"2026-08-31T11:51:05+00:00\",\"dateModified\":\"2026-08-31T11:51:07+00:00\",\"mainEntityOfPage\":{\"@id\":\"https:\\\/\\\/itr.ufrrj.br\\\/portal\\\/itr-promove-palestras-gratuitas-sobre-curriculo-e-entrevista-de-emprego-no-dia-24-de-setembro\\\/\"},\"wordCount\":341,\"publisher\":{\"@id\":\"https:\\\/\\\/itr.ufrrj.br\\\/portal\\\/#organization\"},\"image\":{\"@id\":\"https:\\\/\\\/itr.ufrrj.br\\\/portal\\\/itr-promove-palestras-gratuitas-sobre-curriculo-e-entrevista-de-emprego-no-dia-24-de-setembro\\\/#primaryimage\"},\"thumbnailUrl\":\"https:\\\/\\\/itr.ufrrj.br\\\/portal\\\/wp-content\\\/uploads\\\/2026\\\/08\\\/620a2fd8003d9553f02c58ff51a72753.jpeg\",\"articleSection\":[\"Eventos no ITR\",\"Not\u00edcias\"],\"inLanguage\":\"pt-BR\"},{\"@type\":\"WebPage\",\"@id\":\"https:\\\/\\\/itr.ufrrj.br\\\/portal\\\/itr-promove-palestras-gratuitas-sobre-curriculo-e-entrevista-de-emprego-no-dia-24-de-setembro\\\/\",\"url\":\"https:\\\/\\\/itr.ufrrj.br\\\/portal\\\/itr-promove-palestras-gratuitas-sobre-curriculo-e-entrevista-de-emprego-no-dia-24-de-setembro\\\/\",\"name\":\"ITR promove palestras gratuitas sobre curr\u00edculo e entrevista de emprego no dia 24 de setembro - Campus Tr\u00eas Rios | UFRRJ\",\"isPartOf\":{\"@id\":\"https:\\\/\\\/itr.ufrrj.br\\\/portal\\\/#website\"},\"primaryImageOfPage\":{\"@id\":\"https:\\\/\\\/itr.ufrrj.br\\\/portal\\\/itr-promove-palestras-gratuitas-sobre-curriculo-e-entrevista-de-emprego-no-dia-24-de-setembro\\\/#primaryimage\"},\"image\":{\"@id\":\"https:\\\/\\\/itr.ufrrj.br\\\/portal\\\/itr-promove-palestras-gratuitas-sobre-curriculo-e-entrevista-de-emprego-no-dia-24-de-setembro\\\/#primaryimage\"},\"thumbnailUrl\":\"https:\\\/\\\/itr.ufrrj.br\\\/portal\\\/wp-content\\\/uploads\\\/2026\\\/08\\\/620a2fd8003d9553f02c58ff51a72753.jpeg\",\"datePublished\":\"2026-08-31T11:51:05+00:00\",\"dateModified\":\"2026-08-31T11:51:07+00:00\",\"breadcrumb\":{\"@id\":\"https:\\\/\\\/itr.ufrrj.br\\\/portal\\\/itr-promove-palestras-gratuitas-sobre-curriculo-e-entrevista-de-emprego-no-dia-24-de-setembro\\\/#breadcrumb\"},\"inLanguage\":\"pt-BR\",\"potentialAction\":[{\"@type\":\"ReadAction\",\"target\":[\"https:\\\/\\\/itr.ufrrj.br\\\/portal\\\/itr-promove-palestras-gratuitas-sobre-curriculo-e-entrevista-de-emprego-no-dia-24-de-setembro\\\/\"]}]},{\"@type\":\"ImageObject\",\"inLanguage\":\"pt-BR\",\"@id\":\"https:\\\/\\\/itr.ufrrj.br\\\/portal\\\/itr-promove-palestras-gratuitas-sobre-curriculo-e-entrevista-de-emprego-no-dia-24-de-setembro\\\/#primaryimage\",\"url\":\"https:\\\/\\\/itr.ufrrj.br\\\/portal\\\/wp-content\\\/uploads\\\/2026\\\/08\\\/620a2fd8003d9553f02c58ff51a72753.jpeg\",\"contentUrl\":\"https:\\\/\\\/itr.ufrrj.br\\\/portal\\\/wp-content\\\/uploads\\\/2026\\\/08\\\/620a2fd8003d9553f02c58ff51a72753.jpeg\",\"width\":1600,\"height\":1600},{\"@type\":\"BreadcrumbList\",\"@id\":\"https:\\\/\\\/itr.ufrrj.br\\\/portal\\\/itr-promove-palestras-gratuitas-sobre-curriculo-e-entrevista-de-emprego-no-dia-24-de-setembro\\\/#breadcrumb\",\"itemListElement\":[{\"@type\":\"ListItem\",\"position\":1,\"name\":\"In\u00edcio\",\"item\":\"https:\\\/\\\/itr.ufrrj.br\\\/portal\\\/\"},{\"@type\":\"ListItem\",\"position\":2,\"name\":\"ITR promove palestras gratuitas sobre curr\u00edculo e entrevista de emprego no dia 24 de setembro\"}]},{\"@type\":\"WebSite\",\"@id\":\"https:\\\/\\\/itr.ufrrj.br\\\/portal\\\/#website\",\"url\":\"https:\\\/\\\/itr.ufrrj.br\\\/portal\\\/\",\"name\":\"Campus Tr\u00eas Rios | UFRRJ\",\"description\":\"Localizado na cidade de Tr\u00eas Rios - RJ\",\"publisher\":{\"@id\":\"https:\\\/\\\/itr.ufrrj.br\\\/portal\\\/#organization\"},\"potentialAction\":[{\"@type\":\"SearchAction\",\"target\":{\"@type\":\"EntryPoint\",\"urlTemplate\":\"https:\\\/\\\/itr.ufrrj.br\\\/portal\\\/?s={search_term_string}\"},\"query-input\":{\"@type\":\"PropertyValueSpecification\",\"valueRequired\":true,\"valueName\":\"search_term_string\"}}],\"inLanguage\":\"pt-BR\"},{\"@type\":\"Organization\",\"@id\":\"https:\\\/\\\/itr.ufrrj.br\\\/portal\\\/#organization\",\"name\":\"Instituto Tr\u00eas Rios\\\/UFRRJ\",\"url\":\"https:\\\/\\\/itr.ufrrj.br\\\/portal\\\/\",\"logo\":{\"@type\":\"ImageObject\",\"inLanguage\":\"pt-BR\",\"@id\":\"https:\\\/\\\/itr.ufrrj.br\\\/portal\\\/#\\\/schema\\\/logo\\\/image\\\/\",\"url\":\"https:\\\/\\\/itr.ufrrj.br\\\/portal\\\/wp-content\\\/uploads\\\/2020\\\/04\\\/logo-institutotresrios-ufrrj.png\",\"contentUrl\":\"https:\\\/\\\/itr.ufrrj.br\\\/portal\\\/wp-content\\\/uploads\\\/2020\\\/04\\\/logo-institutotresrios-ufrrj.png\",\"width\":1067,\"height\":240,\"caption\":\"Instituto Tr\u00eas Rios\\\/UFRRJ\"},\"image\":{\"@id\":\"https:\\\/\\\/itr.ufrrj.br\\\/portal\\\/#\\\/schema\\\/logo\\\/image\\\/\"},\"sameAs\":[\"https:\\\/\\\/www.facebook.com\\\/itr.ufrrj\"]},{\"@type\":\"Person\",\"@id\":\"https:\\\/\\\/itr.ufrrj.br\\\/portal\\\/#\\\/schema\\\/person\\\/f6062d520ccd51ec5fc310d2083c7f15\",\"name\":\"Vin\u00edcios Moraes\",\"image\":{\"@type\":\"ImageObject\",\"inLanguage\":\"pt-BR\",\"@id\":\"https:\\\/\\\/secure.gravatar.com\\\/avatar\\\/776c52eade01cc8215bad3939b5441c24fc60e4e72e2b40f44c81adc2ce6fa9b?s=96&d=mm&r=g\",\"url\":\"https:\\\/\\\/secure.gravatar.com\\\/avatar\\\/776c52eade01cc8215bad3939b5441c24fc60e4e72e2b40f44c81adc2ce6fa9b?s=96&d=mm&r=g\",\"contentUrl\":\"https:\\\/\\\/secure.gravatar.com\\\/avatar\\\/776c52eade01cc8215bad3939b5441c24fc60e4e72e2b40f44c81adc2ce6fa9b?s=96&d=mm&r=g\",\"caption\":\"Vin\u00edcios Moraes\"},\"url\":\"https:\\\/\\\/itr.ufrrj.br\\\/portal\\\/author\\\/viniciosmoraes\\\/\"}]}<\/script>\n<!-- \/ Yoast SEO plugin. -->","yoast_head_json":{"title":"ITR promove palestras gratuitas sobre curr\u00edculo e entrevista de emprego no dia 24 de setembro - Campus Tr\u00eas Rios | UFRRJ","robots":{"index":"index","follow":"follow","max-snippet":"max-snippet:-1","max-image-preview":"max-image-preview:large","max-video-preview":"max-video-preview:-1"},"canonical":"https:\/\/itr.ufrrj.br\/portal\/itr-promove-palestras-gratuitas-sobre-curriculo-e-entrevista-de-emprego-no-dia-24-de-setembro\/","og_locale":"pt_BR","og_type":"article","og_title":"ITR promove palestras gratuitas sobre curr\u00edculo e entrevista de emprego no dia 24 de setembro - Campus Tr\u00eas Rios | UFRRJ","og_description":"O ITR realizar\u00e1, no dia 24 de setembro, duas palestras gratuitas voltadas ao desenvolvimento profissional e \u00e0 prepara\u00e7\u00e3o para processos seletivos, como parte da programa\u00e7\u00e3o da Jornada de Carreiras e [&hellip;]","og_url":"https:\/\/itr.ufrrj.br\/portal\/itr-promove-palestras-gratuitas-sobre-curriculo-e-entrevista-de-emprego-no-dia-24-de-setembro\/","og_site_name":"Campus Tr\u00eas Rios | UFRRJ","article_publisher":"https:\/\/www.facebook.com\/itr.ufrrj","article_published_time":"2026-08-31T11:51:05+00:00","article_modified_time":"2026-08-31T11:51:07+00:00","og_image":[{"width":1600,"height":1600,"url":"https:\/\/itr.ufrrj.br\/portal\/wp-content\/uploads\/2026\/08\/620a2fd8003d9553f02c58ff51a72753.jpeg","type":"image\/jpeg"}],"author":"Vin\u00edcios Moraes","twitter_card":"summary_large_image","twitter_misc":{"Escrito por":"Vin\u00edcios Moraes","Est. tempo de leitura":"3 minutos"},"schema":{"@context":"https:\/\/schema.org","@graph":[{"@type":"Article","@id":"https:\/\/itr.ufrrj.br\/portal\/itr-promove-palestras-gratuitas-sobre-curriculo-e-entrevista-de-emprego-no-dia-24-de-setembro\/#article","isPartOf":{"@id":"https:\/\/itr.ufrrj.br\/portal\/itr-promove-palestras-gratuitas-sobre-curriculo-e-entrevista-de-emprego-no-dia-24-de-setembro\/"},"author":{"name":"Vin\u00edcios Moraes","@id":"https:\/\/itr.ufrrj.br\/portal\/#\/schema\/person\/f6062d520ccd51ec5fc310d2083c7f15"},"headline":"ITR promove palestras gratuitas sobre curr\u00edculo e entrevista de emprego no dia 24 de setembro","datePublished":"2026-08-31T11:51:05+00:00","dateModified":"2026-08-31T11:51:07+00:00","mainEntityOfPage":{"@id":"https:\/\/itr.ufrrj.br\/portal\/itr-promove-palestras-gratuitas-sobre-curriculo-e-entrevista-de-emprego-no-dia-24-de-setembro\/"},"wordCount":341,"publisher":{"@id":"https:\/\/itr.ufrrj.br\/portal\/#organization"},"image":{"@id":"https:\/\/itr.ufrrj.br\/portal\/itr-promove-palestras-gratuitas-sobre-curriculo-e-entrevista-de-emprego-no-dia-24-de-setembro\/#primaryimage"},"thumbnailUrl":"https:\/\/itr.ufrrj.br\/portal\/wp-content\/uploads\/2026\/08\/620a2fd8003d9553f02c58ff51a72753.jpeg","articleSection":["Eventos no ITR","Not\u00edcias"],"inLanguage":"pt-BR"},{"@type":"WebPage","@id":"https:\/\/itr.ufrrj.br\/portal\/itr-promove-palestras-gratuitas-sobre-curriculo-e-entrevista-de-emprego-no-dia-24-de-setembro\/","url":"https:\/\/itr.ufrrj.br\/portal\/itr-promove-palestras-gratuitas-sobre-curriculo-e-entrevista-de-emprego-no-dia-24-de-setembro\/","name":"ITR promove palestras gratuitas sobre curr\u00edculo e entrevista de emprego no dia 24 de setembro - Campus Tr\u00eas Rios | UFRRJ","isPartOf":{"@id":"https:\/\/itr.ufrrj.br\/portal\/#website"},"primaryImageOfPage":{"@id":"https:\/\/itr.ufrrj.br\/portal\/itr-promove-palestras-gratuitas-sobre-curriculo-e-entrevista-de-emprego-no-dia-24-de-setembro\/#primaryimage"},"image":{"@id":"https:\/\/itr.ufrrj.br\/portal\/itr-promove-palestras-gratuitas-sobre-curriculo-e-entrevista-de-emprego-no-dia-24-de-setembro\/#primaryimage"},"thumbnailUrl":"https:\/\/itr.ufrrj.br\/portal\/wp-content\/uploads\/2026\/08\/620a2fd8003d9553f02c58ff51a72753.jpeg","datePublished":"2026-08-31T11:51:05+00:00","dateModified":"2026-08-31T11:51:07+00:00","breadcrumb":{"@id":"https:\/\/itr.ufrrj.br\/portal\/itr-promove-palestras-gratuitas-sobre-curriculo-e-entrevista-de-emprego-no-dia-24-de-setembro\/#breadcrumb"},"inLanguage":"pt-BR","potentialAction":[{"@type":"ReadAction","target":["https:\/\/itr.ufrrj.br\/portal\/itr-promove-palestras-gratuitas-sobre-curriculo-e-entrevista-de-emprego-no-dia-24-de-setembro\/"]}]},{"@type":"ImageObject","inLanguage":"pt-BR","@id":"https:\/\/itr.ufrrj.br\/portal\/itr-promove-palestras-gratuitas-sobre-curriculo-e-entrevista-de-emprego-no-dia-24-de-setembro\/#primaryimage","url":"https:\/\/itr.ufrrj.br\/portal\/wp-content\/uploads\/2026\/08\/620a2fd8003d9553f02c58ff51a72753.jpeg","contentUrl":"https:\/\/itr.ufrrj.br\/portal\/wp-content\/uploads\/2026\/08\/620a2fd8003d9553f02c58ff51a72753.jpeg","width":1600,"height":1600},{"@type":"BreadcrumbList","@id":"https:\/\/itr.ufrrj.br\/portal\/itr-promove-palestras-gratuitas-sobre-curriculo-e-entrevista-de-emprego-no-dia-24-de-setembro\/#breadcrumb","itemListElement":[{"@type":"ListItem","position":1,"name":"In\u00edcio","item":"https:\/\/itr.ufrrj.br\/portal\/"},{"@type":"ListItem","position":2,"name":"ITR promove palestras gratuitas sobre curr\u00edculo e entrevista de emprego no dia 24 de setembro"}]},{"@type":"WebSite","@id":"https:\/\/itr.ufrrj.br\/portal\/#website","url":"https:\/\/itr.ufrrj.br\/portal\/","name":"Campus Tr\u00eas Rios | UFRRJ","description":"Localizado na cidade de Tr\u00eas Rios - RJ","publisher":{"@id":"https:\/\/itr.ufrrj.br\/portal\/#organization"},"potentialAction":[{"@type":"SearchAction","target":{"@type":"EntryPoint","urlTemplate":"https:\/\/itr.ufrrj.br\/portal\/?s={search_term_string}"},"query-input":{"@type":"PropertyValueSpecification","valueRequired":true,"valueName":"search_term_string"}}],"inLanguage":"pt-BR"},{"@type":"Organization","@id":"https:\/\/itr.ufrrj.br\/portal\/#organization","name":"Instituto Tr\u00eas Rios\/UFRRJ","url":"https:\/\/itr.ufrrj.br\/portal\/","logo":{"@type":"ImageObject","inLanguage":"pt-BR","@id":"https:\/\/itr.ufrrj.br\/portal\/#\/schema\/logo\/image\/","url":"https:\/\/itr.ufrrj.br\/portal\/wp-content\/uploads\/2020\/04\/logo-institutotresrios-ufrrj.png","contentUrl":"https:\/\/itr.ufrrj.br\/portal\/wp-content\/uploads\/2020\/04\/logo-institutotresrios-ufrrj.png","width":1067,"height":240,"caption":"Instituto Tr\u00eas Rios\/UFRRJ"},"image":{"@id":"https:\/\/itr.ufrrj.br\/portal\/#\/schema\/logo\/image\/"},"sameAs":["https:\/\/www.facebook.com\/itr.ufrrj"]},{"@type":"Person","@id":"https:\/\/itr.ufrrj.br\/portal\/#\/schema\/person\/f6062d520ccd51ec5fc310d2083c7f15","name":"Vin\u00edcios Moraes","image":{"@type":"ImageObject","inLanguage":"pt-BR","@id":"https:\/\/secure.gravatar.com\/avatar\/776c52eade01cc8215bad3939b5441c24fc60e4e72e2b40f44c81adc2ce6fa9b?s=96&d=mm&r=g","url":"https:\/\/secure.gravatar.com\/avatar\/776c52eade01cc8215bad3939b5441c24fc60e4e72e2b40f44c81adc2ce6fa9b?s=96&d=mm&r=g","contentUrl":"https:\/\/secure.gravatar.com\/avatar\/776c52eade01cc8215bad3939b5441c24fc60e4e72e2b40f44c81adc2ce6fa9b?s=96&d=mm&r=g","caption":"Vin\u00edcios Moraes"},"url":"https:\/\/itr.ufrrj.br\/portal\/author\/viniciosmoraes\/"}]}},"jetpack_sharing_enabled":true,"amp_enabled":true,"jetpack_featured_media_url":"https:\/\/itr.ufrrj.br\/portal\/wp-content\/uploads\/2026\/08\/620a2fd8003d9553f02c58ff51a72753.jpeg","_links":{"self":[{"href":"https:\/\/itr.ufrrj.br\/portal\/wp-json\/wp\/v2\/posts\/55034","targetHints":{"allow":["GET"]}}],"collection":[{"href":"https:\/\/itr.ufrrj.br\/portal\/wp-json\/wp\/v2\/posts"}],"about":[{"href":"https:\/\/itr.ufrrj.br\/portal\/wp-json\/wp\/v2\/types\/post"}],"author":[{"embeddable":true,"href":"https:\/\/itr.ufrrj.br\/portal\/wp-json\/wp\/v2\/users\/13"}],"replies":[{"embeddable":true,"href":"https:\/\/itr.ufrrj.br\/portal\/wp-json\/wp\/v2\/comments?post=55034"}],"version-history":[{"count":1,"href":"https:\/\/itr.ufrrj.br\/portal\/wp-json\/wp\/v2\/posts\/55034\/revisions"}],"predecessor-version":[{"id":55037,"href":"https:\/\/itr.ufrrj.br\/portal\/wp-json\/wp\/v2\/posts\/55034\/revisions\/55037"}],"wp:featuredmedia":[{"embeddable":true,"href":"https:\/\/itr.ufrrj.br\/portal\/wp-json\/wp\/v2\/media\/55036"}],"wp:attachment":[{"href":"https:\/\/itr.ufrrj.br\/portal\/wp-json\/wp\/v2\/media?parent=55034"}],"wp:term":[{"taxonomy":"category","embeddable":true,"href":"https:\/\/itr.ufrrj.br\/portal\/wp-json\/wp\/v2\/categories?post=55034"},{"taxonomy":"post_tag","embeddable":true,"href":"https:\/\/itr.ufrrj.br\/portal\/wp-json\/wp\/v2\/tags?post=55034"}],"curies":[{"name":"wp","href":"https:\/\/api.w.org\/{rel}","templated":true}]}}