{"id":55030,"date":"2026-08-31T08:42:41","date_gmt":"2026-08-31T11:42:41","guid":{"rendered":"https:\/\/itr.ufrrj.br\/portal\/?p=55030"},"modified":"2026-08-31T08:47:47","modified_gmt":"2026-08-31T11:47:47","slug":"itr-impulsiona-carreiras-com-lancamento-da-jornada-de-carreiras-e-empreendedorismo-e-anuncia-nova-palestra-para-setembro","status":"publish","type":"post","link":"https:\/\/itr.ufrrj.br\/portal\/itr-impulsiona-carreiras-com-lancamento-da-jornada-de-carreiras-e-empreendedorismo-e-anuncia-nova-palestra-para-setembro\/","title":{"rendered":"ITR impulsiona carreiras com lan\u00e7amento da Jornada de Carreiras e Empreendedorismo e anuncia nova palestra para setembro"},"content":{"rendered":"\n<p class=\" eplus-wrapper\">O Instituto Tr\u00eas Rios (UFRRJ) deu in\u00edcio, no dia 13 de agosto, ao Projeto de Extens\u00e3o \u201cITR Jornada de Carreiras e Empreendedorismo\u201d, reunindo 200 participantes em um dia de atividades voltadas \u00e0 forma\u00e7\u00e3o profissional, empregabilidade e educa\u00e7\u00e3o empreendedora. <\/p>\n\n\n\n<p class=\" eplus-wrapper\">A programa\u00e7\u00e3o, com sete horas de dura\u00e7\u00e3o, integrou estudantes do ITR, alunos de outras institui\u00e7\u00f5es de ensino, profissionais liberais e representantes do Sebrae e do CIEE Rio. Entre os convidados, estiveram presentes tamb\u00e9m os representantes do Sebrae Alex Nogueira e Paloma Panoeiro, al\u00e9m da representante do CIEE Thais Albernoz, fortalecendo ainda mais o di\u00e1logo entre universidade e institui\u00e7\u00f5es parceiras.<\/p>\n\n\n\n<p class=\" eplus-wrapper\">Sob coordena\u00e7\u00e3o da Profa. Dra. Julianne Milward, idealizadora e respons\u00e1vel pela gest\u00e3o do Projeto, o lan\u00e7amento destacou a import\u00e2ncia de fortalecer a rela\u00e7\u00e3o entre a UFRRJ, mercado e institui\u00e7\u00f5es parceiras. A docente ressaltou que a Jornada representa um movimento cont\u00ednuo de apoio ao desenvolvimento profissional da comunidade acad\u00eamica e de seus egressos. <\/p>\n\n\n\n<p class=\" eplus-wrapper\">O evento tamb\u00e9m contou com o suporte essencial das equipes da Empresa J\u00fanior Vale Verde SSA e do Programa de Acompanhamento de Egressos do Curso de Gest\u00e3o Ambiental (PAE-GA\/UFRRJ), que atuaram na organiza\u00e7\u00e3o, log\u00edstica e apoio \u00e0s atividades.<\/p>\n\n\n\n<p class=\" eplus-wrapper\">O evento contou com mesas redondas, palestras tem\u00e1ticas e um estande gamificado do CIEE. A consultora do Sebrae, Eliane Mendes Scheidegger, ministrou a palestra \u201cMinha Carreira em Minhas M\u00e3os\u201d, abordando escolhas profissionais e caminhos poss\u00edveis entre ser empregado ou empregador.<\/p>\n\n\n\n<p class=\" eplus-wrapper\">A Jornada segue at\u00e9 novembro, consolidando o ITR como espa\u00e7o de di\u00e1logo, forma\u00e7\u00e3o e constru\u00e7\u00e3o de trajet\u00f3rias profissionais alinhadas \u00e0s demandas contempor\u00e2neas.<\/p>\n\n\n<div class=\"wp-block-image \">\n<figure class=\"aligncenter eplus-wrapper\"><img loading=\"lazy\" decoding=\"async\" width=\"1600\" height=\"900\" src=\"https:\/\/itr.ufrrj.br\/portal\/wp-content\/uploads\/2026\/08\/arte-imagens-do-evento-ITR-Jornada-de-Carreiras-e-Empreendedorismo-19-ago-2026.jpeg\" alt=\"\" class=\"wp-image-55031\" srcset=\"https:\/\/itr.ufrrj.br\/portal\/wp-content\/uploads\/2026\/08\/arte-imagens-do-evento-ITR-Jornada-de-Carreiras-e-Empreendedorismo-19-ago-2026.jpeg 1600w, https:\/\/itr.ufrrj.br\/portal\/wp-content\/uploads\/2026\/08\/arte-imagens-do-evento-ITR-Jornada-de-Carreiras-e-Empreendedorismo-19-ago-2026-300x169.jpeg 300w, https:\/\/itr.ufrrj.br\/portal\/wp-content\/uploads\/2026\/08\/arte-imagens-do-evento-ITR-Jornada-de-Carreiras-e-Empreendedorismo-19-ago-2026-1024x576.jpeg 1024w, https:\/\/itr.ufrrj.br\/portal\/wp-content\/uploads\/2026\/08\/arte-imagens-do-evento-ITR-Jornada-de-Carreiras-e-Empreendedorismo-19-ago-2026-768x432.jpeg 768w, https:\/\/itr.ufrrj.br\/portal\/wp-content\/uploads\/2026\/08\/arte-imagens-do-evento-ITR-Jornada-de-Carreiras-e-Empreendedorismo-19-ago-2026-1536x864.jpeg 1536w, https:\/\/itr.ufrrj.br\/portal\/wp-content\/uploads\/2026\/08\/arte-imagens-do-evento-ITR-Jornada-de-Carreiras-e-Empreendedorismo-19-ago-2026-150x84.jpeg 150w\" sizes=\"auto, (max-width: 1600px) 100vw, 1600px\" \/><\/figure>\n<\/div>","protected":false},"excerpt":{"rendered":"<p>O Instituto Tr\u00eas Rios (UFRRJ) deu in\u00edcio, no dia 13 de agosto, ao Projeto de Extens\u00e3o \u201cITR Jornada de Carreiras e Empreendedorismo\u201d, reunindo 200 participantes em um dia de atividades [&hellip;]<\/p>\n","protected":false},"author":13,"featured_media":55031,"comment_status":"closed","ping_status":"closed","sticky":false,"template":"","format":"standard","meta":{"_acf_changed":false,"editor_plus_copied_stylings":"{}","_jetpack_newsletter_access":"","_jetpack_dont_email_post_to_subs":false,"_jetpack_newsletter_tier_id":0,"_jetpack_memberships_contains_paywalled_content":false,"_jetpack_feature_clip_id":0,"_jetpack_memberships_contains_paid_content":false,"footnotes":"","jetpack_post_was_ever_published":false},"categories":[4],"tags":[],"class_list":["post-55030","post","type-post","status-publish","format-standard","has-post-thumbnail","hentry","category-blog_noticias"],"acf":[],"yoast_head":"<!-- This site is optimized with the Yoast SEO plugin v28.3 - https:\/\/yoast.com\/product\/yoast-seo-wordpress\/ -->\n<title>ITR impulsiona carreiras com lan\u00e7amento da Jornada de Carreiras e Empreendedorismo e anuncia nova palestra para setembro - Campus Tr\u00eas Rios | UFRRJ<\/title>\n<meta name=\"robots\" content=\"index, follow, max-snippet:-1, max-image-preview:large, max-video-preview:-1\" \/>\n<link rel=\"canonical\" href=\"https:\/\/itr.ufrrj.br\/portal\/itr-impulsiona-carreiras-com-lancamento-da-jornada-de-carreiras-e-empreendedorismo-e-anuncia-nova-palestra-para-setembro\/\" \/>\n<meta property=\"og:locale\" content=\"pt_BR\" \/>\n<meta property=\"og:type\" content=\"article\" \/>\n<meta property=\"og:title\" content=\"ITR impulsiona carreiras com lan\u00e7amento da Jornada de Carreiras e Empreendedorismo e anuncia nova palestra para setembro - Campus Tr\u00eas Rios | UFRRJ\" \/>\n<meta property=\"og:description\" content=\"O Instituto Tr\u00eas Rios (UFRRJ) deu in\u00edcio, no dia 13 de agosto, ao Projeto de Extens\u00e3o \u201cITR Jornada de Carreiras e Empreendedorismo\u201d, reunindo 200 participantes em um dia de atividades [&hellip;]\" \/>\n<meta property=\"og:url\" content=\"https:\/\/itr.ufrrj.br\/portal\/itr-impulsiona-carreiras-com-lancamento-da-jornada-de-carreiras-e-empreendedorismo-e-anuncia-nova-palestra-para-setembro\/\" \/>\n<meta property=\"og:site_name\" content=\"Campus Tr\u00eas Rios | UFRRJ\" \/>\n<meta property=\"article:publisher\" content=\"https:\/\/www.facebook.com\/itr.ufrrj\" \/>\n<meta property=\"article:published_time\" content=\"2026-08-31T11:42:41+00:00\" \/>\n<meta property=\"article:modified_time\" content=\"2026-08-31T11:47:47+00:00\" \/>\n<meta property=\"og:image\" content=\"https:\/\/itr.ufrrj.br\/portal\/wp-content\/uploads\/2026\/08\/arte-imagens-do-evento-ITR-Jornada-de-Carreiras-e-Empreendedorismo-19-ago-2026.jpeg\" \/>\n\t<meta property=\"og:image:width\" content=\"1600\" \/>\n\t<meta property=\"og:image:height\" content=\"900\" \/>\n\t<meta property=\"og:image:type\" content=\"image\/jpeg\" \/>\n<meta name=\"author\" content=\"Vin\u00edcios Moraes\" \/>\n<meta name=\"twitter:card\" content=\"summary_large_image\" \/>\n<meta name=\"twitter:label1\" content=\"Escrito por\" \/>\n\t<meta name=\"twitter:data1\" content=\"Vin\u00edcios Moraes\" \/>\n\t<meta name=\"twitter:label2\" content=\"Est. tempo de leitura\" \/>\n\t<meta name=\"twitter:data2\" content=\"2 minutos\" \/>\n<script type=\"application\/ld+json\" class=\"yoast-schema-graph\">{\"@context\":\"https:\\\/\\\/schema.org\",\"@graph\":[{\"@type\":\"Article\",\"@id\":\"https:\\\/\\\/itr.ufrrj.br\\\/portal\\\/itr-impulsiona-carreiras-com-lancamento-da-jornada-de-carreiras-e-empreendedorismo-e-anuncia-nova-palestra-para-setembro\\\/#article\",\"isPartOf\":{\"@id\":\"https:\\\/\\\/itr.ufrrj.br\\\/portal\\\/itr-impulsiona-carreiras-com-lancamento-da-jornada-de-carreiras-e-empreendedorismo-e-anuncia-nova-palestra-para-setembro\\\/\"},\"author\":{\"name\":\"Vin\u00edcios Moraes\",\"@id\":\"https:\\\/\\\/itr.ufrrj.br\\\/portal\\\/#\\\/schema\\\/person\\\/f6062d520ccd51ec5fc310d2083c7f15\"},\"headline\":\"ITR impulsiona carreiras com lan\u00e7amento da Jornada de Carreiras e Empreendedorismo e anuncia nova palestra para setembro\",\"datePublished\":\"2026-08-31T11:42:41+00:00\",\"dateModified\":\"2026-08-31T11:47:47+00:00\",\"mainEntityOfPage\":{\"@id\":\"https:\\\/\\\/itr.ufrrj.br\\\/portal\\\/itr-impulsiona-carreiras-com-lancamento-da-jornada-de-carreiras-e-empreendedorismo-e-anuncia-nova-palestra-para-setembro\\\/\"},\"wordCount\":300,\"publisher\":{\"@id\":\"https:\\\/\\\/itr.ufrrj.br\\\/portal\\\/#organization\"},\"image\":{\"@id\":\"https:\\\/\\\/itr.ufrrj.br\\\/portal\\\/itr-impulsiona-carreiras-com-lancamento-da-jornada-de-carreiras-e-empreendedorismo-e-anuncia-nova-palestra-para-setembro\\\/#primaryimage\"},\"thumbnailUrl\":\"https:\\\/\\\/itr.ufrrj.br\\\/portal\\\/wp-content\\\/uploads\\\/2026\\\/08\\\/arte-imagens-do-evento-ITR-Jornada-de-Carreiras-e-Empreendedorismo-19-ago-2026.jpeg\",\"articleSection\":[\"Not\u00edcias\"],\"inLanguage\":\"pt-BR\"},{\"@type\":\"WebPage\",\"@id\":\"https:\\\/\\\/itr.ufrrj.br\\\/portal\\\/itr-impulsiona-carreiras-com-lancamento-da-jornada-de-carreiras-e-empreendedorismo-e-anuncia-nova-palestra-para-setembro\\\/\",\"url\":\"https:\\\/\\\/itr.ufrrj.br\\\/portal\\\/itr-impulsiona-carreiras-com-lancamento-da-jornada-de-carreiras-e-empreendedorismo-e-anuncia-nova-palestra-para-setembro\\\/\",\"name\":\"ITR impulsiona carreiras com lan\u00e7amento da Jornada de Carreiras e Empreendedorismo e anuncia nova palestra para setembro - Campus Tr\u00eas Rios | UFRRJ\",\"isPartOf\":{\"@id\":\"https:\\\/\\\/itr.ufrrj.br\\\/portal\\\/#website\"},\"primaryImageOfPage\":{\"@id\":\"https:\\\/\\\/itr.ufrrj.br\\\/portal\\\/itr-impulsiona-carreiras-com-lancamento-da-jornada-de-carreiras-e-empreendedorismo-e-anuncia-nova-palestra-para-setembro\\\/#primaryimage\"},\"image\":{\"@id\":\"https:\\\/\\\/itr.ufrrj.br\\\/portal\\\/itr-impulsiona-carreiras-com-lancamento-da-jornada-de-carreiras-e-empreendedorismo-e-anuncia-nova-palestra-para-setembro\\\/#primaryimage\"},\"thumbnailUrl\":\"https:\\\/\\\/itr.ufrrj.br\\\/portal\\\/wp-content\\\/uploads\\\/2026\\\/08\\\/arte-imagens-do-evento-ITR-Jornada-de-Carreiras-e-Empreendedorismo-19-ago-2026.jpeg\",\"datePublished\":\"2026-08-31T11:42:41+00:00\",\"dateModified\":\"2026-08-31T11:47:47+00:00\",\"breadcrumb\":{\"@id\":\"https:\\\/\\\/itr.ufrrj.br\\\/portal\\\/itr-impulsiona-carreiras-com-lancamento-da-jornada-de-carreiras-e-empreendedorismo-e-anuncia-nova-palestra-para-setembro\\\/#breadcrumb\"},\"inLanguage\":\"pt-BR\",\"potentialAction\":[{\"@type\":\"ReadAction\",\"target\":[\"https:\\\/\\\/itr.ufrrj.br\\\/portal\\\/itr-impulsiona-carreiras-com-lancamento-da-jornada-de-carreiras-e-empreendedorismo-e-anuncia-nova-palestra-para-setembro\\\/\"]}]},{\"@type\":\"ImageObject\",\"inLanguage\":\"pt-BR\",\"@id\":\"https:\\\/\\\/itr.ufrrj.br\\\/portal\\\/itr-impulsiona-carreiras-com-lancamento-da-jornada-de-carreiras-e-empreendedorismo-e-anuncia-nova-palestra-para-setembro\\\/#primaryimage\",\"url\":\"https:\\\/\\\/itr.ufrrj.br\\\/portal\\\/wp-content\\\/uploads\\\/2026\\\/08\\\/arte-imagens-do-evento-ITR-Jornada-de-Carreiras-e-Empreendedorismo-19-ago-2026.jpeg\",\"contentUrl\":\"https:\\\/\\\/itr.ufrrj.br\\\/portal\\\/wp-content\\\/uploads\\\/2026\\\/08\\\/arte-imagens-do-evento-ITR-Jornada-de-Carreiras-e-Empreendedorismo-19-ago-2026.jpeg\",\"width\":1600,\"height\":900},{\"@type\":\"BreadcrumbList\",\"@id\":\"https:\\\/\\\/itr.ufrrj.br\\\/portal\\\/itr-impulsiona-carreiras-com-lancamento-da-jornada-de-carreiras-e-empreendedorismo-e-anuncia-nova-palestra-para-setembro\\\/#breadcrumb\",\"itemListElement\":[{\"@type\":\"ListItem\",\"position\":1,\"name\":\"In\u00edcio\",\"item\":\"https:\\\/\\\/itr.ufrrj.br\\\/portal\\\/\"},{\"@type\":\"ListItem\",\"position\":2,\"name\":\"ITR impulsiona carreiras com lan\u00e7amento da Jornada de Carreiras e Empreendedorismo e anuncia nova palestra para setembro\"}]},{\"@type\":\"WebSite\",\"@id\":\"https:\\\/\\\/itr.ufrrj.br\\\/portal\\\/#website\",\"url\":\"https:\\\/\\\/itr.ufrrj.br\\\/portal\\\/\",\"name\":\"Campus Tr\u00eas Rios | UFRRJ\",\"description\":\"Localizado na cidade de Tr\u00eas Rios - RJ\",\"publisher\":{\"@id\":\"https:\\\/\\\/itr.ufrrj.br\\\/portal\\\/#organization\"},\"potentialAction\":[{\"@type\":\"SearchAction\",\"target\":{\"@type\":\"EntryPoint\",\"urlTemplate\":\"https:\\\/\\\/itr.ufrrj.br\\\/portal\\\/?s={search_term_string}\"},\"query-input\":{\"@type\":\"PropertyValueSpecification\",\"valueRequired\":true,\"valueName\":\"search_term_string\"}}],\"inLanguage\":\"pt-BR\"},{\"@type\":\"Organization\",\"@id\":\"https:\\\/\\\/itr.ufrrj.br\\\/portal\\\/#organization\",\"name\":\"Instituto Tr\u00eas Rios\\\/UFRRJ\",\"url\":\"https:\\\/\\\/itr.ufrrj.br\\\/portal\\\/\",\"logo\":{\"@type\":\"ImageObject\",\"inLanguage\":\"pt-BR\",\"@id\":\"https:\\\/\\\/itr.ufrrj.br\\\/portal\\\/#\\\/schema\\\/logo\\\/image\\\/\",\"url\":\"https:\\\/\\\/itr.ufrrj.br\\\/portal\\\/wp-content\\\/uploads\\\/2020\\\/04\\\/logo-institutotresrios-ufrrj.png\",\"contentUrl\":\"https:\\\/\\\/itr.ufrrj.br\\\/portal\\\/wp-content\\\/uploads\\\/2020\\\/04\\\/logo-institutotresrios-ufrrj.png\",\"width\":1067,\"height\":240,\"caption\":\"Instituto Tr\u00eas Rios\\\/UFRRJ\"},\"image\":{\"@id\":\"https:\\\/\\\/itr.ufrrj.br\\\/portal\\\/#\\\/schema\\\/logo\\\/image\\\/\"},\"sameAs\":[\"https:\\\/\\\/www.facebook.com\\\/itr.ufrrj\"]},{\"@type\":\"Person\",\"@id\":\"https:\\\/\\\/itr.ufrrj.br\\\/portal\\\/#\\\/schema\\\/person\\\/f6062d520ccd51ec5fc310d2083c7f15\",\"name\":\"Vin\u00edcios Moraes\",\"image\":{\"@type\":\"ImageObject\",\"inLanguage\":\"pt-BR\",\"@id\":\"https:\\\/\\\/secure.gravatar.com\\\/avatar\\\/776c52eade01cc8215bad3939b5441c24fc60e4e72e2b40f44c81adc2ce6fa9b?s=96&d=mm&r=g\",\"url\":\"https:\\\/\\\/secure.gravatar.com\\\/avatar\\\/776c52eade01cc8215bad3939b5441c24fc60e4e72e2b40f44c81adc2ce6fa9b?s=96&d=mm&r=g\",\"contentUrl\":\"https:\\\/\\\/secure.gravatar.com\\\/avatar\\\/776c52eade01cc8215bad3939b5441c24fc60e4e72e2b40f44c81adc2ce6fa9b?s=96&d=mm&r=g\",\"caption\":\"Vin\u00edcios Moraes\"},\"url\":\"https:\\\/\\\/itr.ufrrj.br\\\/portal\\\/author\\\/viniciosmoraes\\\/\"}]}<\/script>\n<!-- \/ Yoast SEO plugin. -->","yoast_head_json":{"title":"ITR impulsiona carreiras com lan\u00e7amento da Jornada de Carreiras e Empreendedorismo e anuncia nova palestra para setembro - Campus Tr\u00eas Rios | UFRRJ","robots":{"index":"index","follow":"follow","max-snippet":"max-snippet:-1","max-image-preview":"max-image-preview:large","max-video-preview":"max-video-preview:-1"},"canonical":"https:\/\/itr.ufrrj.br\/portal\/itr-impulsiona-carreiras-com-lancamento-da-jornada-de-carreiras-e-empreendedorismo-e-anuncia-nova-palestra-para-setembro\/","og_locale":"pt_BR","og_type":"article","og_title":"ITR impulsiona carreiras com lan\u00e7amento da Jornada de Carreiras e Empreendedorismo e anuncia nova palestra para setembro - Campus Tr\u00eas Rios | UFRRJ","og_description":"O Instituto Tr\u00eas Rios (UFRRJ) deu in\u00edcio, no dia 13 de agosto, ao Projeto de Extens\u00e3o \u201cITR Jornada de Carreiras e Empreendedorismo\u201d, reunindo 200 participantes em um dia de atividades [&hellip;]","og_url":"https:\/\/itr.ufrrj.br\/portal\/itr-impulsiona-carreiras-com-lancamento-da-jornada-de-carreiras-e-empreendedorismo-e-anuncia-nova-palestra-para-setembro\/","og_site_name":"Campus Tr\u00eas Rios | UFRRJ","article_publisher":"https:\/\/www.facebook.com\/itr.ufrrj","article_published_time":"2026-08-31T11:42:41+00:00","article_modified_time":"2026-08-31T11:47:47+00:00","og_image":[{"width":1600,"height":900,"url":"https:\/\/itr.ufrrj.br\/portal\/wp-content\/uploads\/2026\/08\/arte-imagens-do-evento-ITR-Jornada-de-Carreiras-e-Empreendedorismo-19-ago-2026.jpeg","type":"image\/jpeg"}],"author":"Vin\u00edcios Moraes","twitter_card":"summary_large_image","twitter_misc":{"Escrito por":"Vin\u00edcios Moraes","Est. tempo de leitura":"2 minutos"},"schema":{"@context":"https:\/\/schema.org","@graph":[{"@type":"Article","@id":"https:\/\/itr.ufrrj.br\/portal\/itr-impulsiona-carreiras-com-lancamento-da-jornada-de-carreiras-e-empreendedorismo-e-anuncia-nova-palestra-para-setembro\/#article","isPartOf":{"@id":"https:\/\/itr.ufrrj.br\/portal\/itr-impulsiona-carreiras-com-lancamento-da-jornada-de-carreiras-e-empreendedorismo-e-anuncia-nova-palestra-para-setembro\/"},"author":{"name":"Vin\u00edcios Moraes","@id":"https:\/\/itr.ufrrj.br\/portal\/#\/schema\/person\/f6062d520ccd51ec5fc310d2083c7f15"},"headline":"ITR impulsiona carreiras com lan\u00e7amento da Jornada de Carreiras e Empreendedorismo e anuncia nova palestra para setembro","datePublished":"2026-08-31T11:42:41+00:00","dateModified":"2026-08-31T11:47:47+00:00","mainEntityOfPage":{"@id":"https:\/\/itr.ufrrj.br\/portal\/itr-impulsiona-carreiras-com-lancamento-da-jornada-de-carreiras-e-empreendedorismo-e-anuncia-nova-palestra-para-setembro\/"},"wordCount":300,"publisher":{"@id":"https:\/\/itr.ufrrj.br\/portal\/#organization"},"image":{"@id":"https:\/\/itr.ufrrj.br\/portal\/itr-impulsiona-carreiras-com-lancamento-da-jornada-de-carreiras-e-empreendedorismo-e-anuncia-nova-palestra-para-setembro\/#primaryimage"},"thumbnailUrl":"https:\/\/itr.ufrrj.br\/portal\/wp-content\/uploads\/2026\/08\/arte-imagens-do-evento-ITR-Jornada-de-Carreiras-e-Empreendedorismo-19-ago-2026.jpeg","articleSection":["Not\u00edcias"],"inLanguage":"pt-BR"},{"@type":"WebPage","@id":"https:\/\/itr.ufrrj.br\/portal\/itr-impulsiona-carreiras-com-lancamento-da-jornada-de-carreiras-e-empreendedorismo-e-anuncia-nova-palestra-para-setembro\/","url":"https:\/\/itr.ufrrj.br\/portal\/itr-impulsiona-carreiras-com-lancamento-da-jornada-de-carreiras-e-empreendedorismo-e-anuncia-nova-palestra-para-setembro\/","name":"ITR impulsiona carreiras com lan\u00e7amento da Jornada de Carreiras e Empreendedorismo e anuncia nova palestra para setembro - Campus Tr\u00eas Rios | UFRRJ","isPartOf":{"@id":"https:\/\/itr.ufrrj.br\/portal\/#website"},"primaryImageOfPage":{"@id":"https:\/\/itr.ufrrj.br\/portal\/itr-impulsiona-carreiras-com-lancamento-da-jornada-de-carreiras-e-empreendedorismo-e-anuncia-nova-palestra-para-setembro\/#primaryimage"},"image":{"@id":"https:\/\/itr.ufrrj.br\/portal\/itr-impulsiona-carreiras-com-lancamento-da-jornada-de-carreiras-e-empreendedorismo-e-anuncia-nova-palestra-para-setembro\/#primaryimage"},"thumbnailUrl":"https:\/\/itr.ufrrj.br\/portal\/wp-content\/uploads\/2026\/08\/arte-imagens-do-evento-ITR-Jornada-de-Carreiras-e-Empreendedorismo-19-ago-2026.jpeg","datePublished":"2026-08-31T11:42:41+00:00","dateModified":"2026-08-31T11:47:47+00:00","breadcrumb":{"@id":"https:\/\/itr.ufrrj.br\/portal\/itr-impulsiona-carreiras-com-lancamento-da-jornada-de-carreiras-e-empreendedorismo-e-anuncia-nova-palestra-para-setembro\/#breadcrumb"},"inLanguage":"pt-BR","potentialAction":[{"@type":"ReadAction","target":["https:\/\/itr.ufrrj.br\/portal\/itr-impulsiona-carreiras-com-lancamento-da-jornada-de-carreiras-e-empreendedorismo-e-anuncia-nova-palestra-para-setembro\/"]}]},{"@type":"ImageObject","inLanguage":"pt-BR","@id":"https:\/\/itr.ufrrj.br\/portal\/itr-impulsiona-carreiras-com-lancamento-da-jornada-de-carreiras-e-empreendedorismo-e-anuncia-nova-palestra-para-setembro\/#primaryimage","url":"https:\/\/itr.ufrrj.br\/portal\/wp-content\/uploads\/2026\/08\/arte-imagens-do-evento-ITR-Jornada-de-Carreiras-e-Empreendedorismo-19-ago-2026.jpeg","contentUrl":"https:\/\/itr.ufrrj.br\/portal\/wp-content\/uploads\/2026\/08\/arte-imagens-do-evento-ITR-Jornada-de-Carreiras-e-Empreendedorismo-19-ago-2026.jpeg","width":1600,"height":900},{"@type":"BreadcrumbList","@id":"https:\/\/itr.ufrrj.br\/portal\/itr-impulsiona-carreiras-com-lancamento-da-jornada-de-carreiras-e-empreendedorismo-e-anuncia-nova-palestra-para-setembro\/#breadcrumb","itemListElement":[{"@type":"ListItem","position":1,"name":"In\u00edcio","item":"https:\/\/itr.ufrrj.br\/portal\/"},{"@type":"ListItem","position":2,"name":"ITR impulsiona carreiras com lan\u00e7amento da Jornada de Carreiras e Empreendedorismo e anuncia nova palestra para setembro"}]},{"@type":"WebSite","@id":"https:\/\/itr.ufrrj.br\/portal\/#website","url":"https:\/\/itr.ufrrj.br\/portal\/","name":"Campus Tr\u00eas Rios | UFRRJ","description":"Localizado na cidade de Tr\u00eas Rios - RJ","publisher":{"@id":"https:\/\/itr.ufrrj.br\/portal\/#organization"},"potentialAction":[{"@type":"SearchAction","target":{"@type":"EntryPoint","urlTemplate":"https:\/\/itr.ufrrj.br\/portal\/?s={search_term_string}"},"query-input":{"@type":"PropertyValueSpecification","valueRequired":true,"valueName":"search_term_string"}}],"inLanguage":"pt-BR"},{"@type":"Organization","@id":"https:\/\/itr.ufrrj.br\/portal\/#organization","name":"Instituto Tr\u00eas Rios\/UFRRJ","url":"https:\/\/itr.ufrrj.br\/portal\/","logo":{"@type":"ImageObject","inLanguage":"pt-BR","@id":"https:\/\/itr.ufrrj.br\/portal\/#\/schema\/logo\/image\/","url":"https:\/\/itr.ufrrj.br\/portal\/wp-content\/uploads\/2020\/04\/logo-institutotresrios-ufrrj.png","contentUrl":"https:\/\/itr.ufrrj.br\/portal\/wp-content\/uploads\/2020\/04\/logo-institutotresrios-ufrrj.png","width":1067,"height":240,"caption":"Instituto Tr\u00eas Rios\/UFRRJ"},"image":{"@id":"https:\/\/itr.ufrrj.br\/portal\/#\/schema\/logo\/image\/"},"sameAs":["https:\/\/www.facebook.com\/itr.ufrrj"]},{"@type":"Person","@id":"https:\/\/itr.ufrrj.br\/portal\/#\/schema\/person\/f6062d520ccd51ec5fc310d2083c7f15","name":"Vin\u00edcios Moraes","image":{"@type":"ImageObject","inLanguage":"pt-BR","@id":"https:\/\/secure.gravatar.com\/avatar\/776c52eade01cc8215bad3939b5441c24fc60e4e72e2b40f44c81adc2ce6fa9b?s=96&d=mm&r=g","url":"https:\/\/secure.gravatar.com\/avatar\/776c52eade01cc8215bad3939b5441c24fc60e4e72e2b40f44c81adc2ce6fa9b?s=96&d=mm&r=g","contentUrl":"https:\/\/secure.gravatar.com\/avatar\/776c52eade01cc8215bad3939b5441c24fc60e4e72e2b40f44c81adc2ce6fa9b?s=96&d=mm&r=g","caption":"Vin\u00edcios Moraes"},"url":"https:\/\/itr.ufrrj.br\/portal\/author\/viniciosmoraes\/"}]}},"jetpack_sharing_enabled":true,"amp_enabled":true,"jetpack_featured_media_url":"https:\/\/itr.ufrrj.br\/portal\/wp-content\/uploads\/2026\/08\/arte-imagens-do-evento-ITR-Jornada-de-Carreiras-e-Empreendedorismo-19-ago-2026.jpeg","_links":{"self":[{"href":"https:\/\/itr.ufrrj.br\/portal\/wp-json\/wp\/v2\/posts\/55030","targetHints":{"allow":["GET"]}}],"collection":[{"href":"https:\/\/itr.ufrrj.br\/portal\/wp-json\/wp\/v2\/posts"}],"about":[{"href":"https:\/\/itr.ufrrj.br\/portal\/wp-json\/wp\/v2\/types\/post"}],"author":[{"embeddable":true,"href":"https:\/\/itr.ufrrj.br\/portal\/wp-json\/wp\/v2\/users\/13"}],"replies":[{"embeddable":true,"href":"https:\/\/itr.ufrrj.br\/portal\/wp-json\/wp\/v2\/comments?post=55030"}],"version-history":[{"count":2,"href":"https:\/\/itr.ufrrj.br\/portal\/wp-json\/wp\/v2\/posts\/55030\/revisions"}],"predecessor-version":[{"id":55033,"href":"https:\/\/itr.ufrrj.br\/portal\/wp-json\/wp\/v2\/posts\/55030\/revisions\/55033"}],"wp:featuredmedia":[{"embeddable":true,"href":"https:\/\/itr.ufrrj.br\/portal\/wp-json\/wp\/v2\/media\/55031"}],"wp:attachment":[{"href":"https:\/\/itr.ufrrj.br\/portal\/wp-json\/wp\/v2\/media?parent=55030"}],"wp:term":[{"taxonomy":"category","embeddable":true,"href":"https:\/\/itr.ufrrj.br\/portal\/wp-json\/wp\/v2\/categories?post=55030"},{"taxonomy":"post_tag","embeddable":true,"href":"https:\/\/itr.ufrrj.br\/portal\/wp-json\/wp\/v2\/tags?post=55030"}],"curies":[{"name":"wp","href":"https:\/\/api.w.org\/{rel}","templated":true}]}}