{"id":54770,"date":"2026-05-01T11:55:17","date_gmt":"2026-05-01T14:55:17","guid":{"rendered":"https:\/\/itr.ufrrj.br\/portal\/?p=54770"},"modified":"2026-05-01T11:55:20","modified_gmt":"2026-05-01T14:55:20","slug":"acao-de-extensao-recebe-teatro-no-itr","status":"publish","type":"post","link":"https:\/\/itr.ufrrj.br\/portal\/acao-de-extensao-recebe-teatro-no-itr\/","title":{"rendered":"\u201cA\u00e7\u00e3o de Extens\u00e3o\u201d recebe Teatro no ITR"},"content":{"rendered":"\n<p class=\" eplus-wrapper\">No dia 29 de abril de 2026, a disciplina \u201c A\u00e7\u00e3o de Extens\u00e3o\u201d, ministrada pela profa. Camila Daniel, com apoio da servidora Camila Righi, recebeu a pe\u00e7a teatral \u201cQue minha Apoti me acompanhe\u201d. A obra levou para cena a hist\u00f3ria de Abu, uma crian\u00e7a imigrante que, atrav\u00e9s da imagina\u00e7\u00e3o, transforma sua mala em sua cachorrinha de estima\u00e7\u00e3o. A pe\u00e7a conta com a brilhante atua\u00e7\u00e3o de Jo\u00e3o Costa, dire\u00e7\u00e3o de Larissa Pereira e produ\u00e7\u00e3o de Patrick Pereira. Desde 2025, a equipe ensaia nas instala\u00e7\u00f5es do ITR, como parte do projeto MARLi, coordenado pela profa. Camila Daniel, com apoio da dire\u00e7\u00e3o de campus.<\/p>\n\n\n\n<p class=\" eplus-wrapper\">Ap\u00f3s a apresenta\u00e7\u00e3o, a equipe da pe\u00e7a realizou uma roda de conversa com os e as alunas da disciplina, graduandos em Administra\u00e7\u00e3o, que tiraram suas d\u00favidas sobre o processo de cria\u00e7\u00e3o, produ\u00e7\u00e3o e organiza\u00e7\u00e3o da obra. Al\u00e9m dos alunos do ITR, a apresenta\u00e7\u00e3o recebeu ainda como p\u00fablico os e as alunos de teatro do Ponto de Cultura.<\/p>\n\n\n\n<p class=\" eplus-wrapper\">A encena\u00e7\u00e3o de \u201cQue minha Apoti me acompanhe\u201d marca a articula\u00e7\u00e3o entre a universidade e os fazedores de cultura do centro-sul Fluminense atrav\u00e9s da extens\u00e3o. Al\u00e9m disso, compreende a cultura como campo de produ\u00e7\u00e3o de conhecimentos atrav\u00e9s do sens\u00edvel, bem como arte, profiss\u00e3o e atividade econ\u00f4mica que pode fortalecer a identidade local.<\/p>\n\n\n\n<figure class=\" wp-block-image eplus-wrapper\"><img loading=\"lazy\" decoding=\"async\" width=\"1920\" height=\"2560\" src=\"https:\/\/itr.ufrrj.br\/portal\/wp-content\/uploads\/2026\/05\/IMG_2514-scaled.jpeg\" alt=\"\" class=\"wp-image-54771\" srcset=\"https:\/\/itr.ufrrj.br\/portal\/wp-content\/uploads\/2026\/05\/IMG_2514-scaled.jpeg 1920w, https:\/\/itr.ufrrj.br\/portal\/wp-content\/uploads\/2026\/05\/IMG_2514-225x300.jpeg 225w, https:\/\/itr.ufrrj.br\/portal\/wp-content\/uploads\/2026\/05\/IMG_2514-768x1024.jpeg 768w, https:\/\/itr.ufrrj.br\/portal\/wp-content\/uploads\/2026\/05\/IMG_2514-1152x1536.jpeg 1152w, https:\/\/itr.ufrrj.br\/portal\/wp-content\/uploads\/2026\/05\/IMG_2514-1536x2048.jpeg 1536w, https:\/\/itr.ufrrj.br\/portal\/wp-content\/uploads\/2026\/05\/IMG_2514-640x853.jpeg 640w, https:\/\/itr.ufrrj.br\/portal\/wp-content\/uploads\/2026\/05\/IMG_2514-150x200.jpeg 150w\" sizes=\"auto, (max-width: 1920px) 100vw, 1920px\" \/><\/figure>\n","protected":false},"excerpt":{"rendered":"<p>No dia 29 de abril de 2026, a disciplina \u201c A\u00e7\u00e3o de Extens\u00e3o\u201d, ministrada pela profa. Camila Daniel, com apoio da servidora Camila Righi, recebeu a pe\u00e7a teatral \u201cQue minha [&hellip;]<\/p>\n","protected":false},"author":13,"featured_media":54771,"comment_status":"closed","ping_status":"closed","sticky":false,"template":"","format":"standard","meta":{"_acf_changed":false,"editor_plus_copied_stylings":"{}","_jetpack_memberships_contains_paid_content":false,"footnotes":""},"categories":[4],"tags":[],"class_list":["post-54770","post","type-post","status-publish","format-standard","has-post-thumbnail","hentry","category-blog_noticias"],"acf":[],"yoast_head":"<!-- This site is optimized with the Yoast SEO plugin v27.5 - https:\/\/yoast.com\/product\/yoast-seo-wordpress\/ -->\n<title>\u201cA\u00e7\u00e3o de Extens\u00e3o\u201d recebe Teatro no ITR - Campus Tr\u00eas Rios | UFRRJ<\/title>\n<meta name=\"robots\" content=\"index, follow, max-snippet:-1, max-image-preview:large, max-video-preview:-1\" \/>\n<link rel=\"canonical\" href=\"https:\/\/itr.ufrrj.br\/portal\/acao-de-extensao-recebe-teatro-no-itr\/\" \/>\n<meta property=\"og:locale\" content=\"pt_BR\" \/>\n<meta property=\"og:type\" content=\"article\" \/>\n<meta property=\"og:title\" content=\"\u201cA\u00e7\u00e3o de Extens\u00e3o\u201d recebe Teatro no ITR - Campus Tr\u00eas Rios | UFRRJ\" \/>\n<meta property=\"og:description\" content=\"No dia 29 de abril de 2026, a disciplina \u201c A\u00e7\u00e3o de Extens\u00e3o\u201d, ministrada pela profa. Camila Daniel, com apoio da servidora Camila Righi, recebeu a pe\u00e7a teatral \u201cQue minha [&hellip;]\" \/>\n<meta property=\"og:url\" content=\"https:\/\/itr.ufrrj.br\/portal\/acao-de-extensao-recebe-teatro-no-itr\/\" \/>\n<meta property=\"og:site_name\" content=\"Campus Tr\u00eas Rios | UFRRJ\" \/>\n<meta property=\"article:publisher\" content=\"https:\/\/www.facebook.com\/itr.ufrrj\" \/>\n<meta property=\"article:published_time\" content=\"2026-05-01T14:55:17+00:00\" \/>\n<meta property=\"article:modified_time\" content=\"2026-05-01T14:55:20+00:00\" \/>\n<meta property=\"og:image\" content=\"https:\/\/itr.ufrrj.br\/portal\/wp-content\/uploads\/2026\/05\/IMG_2514-scaled.jpeg\" \/>\n\t<meta property=\"og:image:width\" content=\"1920\" \/>\n\t<meta property=\"og:image:height\" content=\"2560\" \/>\n\t<meta property=\"og:image:type\" content=\"image\/jpeg\" \/>\n<meta name=\"author\" content=\"Vin\u00edcios Moraes\" \/>\n<meta name=\"twitter:card\" content=\"summary_large_image\" \/>\n<meta name=\"twitter:label1\" content=\"Escrito por\" \/>\n\t<meta name=\"twitter:data1\" content=\"Vin\u00edcios Moraes\" \/>\n\t<meta name=\"twitter:label2\" content=\"Est. tempo de leitura\" \/>\n\t<meta name=\"twitter:data2\" content=\"2 minutos\" \/>\n<script type=\"application\/ld+json\" class=\"yoast-schema-graph\">{\"@context\":\"https:\\\/\\\/schema.org\",\"@graph\":[{\"@type\":\"Article\",\"@id\":\"https:\\\/\\\/itr.ufrrj.br\\\/portal\\\/acao-de-extensao-recebe-teatro-no-itr\\\/#article\",\"isPartOf\":{\"@id\":\"https:\\\/\\\/itr.ufrrj.br\\\/portal\\\/acao-de-extensao-recebe-teatro-no-itr\\\/\"},\"author\":{\"name\":\"Vin\u00edcios Moraes\",\"@id\":\"https:\\\/\\\/itr.ufrrj.br\\\/portal\\\/#\\\/schema\\\/person\\\/f6062d520ccd51ec5fc310d2083c7f15\"},\"headline\":\"\u201cA\u00e7\u00e3o de Extens\u00e3o\u201d recebe Teatro no ITR\",\"datePublished\":\"2026-05-01T14:55:17+00:00\",\"dateModified\":\"2026-05-01T14:55:20+00:00\",\"mainEntityOfPage\":{\"@id\":\"https:\\\/\\\/itr.ufrrj.br\\\/portal\\\/acao-de-extensao-recebe-teatro-no-itr\\\/\"},\"wordCount\":251,\"publisher\":{\"@id\":\"https:\\\/\\\/itr.ufrrj.br\\\/portal\\\/#organization\"},\"image\":{\"@id\":\"https:\\\/\\\/itr.ufrrj.br\\\/portal\\\/acao-de-extensao-recebe-teatro-no-itr\\\/#primaryimage\"},\"thumbnailUrl\":\"https:\\\/\\\/itr.ufrrj.br\\\/portal\\\/wp-content\\\/uploads\\\/2026\\\/05\\\/IMG_2514-scaled.jpeg\",\"articleSection\":[\"Not\u00edcias\"],\"inLanguage\":\"pt-BR\"},{\"@type\":\"WebPage\",\"@id\":\"https:\\\/\\\/itr.ufrrj.br\\\/portal\\\/acao-de-extensao-recebe-teatro-no-itr\\\/\",\"url\":\"https:\\\/\\\/itr.ufrrj.br\\\/portal\\\/acao-de-extensao-recebe-teatro-no-itr\\\/\",\"name\":\"\u201cA\u00e7\u00e3o de Extens\u00e3o\u201d recebe Teatro no ITR - Campus Tr\u00eas Rios | UFRRJ\",\"isPartOf\":{\"@id\":\"https:\\\/\\\/itr.ufrrj.br\\\/portal\\\/#website\"},\"primaryImageOfPage\":{\"@id\":\"https:\\\/\\\/itr.ufrrj.br\\\/portal\\\/acao-de-extensao-recebe-teatro-no-itr\\\/#primaryimage\"},\"image\":{\"@id\":\"https:\\\/\\\/itr.ufrrj.br\\\/portal\\\/acao-de-extensao-recebe-teatro-no-itr\\\/#primaryimage\"},\"thumbnailUrl\":\"https:\\\/\\\/itr.ufrrj.br\\\/portal\\\/wp-content\\\/uploads\\\/2026\\\/05\\\/IMG_2514-scaled.jpeg\",\"datePublished\":\"2026-05-01T14:55:17+00:00\",\"dateModified\":\"2026-05-01T14:55:20+00:00\",\"breadcrumb\":{\"@id\":\"https:\\\/\\\/itr.ufrrj.br\\\/portal\\\/acao-de-extensao-recebe-teatro-no-itr\\\/#breadcrumb\"},\"inLanguage\":\"pt-BR\",\"potentialAction\":[{\"@type\":\"ReadAction\",\"target\":[\"https:\\\/\\\/itr.ufrrj.br\\\/portal\\\/acao-de-extensao-recebe-teatro-no-itr\\\/\"]}]},{\"@type\":\"ImageObject\",\"inLanguage\":\"pt-BR\",\"@id\":\"https:\\\/\\\/itr.ufrrj.br\\\/portal\\\/acao-de-extensao-recebe-teatro-no-itr\\\/#primaryimage\",\"url\":\"https:\\\/\\\/itr.ufrrj.br\\\/portal\\\/wp-content\\\/uploads\\\/2026\\\/05\\\/IMG_2514-scaled.jpeg\",\"contentUrl\":\"https:\\\/\\\/itr.ufrrj.br\\\/portal\\\/wp-content\\\/uploads\\\/2026\\\/05\\\/IMG_2514-scaled.jpeg\",\"width\":1920,\"height\":2560},{\"@type\":\"BreadcrumbList\",\"@id\":\"https:\\\/\\\/itr.ufrrj.br\\\/portal\\\/acao-de-extensao-recebe-teatro-no-itr\\\/#breadcrumb\",\"itemListElement\":[{\"@type\":\"ListItem\",\"position\":1,\"name\":\"In\u00edcio\",\"item\":\"https:\\\/\\\/itr.ufrrj.br\\\/portal\\\/\"},{\"@type\":\"ListItem\",\"position\":2,\"name\":\"\u201cA\u00e7\u00e3o de Extens\u00e3o\u201d recebe Teatro no ITR\"}]},{\"@type\":\"WebSite\",\"@id\":\"https:\\\/\\\/itr.ufrrj.br\\\/portal\\\/#website\",\"url\":\"https:\\\/\\\/itr.ufrrj.br\\\/portal\\\/\",\"name\":\"Campus Tr\u00eas Rios | UFRRJ\",\"description\":\"Localizado na cidade de Tr\u00eas Rios - RJ\",\"publisher\":{\"@id\":\"https:\\\/\\\/itr.ufrrj.br\\\/portal\\\/#organization\"},\"potentialAction\":[{\"@type\":\"SearchAction\",\"target\":{\"@type\":\"EntryPoint\",\"urlTemplate\":\"https:\\\/\\\/itr.ufrrj.br\\\/portal\\\/?s={search_term_string}\"},\"query-input\":{\"@type\":\"PropertyValueSpecification\",\"valueRequired\":true,\"valueName\":\"search_term_string\"}}],\"inLanguage\":\"pt-BR\"},{\"@type\":\"Organization\",\"@id\":\"https:\\\/\\\/itr.ufrrj.br\\\/portal\\\/#organization\",\"name\":\"Instituto Tr\u00eas Rios\\\/UFRRJ\",\"url\":\"https:\\\/\\\/itr.ufrrj.br\\\/portal\\\/\",\"logo\":{\"@type\":\"ImageObject\",\"inLanguage\":\"pt-BR\",\"@id\":\"https:\\\/\\\/itr.ufrrj.br\\\/portal\\\/#\\\/schema\\\/logo\\\/image\\\/\",\"url\":\"https:\\\/\\\/itr.ufrrj.br\\\/portal\\\/wp-content\\\/uploads\\\/2020\\\/04\\\/logo-institutotresrios-ufrrj.png\",\"contentUrl\":\"https:\\\/\\\/itr.ufrrj.br\\\/portal\\\/wp-content\\\/uploads\\\/2020\\\/04\\\/logo-institutotresrios-ufrrj.png\",\"width\":1067,\"height\":240,\"caption\":\"Instituto Tr\u00eas Rios\\\/UFRRJ\"},\"image\":{\"@id\":\"https:\\\/\\\/itr.ufrrj.br\\\/portal\\\/#\\\/schema\\\/logo\\\/image\\\/\"},\"sameAs\":[\"https:\\\/\\\/www.facebook.com\\\/itr.ufrrj\"]},{\"@type\":\"Person\",\"@id\":\"https:\\\/\\\/itr.ufrrj.br\\\/portal\\\/#\\\/schema\\\/person\\\/f6062d520ccd51ec5fc310d2083c7f15\",\"name\":\"Vin\u00edcios Moraes\",\"image\":{\"@type\":\"ImageObject\",\"inLanguage\":\"pt-BR\",\"@id\":\"https:\\\/\\\/secure.gravatar.com\\\/avatar\\\/776c52eade01cc8215bad3939b5441c24fc60e4e72e2b40f44c81adc2ce6fa9b?s=96&d=mm&r=g\",\"url\":\"https:\\\/\\\/secure.gravatar.com\\\/avatar\\\/776c52eade01cc8215bad3939b5441c24fc60e4e72e2b40f44c81adc2ce6fa9b?s=96&d=mm&r=g\",\"contentUrl\":\"https:\\\/\\\/secure.gravatar.com\\\/avatar\\\/776c52eade01cc8215bad3939b5441c24fc60e4e72e2b40f44c81adc2ce6fa9b?s=96&d=mm&r=g\",\"caption\":\"Vin\u00edcios Moraes\"},\"url\":\"https:\\\/\\\/itr.ufrrj.br\\\/portal\\\/author\\\/viniciosmoraes\\\/\"}]}<\/script>\n<!-- \/ Yoast SEO plugin. -->","yoast_head_json":{"title":"\u201cA\u00e7\u00e3o de Extens\u00e3o\u201d recebe Teatro no ITR - Campus Tr\u00eas Rios | UFRRJ","robots":{"index":"index","follow":"follow","max-snippet":"max-snippet:-1","max-image-preview":"max-image-preview:large","max-video-preview":"max-video-preview:-1"},"canonical":"https:\/\/itr.ufrrj.br\/portal\/acao-de-extensao-recebe-teatro-no-itr\/","og_locale":"pt_BR","og_type":"article","og_title":"\u201cA\u00e7\u00e3o de Extens\u00e3o\u201d recebe Teatro no ITR - Campus Tr\u00eas Rios | UFRRJ","og_description":"No dia 29 de abril de 2026, a disciplina \u201c A\u00e7\u00e3o de Extens\u00e3o\u201d, ministrada pela profa. Camila Daniel, com apoio da servidora Camila Righi, recebeu a pe\u00e7a teatral \u201cQue minha [&hellip;]","og_url":"https:\/\/itr.ufrrj.br\/portal\/acao-de-extensao-recebe-teatro-no-itr\/","og_site_name":"Campus Tr\u00eas Rios | UFRRJ","article_publisher":"https:\/\/www.facebook.com\/itr.ufrrj","article_published_time":"2026-05-01T14:55:17+00:00","article_modified_time":"2026-05-01T14:55:20+00:00","og_image":[{"width":1920,"height":2560,"url":"https:\/\/itr.ufrrj.br\/portal\/wp-content\/uploads\/2026\/05\/IMG_2514-scaled.jpeg","type":"image\/jpeg"}],"author":"Vin\u00edcios Moraes","twitter_card":"summary_large_image","twitter_misc":{"Escrito por":"Vin\u00edcios Moraes","Est. tempo de leitura":"2 minutos"},"schema":{"@context":"https:\/\/schema.org","@graph":[{"@type":"Article","@id":"https:\/\/itr.ufrrj.br\/portal\/acao-de-extensao-recebe-teatro-no-itr\/#article","isPartOf":{"@id":"https:\/\/itr.ufrrj.br\/portal\/acao-de-extensao-recebe-teatro-no-itr\/"},"author":{"name":"Vin\u00edcios Moraes","@id":"https:\/\/itr.ufrrj.br\/portal\/#\/schema\/person\/f6062d520ccd51ec5fc310d2083c7f15"},"headline":"\u201cA\u00e7\u00e3o de Extens\u00e3o\u201d recebe Teatro no ITR","datePublished":"2026-05-01T14:55:17+00:00","dateModified":"2026-05-01T14:55:20+00:00","mainEntityOfPage":{"@id":"https:\/\/itr.ufrrj.br\/portal\/acao-de-extensao-recebe-teatro-no-itr\/"},"wordCount":251,"publisher":{"@id":"https:\/\/itr.ufrrj.br\/portal\/#organization"},"image":{"@id":"https:\/\/itr.ufrrj.br\/portal\/acao-de-extensao-recebe-teatro-no-itr\/#primaryimage"},"thumbnailUrl":"https:\/\/itr.ufrrj.br\/portal\/wp-content\/uploads\/2026\/05\/IMG_2514-scaled.jpeg","articleSection":["Not\u00edcias"],"inLanguage":"pt-BR"},{"@type":"WebPage","@id":"https:\/\/itr.ufrrj.br\/portal\/acao-de-extensao-recebe-teatro-no-itr\/","url":"https:\/\/itr.ufrrj.br\/portal\/acao-de-extensao-recebe-teatro-no-itr\/","name":"\u201cA\u00e7\u00e3o de Extens\u00e3o\u201d recebe Teatro no ITR - Campus Tr\u00eas Rios | UFRRJ","isPartOf":{"@id":"https:\/\/itr.ufrrj.br\/portal\/#website"},"primaryImageOfPage":{"@id":"https:\/\/itr.ufrrj.br\/portal\/acao-de-extensao-recebe-teatro-no-itr\/#primaryimage"},"image":{"@id":"https:\/\/itr.ufrrj.br\/portal\/acao-de-extensao-recebe-teatro-no-itr\/#primaryimage"},"thumbnailUrl":"https:\/\/itr.ufrrj.br\/portal\/wp-content\/uploads\/2026\/05\/IMG_2514-scaled.jpeg","datePublished":"2026-05-01T14:55:17+00:00","dateModified":"2026-05-01T14:55:20+00:00","breadcrumb":{"@id":"https:\/\/itr.ufrrj.br\/portal\/acao-de-extensao-recebe-teatro-no-itr\/#breadcrumb"},"inLanguage":"pt-BR","potentialAction":[{"@type":"ReadAction","target":["https:\/\/itr.ufrrj.br\/portal\/acao-de-extensao-recebe-teatro-no-itr\/"]}]},{"@type":"ImageObject","inLanguage":"pt-BR","@id":"https:\/\/itr.ufrrj.br\/portal\/acao-de-extensao-recebe-teatro-no-itr\/#primaryimage","url":"https:\/\/itr.ufrrj.br\/portal\/wp-content\/uploads\/2026\/05\/IMG_2514-scaled.jpeg","contentUrl":"https:\/\/itr.ufrrj.br\/portal\/wp-content\/uploads\/2026\/05\/IMG_2514-scaled.jpeg","width":1920,"height":2560},{"@type":"BreadcrumbList","@id":"https:\/\/itr.ufrrj.br\/portal\/acao-de-extensao-recebe-teatro-no-itr\/#breadcrumb","itemListElement":[{"@type":"ListItem","position":1,"name":"In\u00edcio","item":"https:\/\/itr.ufrrj.br\/portal\/"},{"@type":"ListItem","position":2,"name":"\u201cA\u00e7\u00e3o de Extens\u00e3o\u201d recebe Teatro no ITR"}]},{"@type":"WebSite","@id":"https:\/\/itr.ufrrj.br\/portal\/#website","url":"https:\/\/itr.ufrrj.br\/portal\/","name":"Campus Tr\u00eas Rios | UFRRJ","description":"Localizado na cidade de Tr\u00eas Rios - RJ","publisher":{"@id":"https:\/\/itr.ufrrj.br\/portal\/#organization"},"potentialAction":[{"@type":"SearchAction","target":{"@type":"EntryPoint","urlTemplate":"https:\/\/itr.ufrrj.br\/portal\/?s={search_term_string}"},"query-input":{"@type":"PropertyValueSpecification","valueRequired":true,"valueName":"search_term_string"}}],"inLanguage":"pt-BR"},{"@type":"Organization","@id":"https:\/\/itr.ufrrj.br\/portal\/#organization","name":"Instituto Tr\u00eas Rios\/UFRRJ","url":"https:\/\/itr.ufrrj.br\/portal\/","logo":{"@type":"ImageObject","inLanguage":"pt-BR","@id":"https:\/\/itr.ufrrj.br\/portal\/#\/schema\/logo\/image\/","url":"https:\/\/itr.ufrrj.br\/portal\/wp-content\/uploads\/2020\/04\/logo-institutotresrios-ufrrj.png","contentUrl":"https:\/\/itr.ufrrj.br\/portal\/wp-content\/uploads\/2020\/04\/logo-institutotresrios-ufrrj.png","width":1067,"height":240,"caption":"Instituto Tr\u00eas Rios\/UFRRJ"},"image":{"@id":"https:\/\/itr.ufrrj.br\/portal\/#\/schema\/logo\/image\/"},"sameAs":["https:\/\/www.facebook.com\/itr.ufrrj"]},{"@type":"Person","@id":"https:\/\/itr.ufrrj.br\/portal\/#\/schema\/person\/f6062d520ccd51ec5fc310d2083c7f15","name":"Vin\u00edcios Moraes","image":{"@type":"ImageObject","inLanguage":"pt-BR","@id":"https:\/\/secure.gravatar.com\/avatar\/776c52eade01cc8215bad3939b5441c24fc60e4e72e2b40f44c81adc2ce6fa9b?s=96&d=mm&r=g","url":"https:\/\/secure.gravatar.com\/avatar\/776c52eade01cc8215bad3939b5441c24fc60e4e72e2b40f44c81adc2ce6fa9b?s=96&d=mm&r=g","contentUrl":"https:\/\/secure.gravatar.com\/avatar\/776c52eade01cc8215bad3939b5441c24fc60e4e72e2b40f44c81adc2ce6fa9b?s=96&d=mm&r=g","caption":"Vin\u00edcios Moraes"},"url":"https:\/\/itr.ufrrj.br\/portal\/author\/viniciosmoraes\/"}]}},"jetpack_featured_media_url":"https:\/\/itr.ufrrj.br\/portal\/wp-content\/uploads\/2026\/05\/IMG_2514-scaled.jpeg","jetpack_sharing_enabled":true,"amp_enabled":true,"_links":{"self":[{"href":"https:\/\/itr.ufrrj.br\/portal\/wp-json\/wp\/v2\/posts\/54770","targetHints":{"allow":["GET"]}}],"collection":[{"href":"https:\/\/itr.ufrrj.br\/portal\/wp-json\/wp\/v2\/posts"}],"about":[{"href":"https:\/\/itr.ufrrj.br\/portal\/wp-json\/wp\/v2\/types\/post"}],"author":[{"embeddable":true,"href":"https:\/\/itr.ufrrj.br\/portal\/wp-json\/wp\/v2\/users\/13"}],"replies":[{"embeddable":true,"href":"https:\/\/itr.ufrrj.br\/portal\/wp-json\/wp\/v2\/comments?post=54770"}],"version-history":[{"count":1,"href":"https:\/\/itr.ufrrj.br\/portal\/wp-json\/wp\/v2\/posts\/54770\/revisions"}],"predecessor-version":[{"id":54772,"href":"https:\/\/itr.ufrrj.br\/portal\/wp-json\/wp\/v2\/posts\/54770\/revisions\/54772"}],"wp:featuredmedia":[{"embeddable":true,"href":"https:\/\/itr.ufrrj.br\/portal\/wp-json\/wp\/v2\/media\/54771"}],"wp:attachment":[{"href":"https:\/\/itr.ufrrj.br\/portal\/wp-json\/wp\/v2\/media?parent=54770"}],"wp:term":[{"taxonomy":"category","embeddable":true,"href":"https:\/\/itr.ufrrj.br\/portal\/wp-json\/wp\/v2\/categories?post=54770"},{"taxonomy":"post_tag","embeddable":true,"href":"https:\/\/itr.ufrrj.br\/portal\/wp-json\/wp\/v2\/tags?post=54770"}],"curies":[{"name":"wp","href":"https:\/\/api.w.org\/{rel}","templated":true}]}}