{"id":5773,"date":"2026-08-31T16:53:56","date_gmt":"2026-08-31T19:53:56","guid":{"rendered":"https:\/\/itr.ufrrj.br\/egressos\/?p=5773"},"modified":"2026-08-31T16:53:57","modified_gmt":"2026-08-31T19:53:57","slug":"itr-impulsiona-carreiras-com-lancamento-da-jornada-de-carreiras-e-empreendedorismo-e-anuncia-nova-palestra-para-setembro","status":"publish","type":"post","link":"https:\/\/itr.ufrrj.br\/egressos\/itr-impulsiona-carreiras-com-lancamento-da-jornada-de-carreiras-e-empreendedorismo-e-anuncia-nova-palestra-para-setembro\/","title":{"rendered":"ITR impulsiona carreiras com lan\u00e7amento da Jornada de Carreiras e Empreendedorismo e anuncia nova palestra para setembro"},"content":{"rendered":"\n<p class=\" eplus-wrapper\">O Instituto Tr\u00eas Rios (UFRRJ) deu in\u00edcio, no dia 13 de agosto, ao Projeto de Extens\u00e3o \u201cITR Jornada de Carreiras e Empreendedorismo\u201d, reunindo 200 participantes em um dia de atividades voltadas \u00e0 forma\u00e7\u00e3o profissional, empregabilidade e educa\u00e7\u00e3o empreendedora.<\/p>\n<p class=\" eplus-wrapper\">A programa\u00e7\u00e3o, com sete horas de dura\u00e7\u00e3o, integrou estudantes do ITR, alunos de outras institui\u00e7\u00f5es de ensino, profissionais liberais e representantes do Sebrae e do CIEE Rio. Entre os convidados, estiveram presentes tamb\u00e9m os representantes do Sebrae Alex Nogueira e Paloma Panoeiro, al\u00e9m da representante do CIEE Thais Albernoz, fortalecendo ainda mais o di\u00e1logo entre universidade e institui\u00e7\u00f5es parceiras.<\/p>\n<p class=\" eplus-wrapper\">Sob coordena\u00e7\u00e3o da Profa. Dra. Julianne Milward, idealizadora e respons\u00e1vel pela gest\u00e3o do Projeto, o lan\u00e7amento destacou a import\u00e2ncia de fortalecer a rela\u00e7\u00e3o entre a UFRRJ, mercado e institui\u00e7\u00f5es parceiras. A docente ressaltou que a Jornada representa um movimento cont\u00ednuo de apoio ao desenvolvimento profissional da comunidade acad\u00eamica e de seus egressos.<\/p>\n<p class=\" eplus-wrapper\">O evento tamb\u00e9m contou com o suporte essencial das equipes da Empresa J\u00fanior Vale Verde SSA e do Programa de Acompanhamento de Egressos do Curso de Gest\u00e3o Ambiental (PAE-GA\/UFRRJ), que atuaram na organiza\u00e7\u00e3o, log\u00edstica e apoio \u00e0s atividades.<\/p>\n<p class=\" eplus-wrapper\">O evento contou com mesas redondas, palestras tem\u00e1ticas e um estande gamificado do CIEE. A consultora do Sebrae, Eliane Mendes Scheidegger, ministrou a palestra \u201cMinha Carreira em Minhas M\u00e3os\u201d, abordando escolhas profissionais e caminhos poss\u00edveis entre ser empregado ou empregador.<\/p>\n<p class=\" eplus-wrapper\">A Jornada segue at\u00e9 novembro, consolidando o ITR como espa\u00e7o de di\u00e1logo, forma\u00e7\u00e3o e constru\u00e7\u00e3o de trajet\u00f3rias profissionais alinhadas \u00e0s demandas contempor\u00e2neas.<\/p>\n<p><img decoding=\"async\" src=\"https:\/\/itr.ufrrj.br\/portal\/wp-content\/uploads\/2026\/08\/arte-imagens-do-evento-ITR-Jornada-de-Carreiras-e-Empreendedorismo-19-ago-2026.jpeg\" \/><\/p>\n<p>LINK:\u00a0<a href=\"https:\/\/itr.ufrrj.br\/portal\/itr-impulsiona-carreiras-com-lancamento-da-jornada-de-carreiras-e-empreendedorismo-e-anuncia-nova-palestra-para-setembro\/\">https:\/\/itr.ufrrj.br\/portal\/itr-impulsiona-carreiras-com-lancamento-da-jornada-de-carreiras-e-empreendedorismo-e-anuncia-nova-palestra-para-setembro\/<\/a><\/p>\n","protected":false},"excerpt":{"rendered":"<p>O Instituto Tr\u00eas Rios (UFRRJ) deu in\u00edcio, no dia 13 de agosto, ao Projeto de Extens\u00e3o \u201cITR Jornada de Carreiras e Empreendedorismo\u201d, reunindo 200 participantes em um dia de atividades voltadas \u00e0 forma\u00e7\u00e3o profissional, empregabilidade e educa\u00e7\u00e3o empreendedora. A programa\u00e7\u00e3o, com sete horas de dura\u00e7\u00e3o, integrou estudantes do ITR, alunos de outras institui\u00e7\u00f5es de ensino, [&hellip;]<\/p>\n","protected":false},"author":23,"featured_media":0,"comment_status":"open","ping_status":"open","sticky":false,"template":"","format":"standard","meta":{"_acf_changed":false,"_exactmetrics_skip_tracking":false,"footnotes":""},"categories":[3],"tags":[20,25,73,19,15],"class_list":["post-5773","post","type-post","status-publish","format-standard","hentry","category-noticias","tag-empregos-ambientais","tag-gestao-ambiental","tag-gestao-ambiental-ufrrj","tag-gestor-ambiental","tag-meio-ambiente","cat-3-id"],"acf":[],"yoast_head":"<!-- This site is optimized with the Yoast SEO plugin v28.3 - https:\/\/yoast.com\/product\/yoast-seo-wordpress\/ -->\n<title>ITR impulsiona carreiras com lan\u00e7amento da Jornada de Carreiras e Empreendedorismo e anuncia nova palestra para setembro - Programa de Acompanhamento de Egressos do Curso de Gest\u00e3o Ambiental do ITR\/UFRRJ<\/title>\n<meta name=\"robots\" content=\"index, follow, max-snippet:-1, max-image-preview:large, max-video-preview:-1\" \/>\n<link rel=\"canonical\" href=\"https:\/\/itr.ufrrj.br\/egressos\/itr-impulsiona-carreiras-com-lancamento-da-jornada-de-carreiras-e-empreendedorismo-e-anuncia-nova-palestra-para-setembro\/\" \/>\n<meta property=\"og:locale\" content=\"pt_BR\" \/>\n<meta property=\"og:type\" content=\"article\" \/>\n<meta property=\"og:title\" content=\"ITR impulsiona carreiras com lan\u00e7amento da Jornada de Carreiras e Empreendedorismo e anuncia nova palestra para setembro - Programa de Acompanhamento de Egressos do Curso de Gest\u00e3o Ambiental do ITR\/UFRRJ\" \/>\n<meta property=\"og:description\" content=\"O Instituto Tr\u00eas Rios (UFRRJ) deu in\u00edcio, no dia 13 de agosto, ao Projeto de Extens\u00e3o \u201cITR Jornada de Carreiras e Empreendedorismo\u201d, reunindo 200 participantes em um dia de atividades voltadas \u00e0 forma\u00e7\u00e3o profissional, empregabilidade e educa\u00e7\u00e3o empreendedora. A programa\u00e7\u00e3o, com sete horas de dura\u00e7\u00e3o, integrou estudantes do ITR, alunos de outras institui\u00e7\u00f5es de ensino, [&hellip;]\" \/>\n<meta property=\"og:url\" content=\"https:\/\/itr.ufrrj.br\/egressos\/itr-impulsiona-carreiras-com-lancamento-da-jornada-de-carreiras-e-empreendedorismo-e-anuncia-nova-palestra-para-setembro\/\" \/>\n<meta property=\"og:site_name\" content=\"Programa de Acompanhamento de Egressos do Curso de Gest\u00e3o Ambiental do ITR\/UFRRJ\" \/>\n<meta property=\"article:published_time\" content=\"2026-08-31T19:53:56+00:00\" \/>\n<meta property=\"article:modified_time\" content=\"2026-08-31T19:53:57+00:00\" \/>\n<meta property=\"og:image\" content=\"https:\/\/itr.ufrrj.br\/portal\/wp-content\/uploads\/2026\/08\/arte-imagens-do-evento-ITR-Jornada-de-Carreiras-e-Empreendedorismo-19-ago-2026.jpeg\" \/>\n<meta name=\"author\" content=\"Yasmin Alves\" \/>\n<meta name=\"twitter:card\" content=\"summary_large_image\" \/>\n<meta name=\"twitter:label1\" content=\"Escrito por\" \/>\n\t<meta name=\"twitter:data1\" content=\"Yasmin Alves\" \/>\n\t<meta name=\"twitter:label2\" content=\"Est. tempo de leitura\" \/>\n\t<meta name=\"twitter:data2\" content=\"2 minutos\" \/>\n<script type=\"application\/ld+json\" class=\"yoast-schema-graph\">{\"@context\":\"https:\\\/\\\/schema.org\",\"@graph\":[{\"@type\":\"Article\",\"@id\":\"https:\\\/\\\/itr.ufrrj.br\\\/egressos\\\/itr-impulsiona-carreiras-com-lancamento-da-jornada-de-carreiras-e-empreendedorismo-e-anuncia-nova-palestra-para-setembro\\\/#article\",\"isPartOf\":{\"@id\":\"https:\\\/\\\/itr.ufrrj.br\\\/egressos\\\/itr-impulsiona-carreiras-com-lancamento-da-jornada-de-carreiras-e-empreendedorismo-e-anuncia-nova-palestra-para-setembro\\\/\"},\"author\":{\"name\":\"Yasmin Alves\",\"@id\":\"https:\\\/\\\/itr.ufrrj.br\\\/egressos\\\/#\\\/schema\\\/person\\\/72a1bbe80a58cc0e26f78375a4964c16\"},\"headline\":\"ITR impulsiona carreiras com lan\u00e7amento da Jornada de Carreiras e Empreendedorismo e anuncia nova palestra para setembro\",\"datePublished\":\"2026-08-31T19:53:56+00:00\",\"dateModified\":\"2026-08-31T19:53:57+00:00\",\"mainEntityOfPage\":{\"@id\":\"https:\\\/\\\/itr.ufrrj.br\\\/egressos\\\/itr-impulsiona-carreiras-com-lancamento-da-jornada-de-carreiras-e-empreendedorismo-e-anuncia-nova-palestra-para-setembro\\\/\"},\"wordCount\":307,\"commentCount\":0,\"image\":{\"@id\":\"https:\\\/\\\/itr.ufrrj.br\\\/egressos\\\/itr-impulsiona-carreiras-com-lancamento-da-jornada-de-carreiras-e-empreendedorismo-e-anuncia-nova-palestra-para-setembro\\\/#primaryimage\"},\"thumbnailUrl\":\"https:\\\/\\\/itr.ufrrj.br\\\/portal\\\/wp-content\\\/uploads\\\/2026\\\/08\\\/arte-imagens-do-evento-ITR-Jornada-de-Carreiras-e-Empreendedorismo-19-ago-2026.jpeg\",\"keywords\":[\"Empregos Ambientais\",\"Gest\u00e3o Ambiental\",\"Gest\u00e3o Ambiental UFRRJ\",\"Gestor Ambiental\",\"Meio Ambiente\"],\"articleSection\":[\"Not\u00edcias\"],\"inLanguage\":\"pt-BR\",\"potentialAction\":[{\"@type\":\"CommentAction\",\"name\":\"Comment\",\"target\":[\"https:\\\/\\\/itr.ufrrj.br\\\/egressos\\\/itr-impulsiona-carreiras-com-lancamento-da-jornada-de-carreiras-e-empreendedorismo-e-anuncia-nova-palestra-para-setembro\\\/#respond\"]}]},{\"@type\":\"WebPage\",\"@id\":\"https:\\\/\\\/itr.ufrrj.br\\\/egressos\\\/itr-impulsiona-carreiras-com-lancamento-da-jornada-de-carreiras-e-empreendedorismo-e-anuncia-nova-palestra-para-setembro\\\/\",\"url\":\"https:\\\/\\\/itr.ufrrj.br\\\/egressos\\\/itr-impulsiona-carreiras-com-lancamento-da-jornada-de-carreiras-e-empreendedorismo-e-anuncia-nova-palestra-para-setembro\\\/\",\"name\":\"ITR impulsiona carreiras com lan\u00e7amento da Jornada de Carreiras e Empreendedorismo e anuncia nova palestra para setembro - Programa de Acompanhamento de Egressos do Curso de Gest\u00e3o Ambiental do ITR\\\/UFRRJ\",\"isPartOf\":{\"@id\":\"https:\\\/\\\/itr.ufrrj.br\\\/egressos\\\/#website\"},\"primaryImageOfPage\":{\"@id\":\"https:\\\/\\\/itr.ufrrj.br\\\/egressos\\\/itr-impulsiona-carreiras-com-lancamento-da-jornada-de-carreiras-e-empreendedorismo-e-anuncia-nova-palestra-para-setembro\\\/#primaryimage\"},\"image\":{\"@id\":\"https:\\\/\\\/itr.ufrrj.br\\\/egressos\\\/itr-impulsiona-carreiras-com-lancamento-da-jornada-de-carreiras-e-empreendedorismo-e-anuncia-nova-palestra-para-setembro\\\/#primaryimage\"},\"thumbnailUrl\":\"https:\\\/\\\/itr.ufrrj.br\\\/portal\\\/wp-content\\\/uploads\\\/2026\\\/08\\\/arte-imagens-do-evento-ITR-Jornada-de-Carreiras-e-Empreendedorismo-19-ago-2026.jpeg\",\"datePublished\":\"2026-08-31T19:53:56+00:00\",\"dateModified\":\"2026-08-31T19:53:57+00:00\",\"author\":{\"@id\":\"https:\\\/\\\/itr.ufrrj.br\\\/egressos\\\/#\\\/schema\\\/person\\\/72a1bbe80a58cc0e26f78375a4964c16\"},\"breadcrumb\":{\"@id\":\"https:\\\/\\\/itr.ufrrj.br\\\/egressos\\\/itr-impulsiona-carreiras-com-lancamento-da-jornada-de-carreiras-e-empreendedorismo-e-anuncia-nova-palestra-para-setembro\\\/#breadcrumb\"},\"inLanguage\":\"pt-BR\",\"potentialAction\":[{\"@type\":\"ReadAction\",\"target\":[\"https:\\\/\\\/itr.ufrrj.br\\\/egressos\\\/itr-impulsiona-carreiras-com-lancamento-da-jornada-de-carreiras-e-empreendedorismo-e-anuncia-nova-palestra-para-setembro\\\/\"]}]},{\"@type\":\"ImageObject\",\"inLanguage\":\"pt-BR\",\"@id\":\"https:\\\/\\\/itr.ufrrj.br\\\/egressos\\\/itr-impulsiona-carreiras-com-lancamento-da-jornada-de-carreiras-e-empreendedorismo-e-anuncia-nova-palestra-para-setembro\\\/#primaryimage\",\"url\":\"https:\\\/\\\/itr.ufrrj.br\\\/portal\\\/wp-content\\\/uploads\\\/2026\\\/08\\\/arte-imagens-do-evento-ITR-Jornada-de-Carreiras-e-Empreendedorismo-19-ago-2026.jpeg\",\"contentUrl\":\"https:\\\/\\\/itr.ufrrj.br\\\/portal\\\/wp-content\\\/uploads\\\/2026\\\/08\\\/arte-imagens-do-evento-ITR-Jornada-de-Carreiras-e-Empreendedorismo-19-ago-2026.jpeg\"},{\"@type\":\"BreadcrumbList\",\"@id\":\"https:\\\/\\\/itr.ufrrj.br\\\/egressos\\\/itr-impulsiona-carreiras-com-lancamento-da-jornada-de-carreiras-e-empreendedorismo-e-anuncia-nova-palestra-para-setembro\\\/#breadcrumb\",\"itemListElement\":[{\"@type\":\"ListItem\",\"position\":1,\"name\":\"In\u00edcio\",\"item\":\"https:\\\/\\\/itr.ufrrj.br\\\/egressos\\\/\"},{\"@type\":\"ListItem\",\"position\":2,\"name\":\"ITR impulsiona carreiras com lan\u00e7amento da Jornada de Carreiras e Empreendedorismo e anuncia nova palestra para setembro\"}]},{\"@type\":\"WebSite\",\"@id\":\"https:\\\/\\\/itr.ufrrj.br\\\/egressos\\\/#website\",\"url\":\"https:\\\/\\\/itr.ufrrj.br\\\/egressos\\\/\",\"name\":\"Programa de Acompanhamento de Egressos do Curso de Gest\u00e3o Ambiental do ITR\\\/UFRRJ\",\"description\":\"Instituto Tr\u00eas Rios - UFRRJ\",\"potentialAction\":[{\"@type\":\"SearchAction\",\"target\":{\"@type\":\"EntryPoint\",\"urlTemplate\":\"https:\\\/\\\/itr.ufrrj.br\\\/egressos\\\/?s={search_term_string}\"},\"query-input\":{\"@type\":\"PropertyValueSpecification\",\"valueRequired\":true,\"valueName\":\"search_term_string\"}}],\"inLanguage\":\"pt-BR\"},{\"@type\":\"Person\",\"@id\":\"https:\\\/\\\/itr.ufrrj.br\\\/egressos\\\/#\\\/schema\\\/person\\\/72a1bbe80a58cc0e26f78375a4964c16\",\"name\":\"Yasmin Alves\",\"image\":{\"@type\":\"ImageObject\",\"inLanguage\":\"pt-BR\",\"@id\":\"https:\\\/\\\/secure.gravatar.com\\\/avatar\\\/284f6995564641550be50a2c622800d764ffd772104c855755f22a9c2e65aab0?s=96&d=mm&r=g\",\"url\":\"https:\\\/\\\/secure.gravatar.com\\\/avatar\\\/284f6995564641550be50a2c622800d764ffd772104c855755f22a9c2e65aab0?s=96&d=mm&r=g\",\"contentUrl\":\"https:\\\/\\\/secure.gravatar.com\\\/avatar\\\/284f6995564641550be50a2c622800d764ffd772104c855755f22a9c2e65aab0?s=96&d=mm&r=g\",\"caption\":\"Yasmin Alves\"},\"url\":\"https:\\\/\\\/itr.ufrrj.br\\\/egressos\\\/author\\\/yasmin-alves\\\/\"}]}<\/script>\n<!-- \/ Yoast SEO plugin. -->","yoast_head_json":{"title":"ITR impulsiona carreiras com lan\u00e7amento da Jornada de Carreiras e Empreendedorismo e anuncia nova palestra para setembro - Programa de Acompanhamento de Egressos do Curso de Gest\u00e3o Ambiental do ITR\/UFRRJ","robots":{"index":"index","follow":"follow","max-snippet":"max-snippet:-1","max-image-preview":"max-image-preview:large","max-video-preview":"max-video-preview:-1"},"canonical":"https:\/\/itr.ufrrj.br\/egressos\/itr-impulsiona-carreiras-com-lancamento-da-jornada-de-carreiras-e-empreendedorismo-e-anuncia-nova-palestra-para-setembro\/","og_locale":"pt_BR","og_type":"article","og_title":"ITR impulsiona carreiras com lan\u00e7amento da Jornada de Carreiras e Empreendedorismo e anuncia nova palestra para setembro - Programa de Acompanhamento de Egressos do Curso de Gest\u00e3o Ambiental do ITR\/UFRRJ","og_description":"O Instituto Tr\u00eas Rios (UFRRJ) deu in\u00edcio, no dia 13 de agosto, ao Projeto de Extens\u00e3o \u201cITR Jornada de Carreiras e Empreendedorismo\u201d, reunindo 200 participantes em um dia de atividades voltadas \u00e0 forma\u00e7\u00e3o profissional, empregabilidade e educa\u00e7\u00e3o empreendedora. A programa\u00e7\u00e3o, com sete horas de dura\u00e7\u00e3o, integrou estudantes do ITR, alunos de outras institui\u00e7\u00f5es de ensino, [&hellip;]","og_url":"https:\/\/itr.ufrrj.br\/egressos\/itr-impulsiona-carreiras-com-lancamento-da-jornada-de-carreiras-e-empreendedorismo-e-anuncia-nova-palestra-para-setembro\/","og_site_name":"Programa de Acompanhamento de Egressos do Curso de Gest\u00e3o Ambiental do ITR\/UFRRJ","article_published_time":"2026-08-31T19:53:56+00:00","article_modified_time":"2026-08-31T19:53:57+00:00","og_image":[{"url":"https:\/\/itr.ufrrj.br\/portal\/wp-content\/uploads\/2026\/08\/arte-imagens-do-evento-ITR-Jornada-de-Carreiras-e-Empreendedorismo-19-ago-2026.jpeg","type":"","width":"","height":""}],"author":"Yasmin Alves","twitter_card":"summary_large_image","twitter_misc":{"Escrito por":"Yasmin Alves","Est. tempo de leitura":"2 minutos"},"schema":{"@context":"https:\/\/schema.org","@graph":[{"@type":"Article","@id":"https:\/\/itr.ufrrj.br\/egressos\/itr-impulsiona-carreiras-com-lancamento-da-jornada-de-carreiras-e-empreendedorismo-e-anuncia-nova-palestra-para-setembro\/#article","isPartOf":{"@id":"https:\/\/itr.ufrrj.br\/egressos\/itr-impulsiona-carreiras-com-lancamento-da-jornada-de-carreiras-e-empreendedorismo-e-anuncia-nova-palestra-para-setembro\/"},"author":{"name":"Yasmin Alves","@id":"https:\/\/itr.ufrrj.br\/egressos\/#\/schema\/person\/72a1bbe80a58cc0e26f78375a4964c16"},"headline":"ITR impulsiona carreiras com lan\u00e7amento da Jornada de Carreiras e Empreendedorismo e anuncia nova palestra para setembro","datePublished":"2026-08-31T19:53:56+00:00","dateModified":"2026-08-31T19:53:57+00:00","mainEntityOfPage":{"@id":"https:\/\/itr.ufrrj.br\/egressos\/itr-impulsiona-carreiras-com-lancamento-da-jornada-de-carreiras-e-empreendedorismo-e-anuncia-nova-palestra-para-setembro\/"},"wordCount":307,"commentCount":0,"image":{"@id":"https:\/\/itr.ufrrj.br\/egressos\/itr-impulsiona-carreiras-com-lancamento-da-jornada-de-carreiras-e-empreendedorismo-e-anuncia-nova-palestra-para-setembro\/#primaryimage"},"thumbnailUrl":"https:\/\/itr.ufrrj.br\/portal\/wp-content\/uploads\/2026\/08\/arte-imagens-do-evento-ITR-Jornada-de-Carreiras-e-Empreendedorismo-19-ago-2026.jpeg","keywords":["Empregos Ambientais","Gest\u00e3o Ambiental","Gest\u00e3o Ambiental UFRRJ","Gestor Ambiental","Meio Ambiente"],"articleSection":["Not\u00edcias"],"inLanguage":"pt-BR","potentialAction":[{"@type":"CommentAction","name":"Comment","target":["https:\/\/itr.ufrrj.br\/egressos\/itr-impulsiona-carreiras-com-lancamento-da-jornada-de-carreiras-e-empreendedorismo-e-anuncia-nova-palestra-para-setembro\/#respond"]}]},{"@type":"WebPage","@id":"https:\/\/itr.ufrrj.br\/egressos\/itr-impulsiona-carreiras-com-lancamento-da-jornada-de-carreiras-e-empreendedorismo-e-anuncia-nova-palestra-para-setembro\/","url":"https:\/\/itr.ufrrj.br\/egressos\/itr-impulsiona-carreiras-com-lancamento-da-jornada-de-carreiras-e-empreendedorismo-e-anuncia-nova-palestra-para-setembro\/","name":"ITR impulsiona carreiras com lan\u00e7amento da Jornada de Carreiras e Empreendedorismo e anuncia nova palestra para setembro - Programa de Acompanhamento de Egressos do Curso de Gest\u00e3o Ambiental do ITR\/UFRRJ","isPartOf":{"@id":"https:\/\/itr.ufrrj.br\/egressos\/#website"},"primaryImageOfPage":{"@id":"https:\/\/itr.ufrrj.br\/egressos\/itr-impulsiona-carreiras-com-lancamento-da-jornada-de-carreiras-e-empreendedorismo-e-anuncia-nova-palestra-para-setembro\/#primaryimage"},"image":{"@id":"https:\/\/itr.ufrrj.br\/egressos\/itr-impulsiona-carreiras-com-lancamento-da-jornada-de-carreiras-e-empreendedorismo-e-anuncia-nova-palestra-para-setembro\/#primaryimage"},"thumbnailUrl":"https:\/\/itr.ufrrj.br\/portal\/wp-content\/uploads\/2026\/08\/arte-imagens-do-evento-ITR-Jornada-de-Carreiras-e-Empreendedorismo-19-ago-2026.jpeg","datePublished":"2026-08-31T19:53:56+00:00","dateModified":"2026-08-31T19:53:57+00:00","author":{"@id":"https:\/\/itr.ufrrj.br\/egressos\/#\/schema\/person\/72a1bbe80a58cc0e26f78375a4964c16"},"breadcrumb":{"@id":"https:\/\/itr.ufrrj.br\/egressos\/itr-impulsiona-carreiras-com-lancamento-da-jornada-de-carreiras-e-empreendedorismo-e-anuncia-nova-palestra-para-setembro\/#breadcrumb"},"inLanguage":"pt-BR","potentialAction":[{"@type":"ReadAction","target":["https:\/\/itr.ufrrj.br\/egressos\/itr-impulsiona-carreiras-com-lancamento-da-jornada-de-carreiras-e-empreendedorismo-e-anuncia-nova-palestra-para-setembro\/"]}]},{"@type":"ImageObject","inLanguage":"pt-BR","@id":"https:\/\/itr.ufrrj.br\/egressos\/itr-impulsiona-carreiras-com-lancamento-da-jornada-de-carreiras-e-empreendedorismo-e-anuncia-nova-palestra-para-setembro\/#primaryimage","url":"https:\/\/itr.ufrrj.br\/portal\/wp-content\/uploads\/2026\/08\/arte-imagens-do-evento-ITR-Jornada-de-Carreiras-e-Empreendedorismo-19-ago-2026.jpeg","contentUrl":"https:\/\/itr.ufrrj.br\/portal\/wp-content\/uploads\/2026\/08\/arte-imagens-do-evento-ITR-Jornada-de-Carreiras-e-Empreendedorismo-19-ago-2026.jpeg"},{"@type":"BreadcrumbList","@id":"https:\/\/itr.ufrrj.br\/egressos\/itr-impulsiona-carreiras-com-lancamento-da-jornada-de-carreiras-e-empreendedorismo-e-anuncia-nova-palestra-para-setembro\/#breadcrumb","itemListElement":[{"@type":"ListItem","position":1,"name":"In\u00edcio","item":"https:\/\/itr.ufrrj.br\/egressos\/"},{"@type":"ListItem","position":2,"name":"ITR impulsiona carreiras com lan\u00e7amento da Jornada de Carreiras e Empreendedorismo e anuncia nova palestra para setembro"}]},{"@type":"WebSite","@id":"https:\/\/itr.ufrrj.br\/egressos\/#website","url":"https:\/\/itr.ufrrj.br\/egressos\/","name":"Programa de Acompanhamento de Egressos do Curso de Gest\u00e3o Ambiental do ITR\/UFRRJ","description":"Instituto Tr\u00eas Rios - UFRRJ","potentialAction":[{"@type":"SearchAction","target":{"@type":"EntryPoint","urlTemplate":"https:\/\/itr.ufrrj.br\/egressos\/?s={search_term_string}"},"query-input":{"@type":"PropertyValueSpecification","valueRequired":true,"valueName":"search_term_string"}}],"inLanguage":"pt-BR"},{"@type":"Person","@id":"https:\/\/itr.ufrrj.br\/egressos\/#\/schema\/person\/72a1bbe80a58cc0e26f78375a4964c16","name":"Yasmin Alves","image":{"@type":"ImageObject","inLanguage":"pt-BR","@id":"https:\/\/secure.gravatar.com\/avatar\/284f6995564641550be50a2c622800d764ffd772104c855755f22a9c2e65aab0?s=96&d=mm&r=g","url":"https:\/\/secure.gravatar.com\/avatar\/284f6995564641550be50a2c622800d764ffd772104c855755f22a9c2e65aab0?s=96&d=mm&r=g","contentUrl":"https:\/\/secure.gravatar.com\/avatar\/284f6995564641550be50a2c622800d764ffd772104c855755f22a9c2e65aab0?s=96&d=mm&r=g","caption":"Yasmin Alves"},"url":"https:\/\/itr.ufrrj.br\/egressos\/author\/yasmin-alves\/"}]}},"_links":{"self":[{"href":"https:\/\/itr.ufrrj.br\/egressos\/wp-json\/wp\/v2\/posts\/5773","targetHints":{"allow":["GET"]}}],"collection":[{"href":"https:\/\/itr.ufrrj.br\/egressos\/wp-json\/wp\/v2\/posts"}],"about":[{"href":"https:\/\/itr.ufrrj.br\/egressos\/wp-json\/wp\/v2\/types\/post"}],"author":[{"embeddable":true,"href":"https:\/\/itr.ufrrj.br\/egressos\/wp-json\/wp\/v2\/users\/23"}],"replies":[{"embeddable":true,"href":"https:\/\/itr.ufrrj.br\/egressos\/wp-json\/wp\/v2\/comments?post=5773"}],"version-history":[{"count":1,"href":"https:\/\/itr.ufrrj.br\/egressos\/wp-json\/wp\/v2\/posts\/5773\/revisions"}],"predecessor-version":[{"id":5774,"href":"https:\/\/itr.ufrrj.br\/egressos\/wp-json\/wp\/v2\/posts\/5773\/revisions\/5774"}],"wp:attachment":[{"href":"https:\/\/itr.ufrrj.br\/egressos\/wp-json\/wp\/v2\/media?parent=5773"}],"wp:term":[{"taxonomy":"category","embeddable":true,"href":"https:\/\/itr.ufrrj.br\/egressos\/wp-json\/wp\/v2\/categories?post=5773"},{"taxonomy":"post_tag","embeddable":true,"href":"https:\/\/itr.ufrrj.br\/egressos\/wp-json\/wp\/v2\/tags?post=5773"}],"curies":[{"name":"wp","href":"https:\/\/api.w.org\/{rel}","templated":true}]}}