{"id":5724,"date":"2026-08-15T05:18:11","date_gmt":"2026-08-15T08:18:11","guid":{"rendered":"https:\/\/itr.ufrrj.br\/egressos\/?p=5724"},"modified":"2026-08-15T05:18:13","modified_gmt":"2026-08-15T08:18:13","slug":"analista-de-meio-ambiente-local-rio-de-janeiro-rj","status":"publish","type":"post","link":"https:\/\/itr.ufrrj.br\/egressos\/analista-de-meio-ambiente-local-rio-de-janeiro-rj\/","title":{"rendered":"ANALISTA DE MEIO AMBIENTE- Local: Rio de Janeiro\/RJ"},"content":{"rendered":"\n<p>PRINCIPAIS ATIVIDADES: Realizar an\u00e1lises de riscos ambientais relevantes e abrangentes, com planos de a\u00e7\u00e3o definidos; Realizar an\u00e1lises de mudan\u00e7as no contexto de novos projetos, modifica\u00e7\u00e3o de equipamentos ou edifica\u00e7\u00f5es atrav\u00e9s do documento \u201cMudan\u00e7as de Meio Ambiente e Preven\u00e7\u00e3o \u201d e realizar as devidas comunica\u00e7\u00f5es com a equipe de projeto; Analisar as anomalias operacionais do campo, consideradas, especialmente nos temas de CO\u2082, VOC, Res\u00edduos, \u00c1gua e Polui\u00e7\u00e3o. Realizar as orienta\u00e7\u00f5es necess\u00e1rias; Participar ou conduzir reuni\u00f5es de compartilhamento de boas pr\u00e1ticas no \u00e2mbito do site industrial e da am\u00e9rica do sul.<\/p>\n<p>\u00a0<\/p>\n<p>PR\u00c9-REQUISITOS: Experi\u00eancia pr\u00e9via na \u00e1rea; Experi\u00eancia na Ind\u00fastria; Experi\u00eancia com Gest\u00e3o Ambiental; Forma\u00e7\u00e3o Acad\u00eamica em meio ambiente &#8211; Ci\u00eancias Ambientais, Gest\u00e3o Ambiental, Engenharia Ambiental.<\/p>\n<p>\u00a0<\/p>\n<p>IDIOMAS: Ingl\u00eas intermedi\u00e1rio (B2);<\/p>\n<p>\u00a0<\/p>\n<p>LOCAL DE TRABALHO\/BASE: Campo Grande\/Rio de Janeiro.<\/p>\n<p>\u00a0<\/p>\n<p>\ud83c\udf33 Confira o link referente a esta vaga acessando o nosso site:<a href=\"https:\/\/www.instagram.com\/empregosambientais\/?e=4c3a8167-6a74-4ece-9305-d2152ff673ca&amp;g=5\">https:\/\/www.instagram.com\/empregosambientais\/?e=4c3a8167-6a74-4ece-9305-d2152ff673ca&amp;g=5<\/a><\/p>\n\n\n\n\n\n\n","protected":false},"excerpt":{"rendered":"<p>PRINCIPAIS ATIVIDADES: Realizar an\u00e1lises de riscos ambientais relevantes e abrangentes, com planos de a\u00e7\u00e3o definidos; Realizar an\u00e1lises de mudan\u00e7as no contexto de novos projetos, modifica\u00e7\u00e3o de equipamentos ou edifica\u00e7\u00f5es atrav\u00e9s do documento \u201cMudan\u00e7as de Meio Ambiente e Preven\u00e7\u00e3o \u201d e realizar as devidas comunica\u00e7\u00f5es com a equipe de projeto; Analisar as anomalias operacionais do campo, [&hellip;]<\/p>\n","protected":false},"author":25,"featured_media":0,"comment_status":"open","ping_status":"open","sticky":false,"template":"","format":"standard","meta":{"_acf_changed":false,"_exactmetrics_skip_tracking":false,"footnotes":""},"categories":[7],"tags":[20,25,19,15,17],"class_list":["post-5724","post","type-post","status-publish","format-standard","hentry","category-oportunidades","tag-empregos-ambientais","tag-gestao-ambiental","tag-gestor-ambiental","tag-meio-ambiente","tag-oportunidade-de-trabalho","cat-7-id"],"acf":[],"yoast_head":"<!-- This site is optimized with the Yoast SEO plugin v28.3 - https:\/\/yoast.com\/product\/yoast-seo-wordpress\/ -->\n<title>ANALISTA DE MEIO AMBIENTE- Local: Rio de Janeiro\/RJ - Programa de Acompanhamento de Egressos do Curso de Gest\u00e3o Ambiental do ITR\/UFRRJ<\/title>\n<meta name=\"robots\" content=\"index, follow, max-snippet:-1, max-image-preview:large, max-video-preview:-1\" \/>\n<link rel=\"canonical\" href=\"https:\/\/itr.ufrrj.br\/egressos\/analista-de-meio-ambiente-local-rio-de-janeiro-rj\/\" \/>\n<meta property=\"og:locale\" content=\"pt_BR\" \/>\n<meta property=\"og:type\" content=\"article\" \/>\n<meta property=\"og:title\" content=\"ANALISTA DE MEIO AMBIENTE- Local: Rio de Janeiro\/RJ - Programa de Acompanhamento de Egressos do Curso de Gest\u00e3o Ambiental do ITR\/UFRRJ\" \/>\n<meta property=\"og:description\" content=\"PRINCIPAIS ATIVIDADES: Realizar an\u00e1lises de riscos ambientais relevantes e abrangentes, com planos de a\u00e7\u00e3o definidos; Realizar an\u00e1lises de mudan\u00e7as no contexto de novos projetos, modifica\u00e7\u00e3o de equipamentos ou edifica\u00e7\u00f5es atrav\u00e9s do documento \u201cMudan\u00e7as de Meio Ambiente e Preven\u00e7\u00e3o \u201d e realizar as devidas comunica\u00e7\u00f5es com a equipe de projeto; Analisar as anomalias operacionais do campo, [&hellip;]\" \/>\n<meta property=\"og:url\" content=\"https:\/\/itr.ufrrj.br\/egressos\/analista-de-meio-ambiente-local-rio-de-janeiro-rj\/\" \/>\n<meta property=\"og:site_name\" content=\"Programa de Acompanhamento de Egressos do Curso de Gest\u00e3o Ambiental do ITR\/UFRRJ\" \/>\n<meta property=\"article:published_time\" content=\"2026-08-15T08:18:11+00:00\" \/>\n<meta property=\"article:modified_time\" content=\"2026-08-15T08:18:13+00:00\" \/>\n<meta name=\"author\" content=\"F\u00e1bio Leal da Silva Jr.\" \/>\n<meta name=\"twitter:card\" content=\"summary_large_image\" \/>\n<meta name=\"twitter:label1\" content=\"Escrito por\" \/>\n\t<meta name=\"twitter:data1\" content=\"F\u00e1bio Leal da Silva Jr.\" \/>\n\t<meta name=\"twitter:label2\" content=\"Est. tempo de leitura\" \/>\n\t<meta name=\"twitter:data2\" content=\"1 minuto\" \/>\n<script type=\"application\/ld+json\" class=\"yoast-schema-graph\">{\"@context\":\"https:\\\/\\\/schema.org\",\"@graph\":[{\"@type\":\"Article\",\"@id\":\"https:\\\/\\\/itr.ufrrj.br\\\/egressos\\\/analista-de-meio-ambiente-local-rio-de-janeiro-rj\\\/#article\",\"isPartOf\":{\"@id\":\"https:\\\/\\\/itr.ufrrj.br\\\/egressos\\\/analista-de-meio-ambiente-local-rio-de-janeiro-rj\\\/\"},\"author\":{\"name\":\"F\u00e1bio Leal da Silva Jr.\",\"@id\":\"https:\\\/\\\/itr.ufrrj.br\\\/egressos\\\/#\\\/schema\\\/person\\\/60359299e00fb93904d6150f587fdbfd\"},\"headline\":\"ANALISTA DE MEIO AMBIENTE- Local: Rio de Janeiro\\\/RJ\",\"datePublished\":\"2026-08-15T08:18:11+00:00\",\"dateModified\":\"2026-08-15T08:18:13+00:00\",\"mainEntityOfPage\":{\"@id\":\"https:\\\/\\\/itr.ufrrj.br\\\/egressos\\\/analista-de-meio-ambiente-local-rio-de-janeiro-rj\\\/\"},\"wordCount\":192,\"commentCount\":0,\"keywords\":[\"Empregos Ambientais\",\"Gest\u00e3o Ambiental\",\"Gestor Ambiental\",\"Meio Ambiente\",\"Oportunidade de Trabalho\"],\"articleSection\":[\"Oportunidades\"],\"inLanguage\":\"pt-BR\",\"potentialAction\":[{\"@type\":\"CommentAction\",\"name\":\"Comment\",\"target\":[\"https:\\\/\\\/itr.ufrrj.br\\\/egressos\\\/analista-de-meio-ambiente-local-rio-de-janeiro-rj\\\/#respond\"]}]},{\"@type\":\"WebPage\",\"@id\":\"https:\\\/\\\/itr.ufrrj.br\\\/egressos\\\/analista-de-meio-ambiente-local-rio-de-janeiro-rj\\\/\",\"url\":\"https:\\\/\\\/itr.ufrrj.br\\\/egressos\\\/analista-de-meio-ambiente-local-rio-de-janeiro-rj\\\/\",\"name\":\"ANALISTA DE MEIO AMBIENTE- Local: Rio de Janeiro\\\/RJ - Programa de Acompanhamento de Egressos do Curso de Gest\u00e3o Ambiental do ITR\\\/UFRRJ\",\"isPartOf\":{\"@id\":\"https:\\\/\\\/itr.ufrrj.br\\\/egressos\\\/#website\"},\"datePublished\":\"2026-08-15T08:18:11+00:00\",\"dateModified\":\"2026-08-15T08:18:13+00:00\",\"author\":{\"@id\":\"https:\\\/\\\/itr.ufrrj.br\\\/egressos\\\/#\\\/schema\\\/person\\\/60359299e00fb93904d6150f587fdbfd\"},\"breadcrumb\":{\"@id\":\"https:\\\/\\\/itr.ufrrj.br\\\/egressos\\\/analista-de-meio-ambiente-local-rio-de-janeiro-rj\\\/#breadcrumb\"},\"inLanguage\":\"pt-BR\",\"potentialAction\":[{\"@type\":\"ReadAction\",\"target\":[\"https:\\\/\\\/itr.ufrrj.br\\\/egressos\\\/analista-de-meio-ambiente-local-rio-de-janeiro-rj\\\/\"]}]},{\"@type\":\"BreadcrumbList\",\"@id\":\"https:\\\/\\\/itr.ufrrj.br\\\/egressos\\\/analista-de-meio-ambiente-local-rio-de-janeiro-rj\\\/#breadcrumb\",\"itemListElement\":[{\"@type\":\"ListItem\",\"position\":1,\"name\":\"In\u00edcio\",\"item\":\"https:\\\/\\\/itr.ufrrj.br\\\/egressos\\\/\"},{\"@type\":\"ListItem\",\"position\":2,\"name\":\"ANALISTA DE MEIO AMBIENTE- Local: Rio de Janeiro\\\/RJ\"}]},{\"@type\":\"WebSite\",\"@id\":\"https:\\\/\\\/itr.ufrrj.br\\\/egressos\\\/#website\",\"url\":\"https:\\\/\\\/itr.ufrrj.br\\\/egressos\\\/\",\"name\":\"Programa de Acompanhamento de Egressos do Curso de Gest\u00e3o Ambiental do ITR\\\/UFRRJ\",\"description\":\"Instituto Tr\u00eas Rios - UFRRJ\",\"potentialAction\":[{\"@type\":\"SearchAction\",\"target\":{\"@type\":\"EntryPoint\",\"urlTemplate\":\"https:\\\/\\\/itr.ufrrj.br\\\/egressos\\\/?s={search_term_string}\"},\"query-input\":{\"@type\":\"PropertyValueSpecification\",\"valueRequired\":true,\"valueName\":\"search_term_string\"}}],\"inLanguage\":\"pt-BR\"},{\"@type\":\"Person\",\"@id\":\"https:\\\/\\\/itr.ufrrj.br\\\/egressos\\\/#\\\/schema\\\/person\\\/60359299e00fb93904d6150f587fdbfd\",\"name\":\"F\u00e1bio Leal da Silva Jr.\",\"image\":{\"@type\":\"ImageObject\",\"inLanguage\":\"pt-BR\",\"@id\":\"https:\\\/\\\/secure.gravatar.com\\\/avatar\\\/fe32bb54543f5d9aaa1d39628f7a4724be9d7571f9b7a8aeac241948b79d790e?s=96&d=mm&r=g\",\"url\":\"https:\\\/\\\/secure.gravatar.com\\\/avatar\\\/fe32bb54543f5d9aaa1d39628f7a4724be9d7571f9b7a8aeac241948b79d790e?s=96&d=mm&r=g\",\"contentUrl\":\"https:\\\/\\\/secure.gravatar.com\\\/avatar\\\/fe32bb54543f5d9aaa1d39628f7a4724be9d7571f9b7a8aeac241948b79d790e?s=96&d=mm&r=g\",\"caption\":\"F\u00e1bio Leal da Silva Jr.\"},\"url\":\"https:\\\/\\\/itr.ufrrj.br\\\/egressos\\\/author\\\/fabiojr\\\/\"}]}<\/script>\n<!-- \/ Yoast SEO plugin. -->","yoast_head_json":{"title":"ANALISTA DE MEIO AMBIENTE- Local: Rio de Janeiro\/RJ - Programa de Acompanhamento de Egressos do Curso de Gest\u00e3o Ambiental do ITR\/UFRRJ","robots":{"index":"index","follow":"follow","max-snippet":"max-snippet:-1","max-image-preview":"max-image-preview:large","max-video-preview":"max-video-preview:-1"},"canonical":"https:\/\/itr.ufrrj.br\/egressos\/analista-de-meio-ambiente-local-rio-de-janeiro-rj\/","og_locale":"pt_BR","og_type":"article","og_title":"ANALISTA DE MEIO AMBIENTE- Local: Rio de Janeiro\/RJ - Programa de Acompanhamento de Egressos do Curso de Gest\u00e3o Ambiental do ITR\/UFRRJ","og_description":"PRINCIPAIS ATIVIDADES: Realizar an\u00e1lises de riscos ambientais relevantes e abrangentes, com planos de a\u00e7\u00e3o definidos; Realizar an\u00e1lises de mudan\u00e7as no contexto de novos projetos, modifica\u00e7\u00e3o de equipamentos ou edifica\u00e7\u00f5es atrav\u00e9s do documento \u201cMudan\u00e7as de Meio Ambiente e Preven\u00e7\u00e3o \u201d e realizar as devidas comunica\u00e7\u00f5es com a equipe de projeto; Analisar as anomalias operacionais do campo, [&hellip;]","og_url":"https:\/\/itr.ufrrj.br\/egressos\/analista-de-meio-ambiente-local-rio-de-janeiro-rj\/","og_site_name":"Programa de Acompanhamento de Egressos do Curso de Gest\u00e3o Ambiental do ITR\/UFRRJ","article_published_time":"2026-08-15T08:18:11+00:00","article_modified_time":"2026-08-15T08:18:13+00:00","author":"F\u00e1bio Leal da Silva Jr.","twitter_card":"summary_large_image","twitter_misc":{"Escrito por":"F\u00e1bio Leal da Silva Jr.","Est. tempo de leitura":"1 minuto"},"schema":{"@context":"https:\/\/schema.org","@graph":[{"@type":"Article","@id":"https:\/\/itr.ufrrj.br\/egressos\/analista-de-meio-ambiente-local-rio-de-janeiro-rj\/#article","isPartOf":{"@id":"https:\/\/itr.ufrrj.br\/egressos\/analista-de-meio-ambiente-local-rio-de-janeiro-rj\/"},"author":{"name":"F\u00e1bio Leal da Silva Jr.","@id":"https:\/\/itr.ufrrj.br\/egressos\/#\/schema\/person\/60359299e00fb93904d6150f587fdbfd"},"headline":"ANALISTA DE MEIO AMBIENTE- Local: Rio de Janeiro\/RJ","datePublished":"2026-08-15T08:18:11+00:00","dateModified":"2026-08-15T08:18:13+00:00","mainEntityOfPage":{"@id":"https:\/\/itr.ufrrj.br\/egressos\/analista-de-meio-ambiente-local-rio-de-janeiro-rj\/"},"wordCount":192,"commentCount":0,"keywords":["Empregos Ambientais","Gest\u00e3o Ambiental","Gestor Ambiental","Meio Ambiente","Oportunidade de Trabalho"],"articleSection":["Oportunidades"],"inLanguage":"pt-BR","potentialAction":[{"@type":"CommentAction","name":"Comment","target":["https:\/\/itr.ufrrj.br\/egressos\/analista-de-meio-ambiente-local-rio-de-janeiro-rj\/#respond"]}]},{"@type":"WebPage","@id":"https:\/\/itr.ufrrj.br\/egressos\/analista-de-meio-ambiente-local-rio-de-janeiro-rj\/","url":"https:\/\/itr.ufrrj.br\/egressos\/analista-de-meio-ambiente-local-rio-de-janeiro-rj\/","name":"ANALISTA DE MEIO AMBIENTE- Local: Rio de Janeiro\/RJ - Programa de Acompanhamento de Egressos do Curso de Gest\u00e3o Ambiental do ITR\/UFRRJ","isPartOf":{"@id":"https:\/\/itr.ufrrj.br\/egressos\/#website"},"datePublished":"2026-08-15T08:18:11+00:00","dateModified":"2026-08-15T08:18:13+00:00","author":{"@id":"https:\/\/itr.ufrrj.br\/egressos\/#\/schema\/person\/60359299e00fb93904d6150f587fdbfd"},"breadcrumb":{"@id":"https:\/\/itr.ufrrj.br\/egressos\/analista-de-meio-ambiente-local-rio-de-janeiro-rj\/#breadcrumb"},"inLanguage":"pt-BR","potentialAction":[{"@type":"ReadAction","target":["https:\/\/itr.ufrrj.br\/egressos\/analista-de-meio-ambiente-local-rio-de-janeiro-rj\/"]}]},{"@type":"BreadcrumbList","@id":"https:\/\/itr.ufrrj.br\/egressos\/analista-de-meio-ambiente-local-rio-de-janeiro-rj\/#breadcrumb","itemListElement":[{"@type":"ListItem","position":1,"name":"In\u00edcio","item":"https:\/\/itr.ufrrj.br\/egressos\/"},{"@type":"ListItem","position":2,"name":"ANALISTA DE MEIO AMBIENTE- Local: Rio de Janeiro\/RJ"}]},{"@type":"WebSite","@id":"https:\/\/itr.ufrrj.br\/egressos\/#website","url":"https:\/\/itr.ufrrj.br\/egressos\/","name":"Programa de Acompanhamento de Egressos do Curso de Gest\u00e3o Ambiental do ITR\/UFRRJ","description":"Instituto Tr\u00eas Rios - UFRRJ","potentialAction":[{"@type":"SearchAction","target":{"@type":"EntryPoint","urlTemplate":"https:\/\/itr.ufrrj.br\/egressos\/?s={search_term_string}"},"query-input":{"@type":"PropertyValueSpecification","valueRequired":true,"valueName":"search_term_string"}}],"inLanguage":"pt-BR"},{"@type":"Person","@id":"https:\/\/itr.ufrrj.br\/egressos\/#\/schema\/person\/60359299e00fb93904d6150f587fdbfd","name":"F\u00e1bio Leal da Silva Jr.","image":{"@type":"ImageObject","inLanguage":"pt-BR","@id":"https:\/\/secure.gravatar.com\/avatar\/fe32bb54543f5d9aaa1d39628f7a4724be9d7571f9b7a8aeac241948b79d790e?s=96&d=mm&r=g","url":"https:\/\/secure.gravatar.com\/avatar\/fe32bb54543f5d9aaa1d39628f7a4724be9d7571f9b7a8aeac241948b79d790e?s=96&d=mm&r=g","contentUrl":"https:\/\/secure.gravatar.com\/avatar\/fe32bb54543f5d9aaa1d39628f7a4724be9d7571f9b7a8aeac241948b79d790e?s=96&d=mm&r=g","caption":"F\u00e1bio Leal da Silva Jr."},"url":"https:\/\/itr.ufrrj.br\/egressos\/author\/fabiojr\/"}]}},"_links":{"self":[{"href":"https:\/\/itr.ufrrj.br\/egressos\/wp-json\/wp\/v2\/posts\/5724","targetHints":{"allow":["GET"]}}],"collection":[{"href":"https:\/\/itr.ufrrj.br\/egressos\/wp-json\/wp\/v2\/posts"}],"about":[{"href":"https:\/\/itr.ufrrj.br\/egressos\/wp-json\/wp\/v2\/types\/post"}],"author":[{"embeddable":true,"href":"https:\/\/itr.ufrrj.br\/egressos\/wp-json\/wp\/v2\/users\/25"}],"replies":[{"embeddable":true,"href":"https:\/\/itr.ufrrj.br\/egressos\/wp-json\/wp\/v2\/comments?post=5724"}],"version-history":[{"count":2,"href":"https:\/\/itr.ufrrj.br\/egressos\/wp-json\/wp\/v2\/posts\/5724\/revisions"}],"predecessor-version":[{"id":5726,"href":"https:\/\/itr.ufrrj.br\/egressos\/wp-json\/wp\/v2\/posts\/5724\/revisions\/5726"}],"wp:attachment":[{"href":"https:\/\/itr.ufrrj.br\/egressos\/wp-json\/wp\/v2\/media?parent=5724"}],"wp:term":[{"taxonomy":"category","embeddable":true,"href":"https:\/\/itr.ufrrj.br\/egressos\/wp-json\/wp\/v2\/categories?post=5724"},{"taxonomy":"post_tag","embeddable":true,"href":"https:\/\/itr.ufrrj.br\/egressos\/wp-json\/wp\/v2\/tags?post=5724"}],"curies":[{"name":"wp","href":"https:\/\/api.w.org\/{rel}","templated":true}]}}