{"id":5721,"date":"2026-08-15T05:14:10","date_gmt":"2026-08-15T08:14:10","guid":{"rendered":"https:\/\/itr.ufrrj.br\/egressos\/?p=5721"},"modified":"2026-08-15T05:14:11","modified_gmt":"2026-08-15T08:14:11","slug":"analista-de-licenciamento-ambiental-junior-local-belo-horizonte-mg","status":"publish","type":"post","link":"https:\/\/itr.ufrrj.br\/egressos\/analista-de-licenciamento-ambiental-junior-local-belo-horizonte-mg\/","title":{"rendered":"ANALISTA DE LICENCIAMENTO AMBIENTAL J\u00daNIOR &#8211; Local: Belo Horizonte\/MG"},"content":{"rendered":"\n<p>PRINCIPAIS ATIVIDADES: Planejamento e execu\u00e7\u00e3o de processos de licenciamento ambiental; Elabora\u00e7\u00e3o e revis\u00e3o de documentos t\u00e9cnicos; Interpreta\u00e7\u00e3o e aplica\u00e7\u00e3o da legisla\u00e7\u00e3o ambiental nos projetos e atividades da empresa; Organiza\u00e7\u00e3o de documenta\u00e7\u00e3o necess\u00e1ria para os processos de licenciamento (como mapas, relat\u00f3rios, laudos, formul\u00e1rios etc.); Apoio no preenchimento de formul\u00e1rios de solicita\u00e7\u00e3o de licen\u00e7as junto a \u00f3rg\u00e3os ambientais (como CETESB, \u00f3rg\u00e3os estaduais ou municipais); Acompanhamento de prazos e protocolos nos \u00f3rg\u00e3os licenciadores; Contato com t\u00e9cnicos e analistas ambientais, empresas terceirizadas e \u00f3rg\u00e3os reguladores; Controle de processos ambientais.<\/p>\n<p>\u00a0<\/p>\n<p>ESCOLARIDADE: Gradua\u00e7\u00e3o.<\/p>\n<p>\u00a0<\/p>\n<p>HABILIDADE T\u00c9CNICA: Pacote Office \u2013 B\u00e1sico.<\/p>\n<p>\u00a0<\/p>\n<p>\ud83c\udf33 Confira o link referente a esta vaga acessando o nosso site:\u00a0<a href=\"https:\/\/www.instagram.com\/empregosambientais\/?e=6f6b05c3-48a3-4ecc-8441-a7485b64c087&amp;g=5\">https:\/\/www.instagram.com\/empregosambientais\/?e=6f6b05c3-48a3-4ecc-8441-a7485b64c087&amp;g=5<\/a><\/p>\n\n\n\n\n\n\n\n\n","protected":false},"excerpt":{"rendered":"<p>PRINCIPAIS ATIVIDADES: Planejamento e execu\u00e7\u00e3o de processos de licenciamento ambiental; Elabora\u00e7\u00e3o e revis\u00e3o de documentos t\u00e9cnicos; Interpreta\u00e7\u00e3o e aplica\u00e7\u00e3o da legisla\u00e7\u00e3o ambiental nos projetos e atividades da empresa; Organiza\u00e7\u00e3o de documenta\u00e7\u00e3o necess\u00e1ria para os processos de licenciamento (como mapas, relat\u00f3rios, laudos, formul\u00e1rios etc.); Apoio no preenchimento de formul\u00e1rios de solicita\u00e7\u00e3o de licen\u00e7as junto a \u00f3rg\u00e3os [&hellip;]<\/p>\n","protected":false},"author":25,"featured_media":0,"comment_status":"open","ping_status":"open","sticky":false,"template":"","format":"standard","meta":{"_acf_changed":false,"_exactmetrics_skip_tracking":false,"footnotes":""},"categories":[7],"tags":[20,25,19,15,17],"class_list":["post-5721","post","type-post","status-publish","format-standard","hentry","category-oportunidades","tag-empregos-ambientais","tag-gestao-ambiental","tag-gestor-ambiental","tag-meio-ambiente","tag-oportunidade-de-trabalho","cat-7-id"],"acf":[],"yoast_head":"<!-- This site is optimized with the Yoast SEO plugin v28.3 - https:\/\/yoast.com\/product\/yoast-seo-wordpress\/ -->\n<title>ANALISTA DE LICENCIAMENTO AMBIENTAL J\u00daNIOR - Local: Belo Horizonte\/MG - Programa de Acompanhamento de Egressos do Curso de Gest\u00e3o Ambiental do ITR\/UFRRJ<\/title>\n<meta name=\"robots\" content=\"index, follow, max-snippet:-1, max-image-preview:large, max-video-preview:-1\" \/>\n<link rel=\"canonical\" href=\"https:\/\/itr.ufrrj.br\/egressos\/analista-de-licenciamento-ambiental-junior-local-belo-horizonte-mg\/\" \/>\n<meta property=\"og:locale\" content=\"pt_BR\" \/>\n<meta property=\"og:type\" content=\"article\" \/>\n<meta property=\"og:title\" content=\"ANALISTA DE LICENCIAMENTO AMBIENTAL J\u00daNIOR - Local: Belo Horizonte\/MG - Programa de Acompanhamento de Egressos do Curso de Gest\u00e3o Ambiental do ITR\/UFRRJ\" \/>\n<meta property=\"og:description\" content=\"PRINCIPAIS ATIVIDADES: Planejamento e execu\u00e7\u00e3o de processos de licenciamento ambiental; Elabora\u00e7\u00e3o e revis\u00e3o de documentos t\u00e9cnicos; Interpreta\u00e7\u00e3o e aplica\u00e7\u00e3o da legisla\u00e7\u00e3o ambiental nos projetos e atividades da empresa; Organiza\u00e7\u00e3o de documenta\u00e7\u00e3o necess\u00e1ria para os processos de licenciamento (como mapas, relat\u00f3rios, laudos, formul\u00e1rios etc.); Apoio no preenchimento de formul\u00e1rios de solicita\u00e7\u00e3o de licen\u00e7as junto a \u00f3rg\u00e3os [&hellip;]\" \/>\n<meta property=\"og:url\" content=\"https:\/\/itr.ufrrj.br\/egressos\/analista-de-licenciamento-ambiental-junior-local-belo-horizonte-mg\/\" \/>\n<meta property=\"og:site_name\" content=\"Programa de Acompanhamento de Egressos do Curso de Gest\u00e3o Ambiental do ITR\/UFRRJ\" \/>\n<meta property=\"article:published_time\" content=\"2026-08-15T08:14:10+00:00\" \/>\n<meta property=\"article:modified_time\" content=\"2026-08-15T08:14:11+00:00\" \/>\n<meta name=\"author\" content=\"F\u00e1bio Leal da Silva Jr.\" \/>\n<meta name=\"twitter:card\" content=\"summary_large_image\" \/>\n<meta name=\"twitter:label1\" content=\"Escrito por\" \/>\n\t<meta name=\"twitter:data1\" content=\"F\u00e1bio Leal da Silva Jr.\" \/>\n\t<meta name=\"twitter:label2\" content=\"Est. tempo de leitura\" \/>\n\t<meta name=\"twitter:data2\" content=\"1 minuto\" \/>\n<script type=\"application\/ld+json\" class=\"yoast-schema-graph\">{\"@context\":\"https:\\\/\\\/schema.org\",\"@graph\":[{\"@type\":\"Article\",\"@id\":\"https:\\\/\\\/itr.ufrrj.br\\\/egressos\\\/analista-de-licenciamento-ambiental-junior-local-belo-horizonte-mg\\\/#article\",\"isPartOf\":{\"@id\":\"https:\\\/\\\/itr.ufrrj.br\\\/egressos\\\/analista-de-licenciamento-ambiental-junior-local-belo-horizonte-mg\\\/\"},\"author\":{\"name\":\"F\u00e1bio Leal da Silva Jr.\",\"@id\":\"https:\\\/\\\/itr.ufrrj.br\\\/egressos\\\/#\\\/schema\\\/person\\\/60359299e00fb93904d6150f587fdbfd\"},\"headline\":\"ANALISTA DE LICENCIAMENTO AMBIENTAL J\u00daNIOR &#8211; Local: Belo Horizonte\\\/MG\",\"datePublished\":\"2026-08-15T08:14:10+00:00\",\"dateModified\":\"2026-08-15T08:14:11+00:00\",\"mainEntityOfPage\":{\"@id\":\"https:\\\/\\\/itr.ufrrj.br\\\/egressos\\\/analista-de-licenciamento-ambiental-junior-local-belo-horizonte-mg\\\/\"},\"wordCount\":155,\"commentCount\":0,\"keywords\":[\"Empregos Ambientais\",\"Gest\u00e3o Ambiental\",\"Gestor Ambiental\",\"Meio Ambiente\",\"Oportunidade de Trabalho\"],\"articleSection\":[\"Oportunidades\"],\"inLanguage\":\"pt-BR\",\"potentialAction\":[{\"@type\":\"CommentAction\",\"name\":\"Comment\",\"target\":[\"https:\\\/\\\/itr.ufrrj.br\\\/egressos\\\/analista-de-licenciamento-ambiental-junior-local-belo-horizonte-mg\\\/#respond\"]}]},{\"@type\":\"WebPage\",\"@id\":\"https:\\\/\\\/itr.ufrrj.br\\\/egressos\\\/analista-de-licenciamento-ambiental-junior-local-belo-horizonte-mg\\\/\",\"url\":\"https:\\\/\\\/itr.ufrrj.br\\\/egressos\\\/analista-de-licenciamento-ambiental-junior-local-belo-horizonte-mg\\\/\",\"name\":\"ANALISTA DE LICENCIAMENTO AMBIENTAL J\u00daNIOR - Local: Belo Horizonte\\\/MG - Programa de Acompanhamento de Egressos do Curso de Gest\u00e3o Ambiental do ITR\\\/UFRRJ\",\"isPartOf\":{\"@id\":\"https:\\\/\\\/itr.ufrrj.br\\\/egressos\\\/#website\"},\"datePublished\":\"2026-08-15T08:14:10+00:00\",\"dateModified\":\"2026-08-15T08:14:11+00:00\",\"author\":{\"@id\":\"https:\\\/\\\/itr.ufrrj.br\\\/egressos\\\/#\\\/schema\\\/person\\\/60359299e00fb93904d6150f587fdbfd\"},\"breadcrumb\":{\"@id\":\"https:\\\/\\\/itr.ufrrj.br\\\/egressos\\\/analista-de-licenciamento-ambiental-junior-local-belo-horizonte-mg\\\/#breadcrumb\"},\"inLanguage\":\"pt-BR\",\"potentialAction\":[{\"@type\":\"ReadAction\",\"target\":[\"https:\\\/\\\/itr.ufrrj.br\\\/egressos\\\/analista-de-licenciamento-ambiental-junior-local-belo-horizonte-mg\\\/\"]}]},{\"@type\":\"BreadcrumbList\",\"@id\":\"https:\\\/\\\/itr.ufrrj.br\\\/egressos\\\/analista-de-licenciamento-ambiental-junior-local-belo-horizonte-mg\\\/#breadcrumb\",\"itemListElement\":[{\"@type\":\"ListItem\",\"position\":1,\"name\":\"In\u00edcio\",\"item\":\"https:\\\/\\\/itr.ufrrj.br\\\/egressos\\\/\"},{\"@type\":\"ListItem\",\"position\":2,\"name\":\"ANALISTA DE LICENCIAMENTO AMBIENTAL J\u00daNIOR &#8211; Local: Belo Horizonte\\\/MG\"}]},{\"@type\":\"WebSite\",\"@id\":\"https:\\\/\\\/itr.ufrrj.br\\\/egressos\\\/#website\",\"url\":\"https:\\\/\\\/itr.ufrrj.br\\\/egressos\\\/\",\"name\":\"Programa de Acompanhamento de Egressos do Curso de Gest\u00e3o Ambiental do ITR\\\/UFRRJ\",\"description\":\"Instituto Tr\u00eas Rios - UFRRJ\",\"potentialAction\":[{\"@type\":\"SearchAction\",\"target\":{\"@type\":\"EntryPoint\",\"urlTemplate\":\"https:\\\/\\\/itr.ufrrj.br\\\/egressos\\\/?s={search_term_string}\"},\"query-input\":{\"@type\":\"PropertyValueSpecification\",\"valueRequired\":true,\"valueName\":\"search_term_string\"}}],\"inLanguage\":\"pt-BR\"},{\"@type\":\"Person\",\"@id\":\"https:\\\/\\\/itr.ufrrj.br\\\/egressos\\\/#\\\/schema\\\/person\\\/60359299e00fb93904d6150f587fdbfd\",\"name\":\"F\u00e1bio Leal da Silva Jr.\",\"image\":{\"@type\":\"ImageObject\",\"inLanguage\":\"pt-BR\",\"@id\":\"https:\\\/\\\/secure.gravatar.com\\\/avatar\\\/fe32bb54543f5d9aaa1d39628f7a4724be9d7571f9b7a8aeac241948b79d790e?s=96&d=mm&r=g\",\"url\":\"https:\\\/\\\/secure.gravatar.com\\\/avatar\\\/fe32bb54543f5d9aaa1d39628f7a4724be9d7571f9b7a8aeac241948b79d790e?s=96&d=mm&r=g\",\"contentUrl\":\"https:\\\/\\\/secure.gravatar.com\\\/avatar\\\/fe32bb54543f5d9aaa1d39628f7a4724be9d7571f9b7a8aeac241948b79d790e?s=96&d=mm&r=g\",\"caption\":\"F\u00e1bio Leal da Silva Jr.\"},\"url\":\"https:\\\/\\\/itr.ufrrj.br\\\/egressos\\\/author\\\/fabiojr\\\/\"}]}<\/script>\n<!-- \/ Yoast SEO plugin. -->","yoast_head_json":{"title":"ANALISTA DE LICENCIAMENTO AMBIENTAL J\u00daNIOR - Local: Belo Horizonte\/MG - Programa de Acompanhamento de Egressos do Curso de Gest\u00e3o Ambiental do ITR\/UFRRJ","robots":{"index":"index","follow":"follow","max-snippet":"max-snippet:-1","max-image-preview":"max-image-preview:large","max-video-preview":"max-video-preview:-1"},"canonical":"https:\/\/itr.ufrrj.br\/egressos\/analista-de-licenciamento-ambiental-junior-local-belo-horizonte-mg\/","og_locale":"pt_BR","og_type":"article","og_title":"ANALISTA DE LICENCIAMENTO AMBIENTAL J\u00daNIOR - Local: Belo Horizonte\/MG - Programa de Acompanhamento de Egressos do Curso de Gest\u00e3o Ambiental do ITR\/UFRRJ","og_description":"PRINCIPAIS ATIVIDADES: Planejamento e execu\u00e7\u00e3o de processos de licenciamento ambiental; Elabora\u00e7\u00e3o e revis\u00e3o de documentos t\u00e9cnicos; Interpreta\u00e7\u00e3o e aplica\u00e7\u00e3o da legisla\u00e7\u00e3o ambiental nos projetos e atividades da empresa; Organiza\u00e7\u00e3o de documenta\u00e7\u00e3o necess\u00e1ria para os processos de licenciamento (como mapas, relat\u00f3rios, laudos, formul\u00e1rios etc.); Apoio no preenchimento de formul\u00e1rios de solicita\u00e7\u00e3o de licen\u00e7as junto a \u00f3rg\u00e3os [&hellip;]","og_url":"https:\/\/itr.ufrrj.br\/egressos\/analista-de-licenciamento-ambiental-junior-local-belo-horizonte-mg\/","og_site_name":"Programa de Acompanhamento de Egressos do Curso de Gest\u00e3o Ambiental do ITR\/UFRRJ","article_published_time":"2026-08-15T08:14:10+00:00","article_modified_time":"2026-08-15T08:14:11+00:00","author":"F\u00e1bio Leal da Silva Jr.","twitter_card":"summary_large_image","twitter_misc":{"Escrito por":"F\u00e1bio Leal da Silva Jr.","Est. tempo de leitura":"1 minuto"},"schema":{"@context":"https:\/\/schema.org","@graph":[{"@type":"Article","@id":"https:\/\/itr.ufrrj.br\/egressos\/analista-de-licenciamento-ambiental-junior-local-belo-horizonte-mg\/#article","isPartOf":{"@id":"https:\/\/itr.ufrrj.br\/egressos\/analista-de-licenciamento-ambiental-junior-local-belo-horizonte-mg\/"},"author":{"name":"F\u00e1bio Leal da Silva Jr.","@id":"https:\/\/itr.ufrrj.br\/egressos\/#\/schema\/person\/60359299e00fb93904d6150f587fdbfd"},"headline":"ANALISTA DE LICENCIAMENTO AMBIENTAL J\u00daNIOR &#8211; Local: Belo Horizonte\/MG","datePublished":"2026-08-15T08:14:10+00:00","dateModified":"2026-08-15T08:14:11+00:00","mainEntityOfPage":{"@id":"https:\/\/itr.ufrrj.br\/egressos\/analista-de-licenciamento-ambiental-junior-local-belo-horizonte-mg\/"},"wordCount":155,"commentCount":0,"keywords":["Empregos Ambientais","Gest\u00e3o Ambiental","Gestor Ambiental","Meio Ambiente","Oportunidade de Trabalho"],"articleSection":["Oportunidades"],"inLanguage":"pt-BR","potentialAction":[{"@type":"CommentAction","name":"Comment","target":["https:\/\/itr.ufrrj.br\/egressos\/analista-de-licenciamento-ambiental-junior-local-belo-horizonte-mg\/#respond"]}]},{"@type":"WebPage","@id":"https:\/\/itr.ufrrj.br\/egressos\/analista-de-licenciamento-ambiental-junior-local-belo-horizonte-mg\/","url":"https:\/\/itr.ufrrj.br\/egressos\/analista-de-licenciamento-ambiental-junior-local-belo-horizonte-mg\/","name":"ANALISTA DE LICENCIAMENTO AMBIENTAL J\u00daNIOR - Local: Belo Horizonte\/MG - Programa de Acompanhamento de Egressos do Curso de Gest\u00e3o Ambiental do ITR\/UFRRJ","isPartOf":{"@id":"https:\/\/itr.ufrrj.br\/egressos\/#website"},"datePublished":"2026-08-15T08:14:10+00:00","dateModified":"2026-08-15T08:14:11+00:00","author":{"@id":"https:\/\/itr.ufrrj.br\/egressos\/#\/schema\/person\/60359299e00fb93904d6150f587fdbfd"},"breadcrumb":{"@id":"https:\/\/itr.ufrrj.br\/egressos\/analista-de-licenciamento-ambiental-junior-local-belo-horizonte-mg\/#breadcrumb"},"inLanguage":"pt-BR","potentialAction":[{"@type":"ReadAction","target":["https:\/\/itr.ufrrj.br\/egressos\/analista-de-licenciamento-ambiental-junior-local-belo-horizonte-mg\/"]}]},{"@type":"BreadcrumbList","@id":"https:\/\/itr.ufrrj.br\/egressos\/analista-de-licenciamento-ambiental-junior-local-belo-horizonte-mg\/#breadcrumb","itemListElement":[{"@type":"ListItem","position":1,"name":"In\u00edcio","item":"https:\/\/itr.ufrrj.br\/egressos\/"},{"@type":"ListItem","position":2,"name":"ANALISTA DE LICENCIAMENTO AMBIENTAL J\u00daNIOR &#8211; Local: Belo Horizonte\/MG"}]},{"@type":"WebSite","@id":"https:\/\/itr.ufrrj.br\/egressos\/#website","url":"https:\/\/itr.ufrrj.br\/egressos\/","name":"Programa de Acompanhamento de Egressos do Curso de Gest\u00e3o Ambiental do ITR\/UFRRJ","description":"Instituto Tr\u00eas Rios - UFRRJ","potentialAction":[{"@type":"SearchAction","target":{"@type":"EntryPoint","urlTemplate":"https:\/\/itr.ufrrj.br\/egressos\/?s={search_term_string}"},"query-input":{"@type":"PropertyValueSpecification","valueRequired":true,"valueName":"search_term_string"}}],"inLanguage":"pt-BR"},{"@type":"Person","@id":"https:\/\/itr.ufrrj.br\/egressos\/#\/schema\/person\/60359299e00fb93904d6150f587fdbfd","name":"F\u00e1bio Leal da Silva Jr.","image":{"@type":"ImageObject","inLanguage":"pt-BR","@id":"https:\/\/secure.gravatar.com\/avatar\/fe32bb54543f5d9aaa1d39628f7a4724be9d7571f9b7a8aeac241948b79d790e?s=96&d=mm&r=g","url":"https:\/\/secure.gravatar.com\/avatar\/fe32bb54543f5d9aaa1d39628f7a4724be9d7571f9b7a8aeac241948b79d790e?s=96&d=mm&r=g","contentUrl":"https:\/\/secure.gravatar.com\/avatar\/fe32bb54543f5d9aaa1d39628f7a4724be9d7571f9b7a8aeac241948b79d790e?s=96&d=mm&r=g","caption":"F\u00e1bio Leal da Silva Jr."},"url":"https:\/\/itr.ufrrj.br\/egressos\/author\/fabiojr\/"}]}},"_links":{"self":[{"href":"https:\/\/itr.ufrrj.br\/egressos\/wp-json\/wp\/v2\/posts\/5721","targetHints":{"allow":["GET"]}}],"collection":[{"href":"https:\/\/itr.ufrrj.br\/egressos\/wp-json\/wp\/v2\/posts"}],"about":[{"href":"https:\/\/itr.ufrrj.br\/egressos\/wp-json\/wp\/v2\/types\/post"}],"author":[{"embeddable":true,"href":"https:\/\/itr.ufrrj.br\/egressos\/wp-json\/wp\/v2\/users\/25"}],"replies":[{"embeddable":true,"href":"https:\/\/itr.ufrrj.br\/egressos\/wp-json\/wp\/v2\/comments?post=5721"}],"version-history":[{"count":1,"href":"https:\/\/itr.ufrrj.br\/egressos\/wp-json\/wp\/v2\/posts\/5721\/revisions"}],"predecessor-version":[{"id":5722,"href":"https:\/\/itr.ufrrj.br\/egressos\/wp-json\/wp\/v2\/posts\/5721\/revisions\/5722"}],"wp:attachment":[{"href":"https:\/\/itr.ufrrj.br\/egressos\/wp-json\/wp\/v2\/media?parent=5721"}],"wp:term":[{"taxonomy":"category","embeddable":true,"href":"https:\/\/itr.ufrrj.br\/egressos\/wp-json\/wp\/v2\/categories?post=5721"},{"taxonomy":"post_tag","embeddable":true,"href":"https:\/\/itr.ufrrj.br\/egressos\/wp-json\/wp\/v2\/tags?post=5721"}],"curies":[{"name":"wp","href":"https:\/\/api.w.org\/{rel}","templated":true}]}}