{"id":5707,"date":"2026-08-13T16:41:25","date_gmt":"2026-08-13T19:41:25","guid":{"rendered":"https:\/\/itr.ufrrj.br\/egressos\/?p=5707"},"modified":"2026-08-13T16:41:27","modified_gmt":"2026-08-13T19:41:27","slug":"analista-de-meio-ambiente-jr-local-abreu-e-lima-pe","status":"publish","type":"post","link":"https:\/\/itr.ufrrj.br\/egressos\/analista-de-meio-ambiente-jr-local-abreu-e-lima-pe\/","title":{"rendered":"ANALISTA DE MEIO AMBIENTE JR. &#8211; Local: Abreu e Lima\/PE"},"content":{"rendered":"\n<p>PRINCIPAIS ATIVIDADES: Respons\u00e1vel por apoiar a gest\u00e3o ambiental da f\u00e1brica; Garantir o cumprimento da legisla\u00e7\u00e3o ambiental, das licen\u00e7as e dos procedimentos internos; Atuar no acompanhamento da opera\u00e7\u00e3o da Esta\u00e7\u00e3o de Tratamento de Efluentes (ETE), gest\u00e3o de res\u00edduos, monitoramento de indicadores ambientais, controle de documentos e atendimento \u00e0s condicionantes ambientais; Realiza inspe\u00e7\u00f5es, acompanha coletas e an\u00e1lises ambientais, apoia auditorias e fiscaliza\u00e7\u00f5es, promove a\u00e7\u00f5es de conscientiza\u00e7\u00e3o ambiental e contribui para a melhoria cont\u00ednua dos processos, visando a redu\u00e7\u00e3o dos impactos ambientais e a conformidade legal da empresa.<br \/><br \/>REQUISITOS \/ ESTUDOS: Ensino superior.<br \/><br \/>REQUISITOS\/ CONHECIMENTOS: Legisla\u00e7\u00e3o ambiental; Gest\u00e3o de res\u00edduos s\u00f3lidos; Opera\u00e7\u00e3o de Esta\u00e7\u00e3o de Tratamento de Efluentes (ETE); Licenciamento ambiental; Pacote Office (Excel intermedi\u00e1rio); Indicadores ambientais.<br \/><br \/>VALORIZADO: Experi\u00eancia profissional.<br \/><br \/>\ud83c\udf33 Confira o link referente a esta vaga acessando o nosso site:<a href=\"https:\/\/www.instagram.com\/empregosambientais\/\">https:\/\/www.instagram.com\/empregosambientais\/<\/a><\/p>\n","protected":false},"excerpt":{"rendered":"<p>PRINCIPAIS ATIVIDADES: Respons\u00e1vel por apoiar a gest\u00e3o ambiental da f\u00e1brica; Garantir o cumprimento da legisla\u00e7\u00e3o ambiental, das licen\u00e7as e dos procedimentos internos; Atuar no acompanhamento da opera\u00e7\u00e3o da Esta\u00e7\u00e3o de Tratamento de Efluentes (ETE), gest\u00e3o de res\u00edduos, monitoramento de indicadores ambientais, controle de documentos e atendimento \u00e0s condicionantes ambientais; Realiza inspe\u00e7\u00f5es, acompanha coletas e an\u00e1lises [&hellip;]<\/p>\n","protected":false},"author":25,"featured_media":0,"comment_status":"open","ping_status":"open","sticky":false,"template":"","format":"standard","meta":{"_acf_changed":false,"_exactmetrics_skip_tracking":false,"footnotes":""},"categories":[7],"tags":[20,25,19,15,17,21],"class_list":["post-5707","post","type-post","status-publish","format-standard","hentry","category-oportunidades","tag-empregos-ambientais","tag-gestao-ambiental","tag-gestor-ambiental","tag-meio-ambiente","tag-oportunidade-de-trabalho","tag-sustentabilidade","cat-7-id"],"acf":[],"yoast_head":"<!-- This site is optimized with the Yoast SEO plugin v28.3 - https:\/\/yoast.com\/product\/yoast-seo-wordpress\/ -->\n<title>ANALISTA DE MEIO AMBIENTE JR. - Local: Abreu e Lima\/PE - Programa de Acompanhamento de Egressos do Curso de Gest\u00e3o Ambiental do ITR\/UFRRJ<\/title>\n<meta name=\"robots\" content=\"index, follow, max-snippet:-1, max-image-preview:large, max-video-preview:-1\" \/>\n<link rel=\"canonical\" href=\"https:\/\/itr.ufrrj.br\/egressos\/analista-de-meio-ambiente-jr-local-abreu-e-lima-pe\/\" \/>\n<meta property=\"og:locale\" content=\"pt_BR\" \/>\n<meta property=\"og:type\" content=\"article\" \/>\n<meta property=\"og:title\" content=\"ANALISTA DE MEIO AMBIENTE JR. - Local: Abreu e Lima\/PE - Programa de Acompanhamento de Egressos do Curso de Gest\u00e3o Ambiental do ITR\/UFRRJ\" \/>\n<meta property=\"og:description\" content=\"PRINCIPAIS ATIVIDADES: Respons\u00e1vel por apoiar a gest\u00e3o ambiental da f\u00e1brica; Garantir o cumprimento da legisla\u00e7\u00e3o ambiental, das licen\u00e7as e dos procedimentos internos; Atuar no acompanhamento da opera\u00e7\u00e3o da Esta\u00e7\u00e3o de Tratamento de Efluentes (ETE), gest\u00e3o de res\u00edduos, monitoramento de indicadores ambientais, controle de documentos e atendimento \u00e0s condicionantes ambientais; Realiza inspe\u00e7\u00f5es, acompanha coletas e an\u00e1lises [&hellip;]\" \/>\n<meta property=\"og:url\" content=\"https:\/\/itr.ufrrj.br\/egressos\/analista-de-meio-ambiente-jr-local-abreu-e-lima-pe\/\" \/>\n<meta property=\"og:site_name\" content=\"Programa de Acompanhamento de Egressos do Curso de Gest\u00e3o Ambiental do ITR\/UFRRJ\" \/>\n<meta property=\"article:published_time\" content=\"2026-08-13T19:41:25+00:00\" \/>\n<meta property=\"article:modified_time\" content=\"2026-08-13T19:41:27+00:00\" \/>\n<meta name=\"author\" content=\"F\u00e1bio Leal da Silva Jr.\" \/>\n<meta name=\"twitter:card\" content=\"summary_large_image\" \/>\n<meta name=\"twitter:label1\" content=\"Escrito por\" \/>\n\t<meta name=\"twitter:data1\" content=\"F\u00e1bio Leal da Silva Jr.\" \/>\n\t<meta name=\"twitter:label2\" content=\"Est. tempo de leitura\" \/>\n\t<meta name=\"twitter:data2\" content=\"1 minuto\" \/>\n<script type=\"application\/ld+json\" class=\"yoast-schema-graph\">{\"@context\":\"https:\\\/\\\/schema.org\",\"@graph\":[{\"@type\":\"Article\",\"@id\":\"https:\\\/\\\/itr.ufrrj.br\\\/egressos\\\/analista-de-meio-ambiente-jr-local-abreu-e-lima-pe\\\/#article\",\"isPartOf\":{\"@id\":\"https:\\\/\\\/itr.ufrrj.br\\\/egressos\\\/analista-de-meio-ambiente-jr-local-abreu-e-lima-pe\\\/\"},\"author\":{\"name\":\"F\u00e1bio Leal da Silva Jr.\",\"@id\":\"https:\\\/\\\/itr.ufrrj.br\\\/egressos\\\/#\\\/schema\\\/person\\\/60359299e00fb93904d6150f587fdbfd\"},\"headline\":\"ANALISTA DE MEIO AMBIENTE JR. &#8211; Local: Abreu e Lima\\\/PE\",\"datePublished\":\"2026-08-13T19:41:25+00:00\",\"dateModified\":\"2026-08-13T19:41:27+00:00\",\"mainEntityOfPage\":{\"@id\":\"https:\\\/\\\/itr.ufrrj.br\\\/egressos\\\/analista-de-meio-ambiente-jr-local-abreu-e-lima-pe\\\/\"},\"wordCount\":167,\"commentCount\":0,\"keywords\":[\"Empregos Ambientais\",\"Gest\u00e3o Ambiental\",\"Gestor Ambiental\",\"Meio Ambiente\",\"Oportunidade de Trabalho\",\"Sustentabilidade\"],\"articleSection\":[\"Oportunidades\"],\"inLanguage\":\"pt-BR\",\"potentialAction\":[{\"@type\":\"CommentAction\",\"name\":\"Comment\",\"target\":[\"https:\\\/\\\/itr.ufrrj.br\\\/egressos\\\/analista-de-meio-ambiente-jr-local-abreu-e-lima-pe\\\/#respond\"]}]},{\"@type\":\"WebPage\",\"@id\":\"https:\\\/\\\/itr.ufrrj.br\\\/egressos\\\/analista-de-meio-ambiente-jr-local-abreu-e-lima-pe\\\/\",\"url\":\"https:\\\/\\\/itr.ufrrj.br\\\/egressos\\\/analista-de-meio-ambiente-jr-local-abreu-e-lima-pe\\\/\",\"name\":\"ANALISTA DE MEIO AMBIENTE JR. - Local: Abreu e Lima\\\/PE - Programa de Acompanhamento de Egressos do Curso de Gest\u00e3o Ambiental do ITR\\\/UFRRJ\",\"isPartOf\":{\"@id\":\"https:\\\/\\\/itr.ufrrj.br\\\/egressos\\\/#website\"},\"datePublished\":\"2026-08-13T19:41:25+00:00\",\"dateModified\":\"2026-08-13T19:41:27+00:00\",\"author\":{\"@id\":\"https:\\\/\\\/itr.ufrrj.br\\\/egressos\\\/#\\\/schema\\\/person\\\/60359299e00fb93904d6150f587fdbfd\"},\"breadcrumb\":{\"@id\":\"https:\\\/\\\/itr.ufrrj.br\\\/egressos\\\/analista-de-meio-ambiente-jr-local-abreu-e-lima-pe\\\/#breadcrumb\"},\"inLanguage\":\"pt-BR\",\"potentialAction\":[{\"@type\":\"ReadAction\",\"target\":[\"https:\\\/\\\/itr.ufrrj.br\\\/egressos\\\/analista-de-meio-ambiente-jr-local-abreu-e-lima-pe\\\/\"]}]},{\"@type\":\"BreadcrumbList\",\"@id\":\"https:\\\/\\\/itr.ufrrj.br\\\/egressos\\\/analista-de-meio-ambiente-jr-local-abreu-e-lima-pe\\\/#breadcrumb\",\"itemListElement\":[{\"@type\":\"ListItem\",\"position\":1,\"name\":\"In\u00edcio\",\"item\":\"https:\\\/\\\/itr.ufrrj.br\\\/egressos\\\/\"},{\"@type\":\"ListItem\",\"position\":2,\"name\":\"ANALISTA DE MEIO AMBIENTE JR. &#8211; Local: Abreu e Lima\\\/PE\"}]},{\"@type\":\"WebSite\",\"@id\":\"https:\\\/\\\/itr.ufrrj.br\\\/egressos\\\/#website\",\"url\":\"https:\\\/\\\/itr.ufrrj.br\\\/egressos\\\/\",\"name\":\"Programa de Acompanhamento de Egressos do Curso de Gest\u00e3o Ambiental do ITR\\\/UFRRJ\",\"description\":\"Instituto Tr\u00eas Rios - UFRRJ\",\"potentialAction\":[{\"@type\":\"SearchAction\",\"target\":{\"@type\":\"EntryPoint\",\"urlTemplate\":\"https:\\\/\\\/itr.ufrrj.br\\\/egressos\\\/?s={search_term_string}\"},\"query-input\":{\"@type\":\"PropertyValueSpecification\",\"valueRequired\":true,\"valueName\":\"search_term_string\"}}],\"inLanguage\":\"pt-BR\"},{\"@type\":\"Person\",\"@id\":\"https:\\\/\\\/itr.ufrrj.br\\\/egressos\\\/#\\\/schema\\\/person\\\/60359299e00fb93904d6150f587fdbfd\",\"name\":\"F\u00e1bio Leal da Silva Jr.\",\"image\":{\"@type\":\"ImageObject\",\"inLanguage\":\"pt-BR\",\"@id\":\"https:\\\/\\\/secure.gravatar.com\\\/avatar\\\/fe32bb54543f5d9aaa1d39628f7a4724be9d7571f9b7a8aeac241948b79d790e?s=96&d=mm&r=g\",\"url\":\"https:\\\/\\\/secure.gravatar.com\\\/avatar\\\/fe32bb54543f5d9aaa1d39628f7a4724be9d7571f9b7a8aeac241948b79d790e?s=96&d=mm&r=g\",\"contentUrl\":\"https:\\\/\\\/secure.gravatar.com\\\/avatar\\\/fe32bb54543f5d9aaa1d39628f7a4724be9d7571f9b7a8aeac241948b79d790e?s=96&d=mm&r=g\",\"caption\":\"F\u00e1bio Leal da Silva Jr.\"},\"url\":\"https:\\\/\\\/itr.ufrrj.br\\\/egressos\\\/author\\\/fabiojr\\\/\"}]}<\/script>\n<!-- \/ Yoast SEO plugin. -->","yoast_head_json":{"title":"ANALISTA DE MEIO AMBIENTE JR. - Local: Abreu e Lima\/PE - Programa de Acompanhamento de Egressos do Curso de Gest\u00e3o Ambiental do ITR\/UFRRJ","robots":{"index":"index","follow":"follow","max-snippet":"max-snippet:-1","max-image-preview":"max-image-preview:large","max-video-preview":"max-video-preview:-1"},"canonical":"https:\/\/itr.ufrrj.br\/egressos\/analista-de-meio-ambiente-jr-local-abreu-e-lima-pe\/","og_locale":"pt_BR","og_type":"article","og_title":"ANALISTA DE MEIO AMBIENTE JR. - Local: Abreu e Lima\/PE - Programa de Acompanhamento de Egressos do Curso de Gest\u00e3o Ambiental do ITR\/UFRRJ","og_description":"PRINCIPAIS ATIVIDADES: Respons\u00e1vel por apoiar a gest\u00e3o ambiental da f\u00e1brica; Garantir o cumprimento da legisla\u00e7\u00e3o ambiental, das licen\u00e7as e dos procedimentos internos; Atuar no acompanhamento da opera\u00e7\u00e3o da Esta\u00e7\u00e3o de Tratamento de Efluentes (ETE), gest\u00e3o de res\u00edduos, monitoramento de indicadores ambientais, controle de documentos e atendimento \u00e0s condicionantes ambientais; Realiza inspe\u00e7\u00f5es, acompanha coletas e an\u00e1lises [&hellip;]","og_url":"https:\/\/itr.ufrrj.br\/egressos\/analista-de-meio-ambiente-jr-local-abreu-e-lima-pe\/","og_site_name":"Programa de Acompanhamento de Egressos do Curso de Gest\u00e3o Ambiental do ITR\/UFRRJ","article_published_time":"2026-08-13T19:41:25+00:00","article_modified_time":"2026-08-13T19:41:27+00:00","author":"F\u00e1bio Leal da Silva Jr.","twitter_card":"summary_large_image","twitter_misc":{"Escrito por":"F\u00e1bio Leal da Silva Jr.","Est. tempo de leitura":"1 minuto"},"schema":{"@context":"https:\/\/schema.org","@graph":[{"@type":"Article","@id":"https:\/\/itr.ufrrj.br\/egressos\/analista-de-meio-ambiente-jr-local-abreu-e-lima-pe\/#article","isPartOf":{"@id":"https:\/\/itr.ufrrj.br\/egressos\/analista-de-meio-ambiente-jr-local-abreu-e-lima-pe\/"},"author":{"name":"F\u00e1bio Leal da Silva Jr.","@id":"https:\/\/itr.ufrrj.br\/egressos\/#\/schema\/person\/60359299e00fb93904d6150f587fdbfd"},"headline":"ANALISTA DE MEIO AMBIENTE JR. &#8211; Local: Abreu e Lima\/PE","datePublished":"2026-08-13T19:41:25+00:00","dateModified":"2026-08-13T19:41:27+00:00","mainEntityOfPage":{"@id":"https:\/\/itr.ufrrj.br\/egressos\/analista-de-meio-ambiente-jr-local-abreu-e-lima-pe\/"},"wordCount":167,"commentCount":0,"keywords":["Empregos Ambientais","Gest\u00e3o Ambiental","Gestor Ambiental","Meio Ambiente","Oportunidade de Trabalho","Sustentabilidade"],"articleSection":["Oportunidades"],"inLanguage":"pt-BR","potentialAction":[{"@type":"CommentAction","name":"Comment","target":["https:\/\/itr.ufrrj.br\/egressos\/analista-de-meio-ambiente-jr-local-abreu-e-lima-pe\/#respond"]}]},{"@type":"WebPage","@id":"https:\/\/itr.ufrrj.br\/egressos\/analista-de-meio-ambiente-jr-local-abreu-e-lima-pe\/","url":"https:\/\/itr.ufrrj.br\/egressos\/analista-de-meio-ambiente-jr-local-abreu-e-lima-pe\/","name":"ANALISTA DE MEIO AMBIENTE JR. - Local: Abreu e Lima\/PE - Programa de Acompanhamento de Egressos do Curso de Gest\u00e3o Ambiental do ITR\/UFRRJ","isPartOf":{"@id":"https:\/\/itr.ufrrj.br\/egressos\/#website"},"datePublished":"2026-08-13T19:41:25+00:00","dateModified":"2026-08-13T19:41:27+00:00","author":{"@id":"https:\/\/itr.ufrrj.br\/egressos\/#\/schema\/person\/60359299e00fb93904d6150f587fdbfd"},"breadcrumb":{"@id":"https:\/\/itr.ufrrj.br\/egressos\/analista-de-meio-ambiente-jr-local-abreu-e-lima-pe\/#breadcrumb"},"inLanguage":"pt-BR","potentialAction":[{"@type":"ReadAction","target":["https:\/\/itr.ufrrj.br\/egressos\/analista-de-meio-ambiente-jr-local-abreu-e-lima-pe\/"]}]},{"@type":"BreadcrumbList","@id":"https:\/\/itr.ufrrj.br\/egressos\/analista-de-meio-ambiente-jr-local-abreu-e-lima-pe\/#breadcrumb","itemListElement":[{"@type":"ListItem","position":1,"name":"In\u00edcio","item":"https:\/\/itr.ufrrj.br\/egressos\/"},{"@type":"ListItem","position":2,"name":"ANALISTA DE MEIO AMBIENTE JR. &#8211; Local: Abreu e Lima\/PE"}]},{"@type":"WebSite","@id":"https:\/\/itr.ufrrj.br\/egressos\/#website","url":"https:\/\/itr.ufrrj.br\/egressos\/","name":"Programa de Acompanhamento de Egressos do Curso de Gest\u00e3o Ambiental do ITR\/UFRRJ","description":"Instituto Tr\u00eas Rios - UFRRJ","potentialAction":[{"@type":"SearchAction","target":{"@type":"EntryPoint","urlTemplate":"https:\/\/itr.ufrrj.br\/egressos\/?s={search_term_string}"},"query-input":{"@type":"PropertyValueSpecification","valueRequired":true,"valueName":"search_term_string"}}],"inLanguage":"pt-BR"},{"@type":"Person","@id":"https:\/\/itr.ufrrj.br\/egressos\/#\/schema\/person\/60359299e00fb93904d6150f587fdbfd","name":"F\u00e1bio Leal da Silva Jr.","image":{"@type":"ImageObject","inLanguage":"pt-BR","@id":"https:\/\/secure.gravatar.com\/avatar\/fe32bb54543f5d9aaa1d39628f7a4724be9d7571f9b7a8aeac241948b79d790e?s=96&d=mm&r=g","url":"https:\/\/secure.gravatar.com\/avatar\/fe32bb54543f5d9aaa1d39628f7a4724be9d7571f9b7a8aeac241948b79d790e?s=96&d=mm&r=g","contentUrl":"https:\/\/secure.gravatar.com\/avatar\/fe32bb54543f5d9aaa1d39628f7a4724be9d7571f9b7a8aeac241948b79d790e?s=96&d=mm&r=g","caption":"F\u00e1bio Leal da Silva Jr."},"url":"https:\/\/itr.ufrrj.br\/egressos\/author\/fabiojr\/"}]}},"_links":{"self":[{"href":"https:\/\/itr.ufrrj.br\/egressos\/wp-json\/wp\/v2\/posts\/5707","targetHints":{"allow":["GET"]}}],"collection":[{"href":"https:\/\/itr.ufrrj.br\/egressos\/wp-json\/wp\/v2\/posts"}],"about":[{"href":"https:\/\/itr.ufrrj.br\/egressos\/wp-json\/wp\/v2\/types\/post"}],"author":[{"embeddable":true,"href":"https:\/\/itr.ufrrj.br\/egressos\/wp-json\/wp\/v2\/users\/25"}],"replies":[{"embeddable":true,"href":"https:\/\/itr.ufrrj.br\/egressos\/wp-json\/wp\/v2\/comments?post=5707"}],"version-history":[{"count":1,"href":"https:\/\/itr.ufrrj.br\/egressos\/wp-json\/wp\/v2\/posts\/5707\/revisions"}],"predecessor-version":[{"id":5708,"href":"https:\/\/itr.ufrrj.br\/egressos\/wp-json\/wp\/v2\/posts\/5707\/revisions\/5708"}],"wp:attachment":[{"href":"https:\/\/itr.ufrrj.br\/egressos\/wp-json\/wp\/v2\/media?parent=5707"}],"wp:term":[{"taxonomy":"category","embeddable":true,"href":"https:\/\/itr.ufrrj.br\/egressos\/wp-json\/wp\/v2\/categories?post=5707"},{"taxonomy":"post_tag","embeddable":true,"href":"https:\/\/itr.ufrrj.br\/egressos\/wp-json\/wp\/v2\/tags?post=5707"}],"curies":[{"name":"wp","href":"https:\/\/api.w.org\/{rel}","templated":true}]}}