{"id":5700,"date":"2026-08-13T16:39:54","date_gmt":"2026-08-13T19:39:54","guid":{"rendered":"https:\/\/itr.ufrrj.br\/egressos\/?p=5700"},"modified":"2026-08-13T16:39:56","modified_gmt":"2026-08-13T19:39:56","slug":"analista-ambiental-jr-local-itu-sp","status":"publish","type":"post","link":"https:\/\/itr.ufrrj.br\/egressos\/analista-ambiental-jr-local-itu-sp\/","title":{"rendered":"ANALISTA AMBIENTAL JR. &#8211; Local: Itu\/SP"},"content":{"rendered":"\n<p>Inscri\u00e7\u00f5es abertas at\u00e9 26 de setembro de 2026.<br \/><br \/>A pessoa\u00a0ANALISTA AMBIENTAL JR\u00a0ser\u00e1 respons\u00e1vel por: Suporte \u00e0s Iniciativas Ambientais: Auxiliar na implementa\u00e7\u00e3o e execu\u00e7\u00e3o de programas e iniciativas ambientais da empresa (copa ambiental), incluindo, gest\u00e3o consumos de \u00e1gua, g\u00e1s e eletricidade; Suporte ao Analista Ambiental: Suportar o analista ambiental da f\u00e1brica nas demandas administrativas;\u00a0 Monitoramento e An\u00e1lise: Coletar, analisar e interpretar dados relacionados ao desempenho de processos do site, identificando \u00e1reas de melhoria e oportunidades de otimiza\u00e7\u00e3o;\u00a0etc.<br \/><br \/>Para ocupar a posi\u00e7\u00e3o de\u00a0ANALISTA AMBIENTAL JR, voc\u00ea precisa: Forma\u00e7\u00e3o acad\u00eamica em \u00e1reas relacionadas, como Engenharia Ambiental, Ci\u00eancias Ambientais, Gest\u00e3o Ambiental ou \u00e1reas afins; Experi\u00eancia pr\u00e9via em fun\u00e7\u00f5es similares ou est\u00e1gio na \u00e1rea ambiental ser\u00e1 considerado um diferencial; Habilidades anal\u00edticas e capacidade de interpretar dados; Habilidades de comunica\u00e7\u00e3o verbal e escrita; Capacidade de trabalhar de forma independente e em equipe; Comprometimento com a sustentabilidade e a prote\u00e7\u00e3o do meio ambiente.<br \/><br \/>\ud83c\udf33 Confira o link referente a esta vaga acessando o nosso site:\u00a0<a href=\"https:\/\/www.instagram.com\/empregosambientais\/\">https:\/\/www.instagram.com\/empregosambientais\/<\/a><\/p>\n","protected":false},"excerpt":{"rendered":"<p>Inscri\u00e7\u00f5es abertas at\u00e9 26 de setembro de 2026. A pessoa\u00a0ANALISTA AMBIENTAL JR\u00a0ser\u00e1 respons\u00e1vel por: Suporte \u00e0s Iniciativas Ambientais: Auxiliar na implementa\u00e7\u00e3o e execu\u00e7\u00e3o de programas e iniciativas ambientais da empresa (copa ambiental), incluindo, gest\u00e3o consumos de \u00e1gua, g\u00e1s e eletricidade; Suporte ao Analista Ambiental: Suportar o analista ambiental da f\u00e1brica nas demandas administrativas;\u00a0 Monitoramento e [&hellip;]<\/p>\n","protected":false},"author":25,"featured_media":0,"comment_status":"open","ping_status":"open","sticky":false,"template":"","format":"standard","meta":{"_acf_changed":false,"_exactmetrics_skip_tracking":false,"footnotes":""},"categories":[7,1],"tags":[20,25,19,15,17,21],"class_list":["post-5700","post","type-post","status-publish","format-standard","hentry","category-oportunidades","category-sem-categoria","tag-empregos-ambientais","tag-gestao-ambiental","tag-gestor-ambiental","tag-meio-ambiente","tag-oportunidade-de-trabalho","tag-sustentabilidade","cat-7-id","cat-1-id"],"acf":[],"yoast_head":"<!-- This site is optimized with the Yoast SEO plugin v28.3 - https:\/\/yoast.com\/product\/yoast-seo-wordpress\/ -->\n<title>ANALISTA AMBIENTAL JR. - Local: Itu\/SP - Programa de Acompanhamento de Egressos do Curso de Gest\u00e3o Ambiental do ITR\/UFRRJ<\/title>\n<meta name=\"robots\" content=\"index, follow, max-snippet:-1, max-image-preview:large, max-video-preview:-1\" \/>\n<link rel=\"canonical\" href=\"https:\/\/itr.ufrrj.br\/egressos\/analista-ambiental-jr-local-itu-sp\/\" \/>\n<meta property=\"og:locale\" content=\"pt_BR\" \/>\n<meta property=\"og:type\" content=\"article\" \/>\n<meta property=\"og:title\" content=\"ANALISTA AMBIENTAL JR. - Local: Itu\/SP - Programa de Acompanhamento de Egressos do Curso de Gest\u00e3o Ambiental do ITR\/UFRRJ\" \/>\n<meta property=\"og:description\" content=\"Inscri\u00e7\u00f5es abertas at\u00e9 26 de setembro de 2026. A pessoa\u00a0ANALISTA AMBIENTAL JR\u00a0ser\u00e1 respons\u00e1vel por: Suporte \u00e0s Iniciativas Ambientais: Auxiliar na implementa\u00e7\u00e3o e execu\u00e7\u00e3o de programas e iniciativas ambientais da empresa (copa ambiental), incluindo, gest\u00e3o consumos de \u00e1gua, g\u00e1s e eletricidade; Suporte ao Analista Ambiental: Suportar o analista ambiental da f\u00e1brica nas demandas administrativas;\u00a0 Monitoramento e [&hellip;]\" \/>\n<meta property=\"og:url\" content=\"https:\/\/itr.ufrrj.br\/egressos\/analista-ambiental-jr-local-itu-sp\/\" \/>\n<meta property=\"og:site_name\" content=\"Programa de Acompanhamento de Egressos do Curso de Gest\u00e3o Ambiental do ITR\/UFRRJ\" \/>\n<meta property=\"article:published_time\" content=\"2026-08-13T19:39:54+00:00\" \/>\n<meta property=\"article:modified_time\" content=\"2026-08-13T19:39:56+00:00\" \/>\n<meta name=\"author\" content=\"F\u00e1bio Leal da Silva Jr.\" \/>\n<meta name=\"twitter:card\" content=\"summary_large_image\" \/>\n<meta name=\"twitter:label1\" content=\"Escrito por\" \/>\n\t<meta name=\"twitter:data1\" content=\"F\u00e1bio Leal da Silva Jr.\" \/>\n\t<meta name=\"twitter:label2\" content=\"Est. tempo de leitura\" \/>\n\t<meta name=\"twitter:data2\" content=\"1 minuto\" \/>\n<script type=\"application\/ld+json\" class=\"yoast-schema-graph\">{\"@context\":\"https:\\\/\\\/schema.org\",\"@graph\":[{\"@type\":\"Article\",\"@id\":\"https:\\\/\\\/itr.ufrrj.br\\\/egressos\\\/analista-ambiental-jr-local-itu-sp\\\/#article\",\"isPartOf\":{\"@id\":\"https:\\\/\\\/itr.ufrrj.br\\\/egressos\\\/analista-ambiental-jr-local-itu-sp\\\/\"},\"author\":{\"name\":\"F\u00e1bio Leal da Silva Jr.\",\"@id\":\"https:\\\/\\\/itr.ufrrj.br\\\/egressos\\\/#\\\/schema\\\/person\\\/60359299e00fb93904d6150f587fdbfd\"},\"headline\":\"ANALISTA AMBIENTAL JR. &#8211; Local: Itu\\\/SP\",\"datePublished\":\"2026-08-13T19:39:54+00:00\",\"dateModified\":\"2026-08-13T19:39:56+00:00\",\"mainEntityOfPage\":{\"@id\":\"https:\\\/\\\/itr.ufrrj.br\\\/egressos\\\/analista-ambiental-jr-local-itu-sp\\\/\"},\"wordCount\":192,\"commentCount\":0,\"keywords\":[\"Empregos Ambientais\",\"Gest\u00e3o Ambiental\",\"Gestor Ambiental\",\"Meio Ambiente\",\"Oportunidade de Trabalho\",\"Sustentabilidade\"],\"articleSection\":[\"Oportunidades\"],\"inLanguage\":\"pt-BR\",\"potentialAction\":[{\"@type\":\"CommentAction\",\"name\":\"Comment\",\"target\":[\"https:\\\/\\\/itr.ufrrj.br\\\/egressos\\\/analista-ambiental-jr-local-itu-sp\\\/#respond\"]}]},{\"@type\":\"WebPage\",\"@id\":\"https:\\\/\\\/itr.ufrrj.br\\\/egressos\\\/analista-ambiental-jr-local-itu-sp\\\/\",\"url\":\"https:\\\/\\\/itr.ufrrj.br\\\/egressos\\\/analista-ambiental-jr-local-itu-sp\\\/\",\"name\":\"ANALISTA AMBIENTAL JR. - Local: Itu\\\/SP - Programa de Acompanhamento de Egressos do Curso de Gest\u00e3o Ambiental do ITR\\\/UFRRJ\",\"isPartOf\":{\"@id\":\"https:\\\/\\\/itr.ufrrj.br\\\/egressos\\\/#website\"},\"datePublished\":\"2026-08-13T19:39:54+00:00\",\"dateModified\":\"2026-08-13T19:39:56+00:00\",\"author\":{\"@id\":\"https:\\\/\\\/itr.ufrrj.br\\\/egressos\\\/#\\\/schema\\\/person\\\/60359299e00fb93904d6150f587fdbfd\"},\"breadcrumb\":{\"@id\":\"https:\\\/\\\/itr.ufrrj.br\\\/egressos\\\/analista-ambiental-jr-local-itu-sp\\\/#breadcrumb\"},\"inLanguage\":\"pt-BR\",\"potentialAction\":[{\"@type\":\"ReadAction\",\"target\":[\"https:\\\/\\\/itr.ufrrj.br\\\/egressos\\\/analista-ambiental-jr-local-itu-sp\\\/\"]}]},{\"@type\":\"BreadcrumbList\",\"@id\":\"https:\\\/\\\/itr.ufrrj.br\\\/egressos\\\/analista-ambiental-jr-local-itu-sp\\\/#breadcrumb\",\"itemListElement\":[{\"@type\":\"ListItem\",\"position\":1,\"name\":\"In\u00edcio\",\"item\":\"https:\\\/\\\/itr.ufrrj.br\\\/egressos\\\/\"},{\"@type\":\"ListItem\",\"position\":2,\"name\":\"ANALISTA AMBIENTAL JR. &#8211; Local: Itu\\\/SP\"}]},{\"@type\":\"WebSite\",\"@id\":\"https:\\\/\\\/itr.ufrrj.br\\\/egressos\\\/#website\",\"url\":\"https:\\\/\\\/itr.ufrrj.br\\\/egressos\\\/\",\"name\":\"Programa de Acompanhamento de Egressos do Curso de Gest\u00e3o Ambiental do ITR\\\/UFRRJ\",\"description\":\"Instituto Tr\u00eas Rios - UFRRJ\",\"potentialAction\":[{\"@type\":\"SearchAction\",\"target\":{\"@type\":\"EntryPoint\",\"urlTemplate\":\"https:\\\/\\\/itr.ufrrj.br\\\/egressos\\\/?s={search_term_string}\"},\"query-input\":{\"@type\":\"PropertyValueSpecification\",\"valueRequired\":true,\"valueName\":\"search_term_string\"}}],\"inLanguage\":\"pt-BR\"},{\"@type\":\"Person\",\"@id\":\"https:\\\/\\\/itr.ufrrj.br\\\/egressos\\\/#\\\/schema\\\/person\\\/60359299e00fb93904d6150f587fdbfd\",\"name\":\"F\u00e1bio Leal da Silva Jr.\",\"image\":{\"@type\":\"ImageObject\",\"inLanguage\":\"pt-BR\",\"@id\":\"https:\\\/\\\/secure.gravatar.com\\\/avatar\\\/fe32bb54543f5d9aaa1d39628f7a4724be9d7571f9b7a8aeac241948b79d790e?s=96&d=mm&r=g\",\"url\":\"https:\\\/\\\/secure.gravatar.com\\\/avatar\\\/fe32bb54543f5d9aaa1d39628f7a4724be9d7571f9b7a8aeac241948b79d790e?s=96&d=mm&r=g\",\"contentUrl\":\"https:\\\/\\\/secure.gravatar.com\\\/avatar\\\/fe32bb54543f5d9aaa1d39628f7a4724be9d7571f9b7a8aeac241948b79d790e?s=96&d=mm&r=g\",\"caption\":\"F\u00e1bio Leal da Silva Jr.\"},\"url\":\"https:\\\/\\\/itr.ufrrj.br\\\/egressos\\\/author\\\/fabiojr\\\/\"}]}<\/script>\n<!-- \/ Yoast SEO plugin. -->","yoast_head_json":{"title":"ANALISTA AMBIENTAL JR. - Local: Itu\/SP - Programa de Acompanhamento de Egressos do Curso de Gest\u00e3o Ambiental do ITR\/UFRRJ","robots":{"index":"index","follow":"follow","max-snippet":"max-snippet:-1","max-image-preview":"max-image-preview:large","max-video-preview":"max-video-preview:-1"},"canonical":"https:\/\/itr.ufrrj.br\/egressos\/analista-ambiental-jr-local-itu-sp\/","og_locale":"pt_BR","og_type":"article","og_title":"ANALISTA AMBIENTAL JR. - Local: Itu\/SP - Programa de Acompanhamento de Egressos do Curso de Gest\u00e3o Ambiental do ITR\/UFRRJ","og_description":"Inscri\u00e7\u00f5es abertas at\u00e9 26 de setembro de 2026. A pessoa\u00a0ANALISTA AMBIENTAL JR\u00a0ser\u00e1 respons\u00e1vel por: Suporte \u00e0s Iniciativas Ambientais: Auxiliar na implementa\u00e7\u00e3o e execu\u00e7\u00e3o de programas e iniciativas ambientais da empresa (copa ambiental), incluindo, gest\u00e3o consumos de \u00e1gua, g\u00e1s e eletricidade; Suporte ao Analista Ambiental: Suportar o analista ambiental da f\u00e1brica nas demandas administrativas;\u00a0 Monitoramento e [&hellip;]","og_url":"https:\/\/itr.ufrrj.br\/egressos\/analista-ambiental-jr-local-itu-sp\/","og_site_name":"Programa de Acompanhamento de Egressos do Curso de Gest\u00e3o Ambiental do ITR\/UFRRJ","article_published_time":"2026-08-13T19:39:54+00:00","article_modified_time":"2026-08-13T19:39:56+00:00","author":"F\u00e1bio Leal da Silva Jr.","twitter_card":"summary_large_image","twitter_misc":{"Escrito por":"F\u00e1bio Leal da Silva Jr.","Est. tempo de leitura":"1 minuto"},"schema":{"@context":"https:\/\/schema.org","@graph":[{"@type":"Article","@id":"https:\/\/itr.ufrrj.br\/egressos\/analista-ambiental-jr-local-itu-sp\/#article","isPartOf":{"@id":"https:\/\/itr.ufrrj.br\/egressos\/analista-ambiental-jr-local-itu-sp\/"},"author":{"name":"F\u00e1bio Leal da Silva Jr.","@id":"https:\/\/itr.ufrrj.br\/egressos\/#\/schema\/person\/60359299e00fb93904d6150f587fdbfd"},"headline":"ANALISTA AMBIENTAL JR. &#8211; Local: Itu\/SP","datePublished":"2026-08-13T19:39:54+00:00","dateModified":"2026-08-13T19:39:56+00:00","mainEntityOfPage":{"@id":"https:\/\/itr.ufrrj.br\/egressos\/analista-ambiental-jr-local-itu-sp\/"},"wordCount":192,"commentCount":0,"keywords":["Empregos Ambientais","Gest\u00e3o Ambiental","Gestor Ambiental","Meio Ambiente","Oportunidade de Trabalho","Sustentabilidade"],"articleSection":["Oportunidades"],"inLanguage":"pt-BR","potentialAction":[{"@type":"CommentAction","name":"Comment","target":["https:\/\/itr.ufrrj.br\/egressos\/analista-ambiental-jr-local-itu-sp\/#respond"]}]},{"@type":"WebPage","@id":"https:\/\/itr.ufrrj.br\/egressos\/analista-ambiental-jr-local-itu-sp\/","url":"https:\/\/itr.ufrrj.br\/egressos\/analista-ambiental-jr-local-itu-sp\/","name":"ANALISTA AMBIENTAL JR. - Local: Itu\/SP - Programa de Acompanhamento de Egressos do Curso de Gest\u00e3o Ambiental do ITR\/UFRRJ","isPartOf":{"@id":"https:\/\/itr.ufrrj.br\/egressos\/#website"},"datePublished":"2026-08-13T19:39:54+00:00","dateModified":"2026-08-13T19:39:56+00:00","author":{"@id":"https:\/\/itr.ufrrj.br\/egressos\/#\/schema\/person\/60359299e00fb93904d6150f587fdbfd"},"breadcrumb":{"@id":"https:\/\/itr.ufrrj.br\/egressos\/analista-ambiental-jr-local-itu-sp\/#breadcrumb"},"inLanguage":"pt-BR","potentialAction":[{"@type":"ReadAction","target":["https:\/\/itr.ufrrj.br\/egressos\/analista-ambiental-jr-local-itu-sp\/"]}]},{"@type":"BreadcrumbList","@id":"https:\/\/itr.ufrrj.br\/egressos\/analista-ambiental-jr-local-itu-sp\/#breadcrumb","itemListElement":[{"@type":"ListItem","position":1,"name":"In\u00edcio","item":"https:\/\/itr.ufrrj.br\/egressos\/"},{"@type":"ListItem","position":2,"name":"ANALISTA AMBIENTAL JR. &#8211; Local: Itu\/SP"}]},{"@type":"WebSite","@id":"https:\/\/itr.ufrrj.br\/egressos\/#website","url":"https:\/\/itr.ufrrj.br\/egressos\/","name":"Programa de Acompanhamento de Egressos do Curso de Gest\u00e3o Ambiental do ITR\/UFRRJ","description":"Instituto Tr\u00eas Rios - UFRRJ","potentialAction":[{"@type":"SearchAction","target":{"@type":"EntryPoint","urlTemplate":"https:\/\/itr.ufrrj.br\/egressos\/?s={search_term_string}"},"query-input":{"@type":"PropertyValueSpecification","valueRequired":true,"valueName":"search_term_string"}}],"inLanguage":"pt-BR"},{"@type":"Person","@id":"https:\/\/itr.ufrrj.br\/egressos\/#\/schema\/person\/60359299e00fb93904d6150f587fdbfd","name":"F\u00e1bio Leal da Silva Jr.","image":{"@type":"ImageObject","inLanguage":"pt-BR","@id":"https:\/\/secure.gravatar.com\/avatar\/fe32bb54543f5d9aaa1d39628f7a4724be9d7571f9b7a8aeac241948b79d790e?s=96&d=mm&r=g","url":"https:\/\/secure.gravatar.com\/avatar\/fe32bb54543f5d9aaa1d39628f7a4724be9d7571f9b7a8aeac241948b79d790e?s=96&d=mm&r=g","contentUrl":"https:\/\/secure.gravatar.com\/avatar\/fe32bb54543f5d9aaa1d39628f7a4724be9d7571f9b7a8aeac241948b79d790e?s=96&d=mm&r=g","caption":"F\u00e1bio Leal da Silva Jr."},"url":"https:\/\/itr.ufrrj.br\/egressos\/author\/fabiojr\/"}]}},"_links":{"self":[{"href":"https:\/\/itr.ufrrj.br\/egressos\/wp-json\/wp\/v2\/posts\/5700","targetHints":{"allow":["GET"]}}],"collection":[{"href":"https:\/\/itr.ufrrj.br\/egressos\/wp-json\/wp\/v2\/posts"}],"about":[{"href":"https:\/\/itr.ufrrj.br\/egressos\/wp-json\/wp\/v2\/types\/post"}],"author":[{"embeddable":true,"href":"https:\/\/itr.ufrrj.br\/egressos\/wp-json\/wp\/v2\/users\/25"}],"replies":[{"embeddable":true,"href":"https:\/\/itr.ufrrj.br\/egressos\/wp-json\/wp\/v2\/comments?post=5700"}],"version-history":[{"count":2,"href":"https:\/\/itr.ufrrj.br\/egressos\/wp-json\/wp\/v2\/posts\/5700\/revisions"}],"predecessor-version":[{"id":5706,"href":"https:\/\/itr.ufrrj.br\/egressos\/wp-json\/wp\/v2\/posts\/5700\/revisions\/5706"}],"wp:attachment":[{"href":"https:\/\/itr.ufrrj.br\/egressos\/wp-json\/wp\/v2\/media?parent=5700"}],"wp:term":[{"taxonomy":"category","embeddable":true,"href":"https:\/\/itr.ufrrj.br\/egressos\/wp-json\/wp\/v2\/categories?post=5700"},{"taxonomy":"post_tag","embeddable":true,"href":"https:\/\/itr.ufrrj.br\/egressos\/wp-json\/wp\/v2\/tags?post=5700"}],"curies":[{"name":"wp","href":"https:\/\/api.w.org\/{rel}","templated":true}]}}