{"id":5650,"date":"2026-07-29T22:32:37","date_gmt":"2026-07-30T01:32:37","guid":{"rendered":"https:\/\/itr.ufrrj.br\/egressos\/?p=5650"},"modified":"2026-07-29T22:32:38","modified_gmt":"2026-07-30T01:32:38","slug":"vaga-analista-tecnicovenha-fazer-parte-da-iniciativa-verde","status":"publish","type":"post","link":"https:\/\/itr.ufrrj.br\/egressos\/vaga-analista-tecnicovenha-fazer-parte-da-iniciativa-verde\/","title":{"rendered":"VAGA: ANALISTA T\u00c9CNICOVenha fazer parte da Iniciativa Verde!"},"content":{"rendered":"\n<p>\ud83d\udd0d VAGA: ANALISTA T\u00c9CNICO<br \/>Venha fazer parte da Iniciativa Verde!<br \/><br \/>\ud83c\udf31 O que voc\u00ea vai fazer?<br \/>\u2022 Diagn\u00f3sticos ambientais e mapeamentos<br \/>\u2022 Planejamento e execu\u00e7\u00e3o de projetos de restaura\u00e7\u00e3o<br \/>\u2022 Atividades de campo e visitas t\u00e9cnicas<br \/>\u2022 Relat\u00f3rios t\u00e9cnicos e articula\u00e7\u00e3o com parceiros<br \/><br \/>\u2705 Requisitos:<br \/>\u2022 Forma\u00e7\u00e3o em Eng. Agron\u00f4mica, Florestal, Ci\u00eancias Biol\u00f3gicas, Gest\u00e3o Ambiental ou \u00e1reas afins<br \/>\u2022 Experi\u00eancia em restaura\u00e7\u00e3o ecol\u00f3gica ou conserva\u00e7\u00e3o<br \/>\u2022 CNH B e disponibilidade para viagens<br \/><br \/>\u2728 Diferenciais:<br \/>\u2022 P\u00f3s-gradua\u00e7\u00e3o na \u00e1rea ambiental<br \/>\u2022 Conhecimento em SIG<br \/>\u2022 Experi\u00eancia em compensa\u00e7\u00e3o ambiental ou mudan\u00e7as clim\u00e1ticas<br \/><br \/>\ud83d\udccc Regime: CLT, 40h\/semana, h\u00edbrido (S\u00e3o Paulo\/SP)<br \/>\ud83d\udcc5 Prazo: 10 de agosto de 2026<br \/><br \/>\ud83d\udd17 Inscreva-se pelo link da bio!<br \/>Formul\u00e1rio + curr\u00edculo + carta de apresenta\u00e7\u00e3o.<\/p>\n<p>Link: <a href=\"https:\/\/www.instagram.com\/p\/DbWOTcnCZe2\/?utm_source=ig_web_copy_link&amp;igsh=NTc4MTIwNjQ2YQ==\">https:\/\/www.instagram.com\/p\/DbWOTcnCZe2\/?utm_source=ig_web_copy_link&amp;igsh=NTc4MTIwNjQ2YQ==<\/a><\/p>\n","protected":false},"excerpt":{"rendered":"<p>\ud83d\udd0d VAGA: ANALISTA T\u00c9CNICOVenha fazer parte da Iniciativa Verde! \ud83c\udf31 O que voc\u00ea vai fazer?\u2022 Diagn\u00f3sticos ambientais e mapeamentos\u2022 Planejamento e execu\u00e7\u00e3o de projetos de restaura\u00e7\u00e3o\u2022 Atividades de campo e visitas t\u00e9cnicas\u2022 Relat\u00f3rios t\u00e9cnicos e articula\u00e7\u00e3o com parceiros \u2705 Requisitos:\u2022 Forma\u00e7\u00e3o em Eng. Agron\u00f4mica, Florestal, Ci\u00eancias Biol\u00f3gicas, Gest\u00e3o Ambiental ou \u00e1reas afins\u2022 Experi\u00eancia em restaura\u00e7\u00e3o [&hellip;]<\/p>\n","protected":false},"author":23,"featured_media":0,"comment_status":"open","ping_status":"open","sticky":false,"template":"","format":"standard","meta":{"_acf_changed":false,"_exactmetrics_skip_tracking":false,"footnotes":""},"categories":[7],"tags":[20,25,73,19,15,17],"class_list":["post-5650","post","type-post","status-publish","format-standard","hentry","category-oportunidades","tag-empregos-ambientais","tag-gestao-ambiental","tag-gestao-ambiental-ufrrj","tag-gestor-ambiental","tag-meio-ambiente","tag-oportunidade-de-trabalho","cat-7-id"],"acf":[],"yoast_head":"<!-- This site is optimized with the Yoast SEO plugin v28.3 - https:\/\/yoast.com\/product\/yoast-seo-wordpress\/ -->\n<title>VAGA: ANALISTA T\u00c9CNICOVenha fazer parte da Iniciativa Verde! - Programa de Acompanhamento de Egressos do Curso de Gest\u00e3o Ambiental do ITR\/UFRRJ<\/title>\n<meta name=\"robots\" content=\"index, follow, max-snippet:-1, max-image-preview:large, max-video-preview:-1\" \/>\n<link rel=\"canonical\" href=\"https:\/\/itr.ufrrj.br\/egressos\/vaga-analista-tecnicovenha-fazer-parte-da-iniciativa-verde\/\" \/>\n<meta property=\"og:locale\" content=\"pt_BR\" \/>\n<meta property=\"og:type\" content=\"article\" \/>\n<meta property=\"og:title\" content=\"VAGA: ANALISTA T\u00c9CNICOVenha fazer parte da Iniciativa Verde! - Programa de Acompanhamento de Egressos do Curso de Gest\u00e3o Ambiental do ITR\/UFRRJ\" \/>\n<meta property=\"og:description\" content=\"\ud83d\udd0d VAGA: ANALISTA T\u00c9CNICOVenha fazer parte da Iniciativa Verde! \ud83c\udf31 O que voc\u00ea vai fazer?\u2022 Diagn\u00f3sticos ambientais e mapeamentos\u2022 Planejamento e execu\u00e7\u00e3o de projetos de restaura\u00e7\u00e3o\u2022 Atividades de campo e visitas t\u00e9cnicas\u2022 Relat\u00f3rios t\u00e9cnicos e articula\u00e7\u00e3o com parceiros \u2705 Requisitos:\u2022 Forma\u00e7\u00e3o em Eng. Agron\u00f4mica, Florestal, Ci\u00eancias Biol\u00f3gicas, Gest\u00e3o Ambiental ou \u00e1reas afins\u2022 Experi\u00eancia em restaura\u00e7\u00e3o [&hellip;]\" \/>\n<meta property=\"og:url\" content=\"https:\/\/itr.ufrrj.br\/egressos\/vaga-analista-tecnicovenha-fazer-parte-da-iniciativa-verde\/\" \/>\n<meta property=\"og:site_name\" content=\"Programa de Acompanhamento de Egressos do Curso de Gest\u00e3o Ambiental do ITR\/UFRRJ\" \/>\n<meta property=\"article:published_time\" content=\"2026-07-30T01:32:37+00:00\" \/>\n<meta property=\"article:modified_time\" content=\"2026-07-30T01:32:38+00:00\" \/>\n<meta name=\"author\" content=\"Yasmin Alves\" \/>\n<meta name=\"twitter:card\" content=\"summary_large_image\" \/>\n<meta name=\"twitter:label1\" content=\"Escrito por\" \/>\n\t<meta name=\"twitter:data1\" content=\"Yasmin Alves\" \/>\n\t<meta name=\"twitter:label2\" content=\"Est. tempo de leitura\" \/>\n\t<meta name=\"twitter:data2\" content=\"1 minuto\" \/>\n<script type=\"application\/ld+json\" class=\"yoast-schema-graph\">{\"@context\":\"https:\\\/\\\/schema.org\",\"@graph\":[{\"@type\":\"Article\",\"@id\":\"https:\\\/\\\/itr.ufrrj.br\\\/egressos\\\/vaga-analista-tecnicovenha-fazer-parte-da-iniciativa-verde\\\/#article\",\"isPartOf\":{\"@id\":\"https:\\\/\\\/itr.ufrrj.br\\\/egressos\\\/vaga-analista-tecnicovenha-fazer-parte-da-iniciativa-verde\\\/\"},\"author\":{\"name\":\"Yasmin Alves\",\"@id\":\"https:\\\/\\\/itr.ufrrj.br\\\/egressos\\\/#\\\/schema\\\/person\\\/72a1bbe80a58cc0e26f78375a4964c16\"},\"headline\":\"VAGA: ANALISTA T\u00c9CNICOVenha fazer parte da Iniciativa Verde!\",\"datePublished\":\"2026-07-30T01:32:37+00:00\",\"dateModified\":\"2026-07-30T01:32:38+00:00\",\"mainEntityOfPage\":{\"@id\":\"https:\\\/\\\/itr.ufrrj.br\\\/egressos\\\/vaga-analista-tecnicovenha-fazer-parte-da-iniciativa-verde\\\/\"},\"wordCount\":153,\"commentCount\":0,\"keywords\":[\"Empregos Ambientais\",\"Gest\u00e3o Ambiental\",\"Gest\u00e3o Ambiental UFRRJ\",\"Gestor Ambiental\",\"Meio Ambiente\",\"Oportunidade de Trabalho\"],\"articleSection\":[\"Oportunidades\"],\"inLanguage\":\"pt-BR\",\"potentialAction\":[{\"@type\":\"CommentAction\",\"name\":\"Comment\",\"target\":[\"https:\\\/\\\/itr.ufrrj.br\\\/egressos\\\/vaga-analista-tecnicovenha-fazer-parte-da-iniciativa-verde\\\/#respond\"]}]},{\"@type\":\"WebPage\",\"@id\":\"https:\\\/\\\/itr.ufrrj.br\\\/egressos\\\/vaga-analista-tecnicovenha-fazer-parte-da-iniciativa-verde\\\/\",\"url\":\"https:\\\/\\\/itr.ufrrj.br\\\/egressos\\\/vaga-analista-tecnicovenha-fazer-parte-da-iniciativa-verde\\\/\",\"name\":\"VAGA: ANALISTA T\u00c9CNICOVenha fazer parte da Iniciativa Verde! - Programa de Acompanhamento de Egressos do Curso de Gest\u00e3o Ambiental do ITR\\\/UFRRJ\",\"isPartOf\":{\"@id\":\"https:\\\/\\\/itr.ufrrj.br\\\/egressos\\\/#website\"},\"datePublished\":\"2026-07-30T01:32:37+00:00\",\"dateModified\":\"2026-07-30T01:32:38+00:00\",\"author\":{\"@id\":\"https:\\\/\\\/itr.ufrrj.br\\\/egressos\\\/#\\\/schema\\\/person\\\/72a1bbe80a58cc0e26f78375a4964c16\"},\"breadcrumb\":{\"@id\":\"https:\\\/\\\/itr.ufrrj.br\\\/egressos\\\/vaga-analista-tecnicovenha-fazer-parte-da-iniciativa-verde\\\/#breadcrumb\"},\"inLanguage\":\"pt-BR\",\"potentialAction\":[{\"@type\":\"ReadAction\",\"target\":[\"https:\\\/\\\/itr.ufrrj.br\\\/egressos\\\/vaga-analista-tecnicovenha-fazer-parte-da-iniciativa-verde\\\/\"]}]},{\"@type\":\"BreadcrumbList\",\"@id\":\"https:\\\/\\\/itr.ufrrj.br\\\/egressos\\\/vaga-analista-tecnicovenha-fazer-parte-da-iniciativa-verde\\\/#breadcrumb\",\"itemListElement\":[{\"@type\":\"ListItem\",\"position\":1,\"name\":\"In\u00edcio\",\"item\":\"https:\\\/\\\/itr.ufrrj.br\\\/egressos\\\/\"},{\"@type\":\"ListItem\",\"position\":2,\"name\":\"VAGA: ANALISTA T\u00c9CNICOVenha fazer parte da Iniciativa Verde!\"}]},{\"@type\":\"WebSite\",\"@id\":\"https:\\\/\\\/itr.ufrrj.br\\\/egressos\\\/#website\",\"url\":\"https:\\\/\\\/itr.ufrrj.br\\\/egressos\\\/\",\"name\":\"Programa de Acompanhamento de Egressos do Curso de Gest\u00e3o Ambiental do ITR\\\/UFRRJ\",\"description\":\"Instituto Tr\u00eas Rios - UFRRJ\",\"potentialAction\":[{\"@type\":\"SearchAction\",\"target\":{\"@type\":\"EntryPoint\",\"urlTemplate\":\"https:\\\/\\\/itr.ufrrj.br\\\/egressos\\\/?s={search_term_string}\"},\"query-input\":{\"@type\":\"PropertyValueSpecification\",\"valueRequired\":true,\"valueName\":\"search_term_string\"}}],\"inLanguage\":\"pt-BR\"},{\"@type\":\"Person\",\"@id\":\"https:\\\/\\\/itr.ufrrj.br\\\/egressos\\\/#\\\/schema\\\/person\\\/72a1bbe80a58cc0e26f78375a4964c16\",\"name\":\"Yasmin Alves\",\"image\":{\"@type\":\"ImageObject\",\"inLanguage\":\"pt-BR\",\"@id\":\"https:\\\/\\\/secure.gravatar.com\\\/avatar\\\/284f6995564641550be50a2c622800d764ffd772104c855755f22a9c2e65aab0?s=96&d=mm&r=g\",\"url\":\"https:\\\/\\\/secure.gravatar.com\\\/avatar\\\/284f6995564641550be50a2c622800d764ffd772104c855755f22a9c2e65aab0?s=96&d=mm&r=g\",\"contentUrl\":\"https:\\\/\\\/secure.gravatar.com\\\/avatar\\\/284f6995564641550be50a2c622800d764ffd772104c855755f22a9c2e65aab0?s=96&d=mm&r=g\",\"caption\":\"Yasmin Alves\"},\"url\":\"https:\\\/\\\/itr.ufrrj.br\\\/egressos\\\/author\\\/yasmin-alves\\\/\"}]}<\/script>\n<!-- \/ Yoast SEO plugin. -->","yoast_head_json":{"title":"VAGA: ANALISTA T\u00c9CNICOVenha fazer parte da Iniciativa Verde! - Programa de Acompanhamento de Egressos do Curso de Gest\u00e3o Ambiental do ITR\/UFRRJ","robots":{"index":"index","follow":"follow","max-snippet":"max-snippet:-1","max-image-preview":"max-image-preview:large","max-video-preview":"max-video-preview:-1"},"canonical":"https:\/\/itr.ufrrj.br\/egressos\/vaga-analista-tecnicovenha-fazer-parte-da-iniciativa-verde\/","og_locale":"pt_BR","og_type":"article","og_title":"VAGA: ANALISTA T\u00c9CNICOVenha fazer parte da Iniciativa Verde! - Programa de Acompanhamento de Egressos do Curso de Gest\u00e3o Ambiental do ITR\/UFRRJ","og_description":"\ud83d\udd0d VAGA: ANALISTA T\u00c9CNICOVenha fazer parte da Iniciativa Verde! \ud83c\udf31 O que voc\u00ea vai fazer?\u2022 Diagn\u00f3sticos ambientais e mapeamentos\u2022 Planejamento e execu\u00e7\u00e3o de projetos de restaura\u00e7\u00e3o\u2022 Atividades de campo e visitas t\u00e9cnicas\u2022 Relat\u00f3rios t\u00e9cnicos e articula\u00e7\u00e3o com parceiros \u2705 Requisitos:\u2022 Forma\u00e7\u00e3o em Eng. Agron\u00f4mica, Florestal, Ci\u00eancias Biol\u00f3gicas, Gest\u00e3o Ambiental ou \u00e1reas afins\u2022 Experi\u00eancia em restaura\u00e7\u00e3o [&hellip;]","og_url":"https:\/\/itr.ufrrj.br\/egressos\/vaga-analista-tecnicovenha-fazer-parte-da-iniciativa-verde\/","og_site_name":"Programa de Acompanhamento de Egressos do Curso de Gest\u00e3o Ambiental do ITR\/UFRRJ","article_published_time":"2026-07-30T01:32:37+00:00","article_modified_time":"2026-07-30T01:32:38+00:00","author":"Yasmin Alves","twitter_card":"summary_large_image","twitter_misc":{"Escrito por":"Yasmin Alves","Est. tempo de leitura":"1 minuto"},"schema":{"@context":"https:\/\/schema.org","@graph":[{"@type":"Article","@id":"https:\/\/itr.ufrrj.br\/egressos\/vaga-analista-tecnicovenha-fazer-parte-da-iniciativa-verde\/#article","isPartOf":{"@id":"https:\/\/itr.ufrrj.br\/egressos\/vaga-analista-tecnicovenha-fazer-parte-da-iniciativa-verde\/"},"author":{"name":"Yasmin Alves","@id":"https:\/\/itr.ufrrj.br\/egressos\/#\/schema\/person\/72a1bbe80a58cc0e26f78375a4964c16"},"headline":"VAGA: ANALISTA T\u00c9CNICOVenha fazer parte da Iniciativa Verde!","datePublished":"2026-07-30T01:32:37+00:00","dateModified":"2026-07-30T01:32:38+00:00","mainEntityOfPage":{"@id":"https:\/\/itr.ufrrj.br\/egressos\/vaga-analista-tecnicovenha-fazer-parte-da-iniciativa-verde\/"},"wordCount":153,"commentCount":0,"keywords":["Empregos Ambientais","Gest\u00e3o Ambiental","Gest\u00e3o Ambiental UFRRJ","Gestor Ambiental","Meio Ambiente","Oportunidade de Trabalho"],"articleSection":["Oportunidades"],"inLanguage":"pt-BR","potentialAction":[{"@type":"CommentAction","name":"Comment","target":["https:\/\/itr.ufrrj.br\/egressos\/vaga-analista-tecnicovenha-fazer-parte-da-iniciativa-verde\/#respond"]}]},{"@type":"WebPage","@id":"https:\/\/itr.ufrrj.br\/egressos\/vaga-analista-tecnicovenha-fazer-parte-da-iniciativa-verde\/","url":"https:\/\/itr.ufrrj.br\/egressos\/vaga-analista-tecnicovenha-fazer-parte-da-iniciativa-verde\/","name":"VAGA: ANALISTA T\u00c9CNICOVenha fazer parte da Iniciativa Verde! - Programa de Acompanhamento de Egressos do Curso de Gest\u00e3o Ambiental do ITR\/UFRRJ","isPartOf":{"@id":"https:\/\/itr.ufrrj.br\/egressos\/#website"},"datePublished":"2026-07-30T01:32:37+00:00","dateModified":"2026-07-30T01:32:38+00:00","author":{"@id":"https:\/\/itr.ufrrj.br\/egressos\/#\/schema\/person\/72a1bbe80a58cc0e26f78375a4964c16"},"breadcrumb":{"@id":"https:\/\/itr.ufrrj.br\/egressos\/vaga-analista-tecnicovenha-fazer-parte-da-iniciativa-verde\/#breadcrumb"},"inLanguage":"pt-BR","potentialAction":[{"@type":"ReadAction","target":["https:\/\/itr.ufrrj.br\/egressos\/vaga-analista-tecnicovenha-fazer-parte-da-iniciativa-verde\/"]}]},{"@type":"BreadcrumbList","@id":"https:\/\/itr.ufrrj.br\/egressos\/vaga-analista-tecnicovenha-fazer-parte-da-iniciativa-verde\/#breadcrumb","itemListElement":[{"@type":"ListItem","position":1,"name":"In\u00edcio","item":"https:\/\/itr.ufrrj.br\/egressos\/"},{"@type":"ListItem","position":2,"name":"VAGA: ANALISTA T\u00c9CNICOVenha fazer parte da Iniciativa Verde!"}]},{"@type":"WebSite","@id":"https:\/\/itr.ufrrj.br\/egressos\/#website","url":"https:\/\/itr.ufrrj.br\/egressos\/","name":"Programa de Acompanhamento de Egressos do Curso de Gest\u00e3o Ambiental do ITR\/UFRRJ","description":"Instituto Tr\u00eas Rios - UFRRJ","potentialAction":[{"@type":"SearchAction","target":{"@type":"EntryPoint","urlTemplate":"https:\/\/itr.ufrrj.br\/egressos\/?s={search_term_string}"},"query-input":{"@type":"PropertyValueSpecification","valueRequired":true,"valueName":"search_term_string"}}],"inLanguage":"pt-BR"},{"@type":"Person","@id":"https:\/\/itr.ufrrj.br\/egressos\/#\/schema\/person\/72a1bbe80a58cc0e26f78375a4964c16","name":"Yasmin Alves","image":{"@type":"ImageObject","inLanguage":"pt-BR","@id":"https:\/\/secure.gravatar.com\/avatar\/284f6995564641550be50a2c622800d764ffd772104c855755f22a9c2e65aab0?s=96&d=mm&r=g","url":"https:\/\/secure.gravatar.com\/avatar\/284f6995564641550be50a2c622800d764ffd772104c855755f22a9c2e65aab0?s=96&d=mm&r=g","contentUrl":"https:\/\/secure.gravatar.com\/avatar\/284f6995564641550be50a2c622800d764ffd772104c855755f22a9c2e65aab0?s=96&d=mm&r=g","caption":"Yasmin Alves"},"url":"https:\/\/itr.ufrrj.br\/egressos\/author\/yasmin-alves\/"}]}},"_links":{"self":[{"href":"https:\/\/itr.ufrrj.br\/egressos\/wp-json\/wp\/v2\/posts\/5650","targetHints":{"allow":["GET"]}}],"collection":[{"href":"https:\/\/itr.ufrrj.br\/egressos\/wp-json\/wp\/v2\/posts"}],"about":[{"href":"https:\/\/itr.ufrrj.br\/egressos\/wp-json\/wp\/v2\/types\/post"}],"author":[{"embeddable":true,"href":"https:\/\/itr.ufrrj.br\/egressos\/wp-json\/wp\/v2\/users\/23"}],"replies":[{"embeddable":true,"href":"https:\/\/itr.ufrrj.br\/egressos\/wp-json\/wp\/v2\/comments?post=5650"}],"version-history":[{"count":1,"href":"https:\/\/itr.ufrrj.br\/egressos\/wp-json\/wp\/v2\/posts\/5650\/revisions"}],"predecessor-version":[{"id":5651,"href":"https:\/\/itr.ufrrj.br\/egressos\/wp-json\/wp\/v2\/posts\/5650\/revisions\/5651"}],"wp:attachment":[{"href":"https:\/\/itr.ufrrj.br\/egressos\/wp-json\/wp\/v2\/media?parent=5650"}],"wp:term":[{"taxonomy":"category","embeddable":true,"href":"https:\/\/itr.ufrrj.br\/egressos\/wp-json\/wp\/v2\/categories?post=5650"},{"taxonomy":"post_tag","embeddable":true,"href":"https:\/\/itr.ufrrj.br\/egressos\/wp-json\/wp\/v2\/tags?post=5650"}],"curies":[{"name":"wp","href":"https:\/\/api.w.org\/{rel}","templated":true}]}}