{"id":5646,"date":"2026-07-29T22:29:19","date_gmt":"2026-07-30T01:29:19","guid":{"rendered":"https:\/\/itr.ufrrj.br\/egressos\/?p=5646"},"modified":"2026-07-29T22:29:21","modified_gmt":"2026-07-30T01:29:21","slug":"o-edital-de-fomento-2026-esta-no-ar-com-um-aporte-de-mais-de-r-300-mil-para-acelerar-quem-faz-acontecer-nas-areas-de-sustentabilidade-tecnologia-e-impacto-social","status":"publish","type":"post","link":"https:\/\/itr.ufrrj.br\/egressos\/o-edital-de-fomento-2026-esta-no-ar-com-um-aporte-de-mais-de-r-300-mil-para-acelerar-quem-faz-acontecer-nas-areas-de-sustentabilidade-tecnologia-e-impacto-social\/","title":{"rendered":"O Edital de Fomento 2026 est\u00e1 no ar com um aporte de mais de R$ 300 mil para acelerar quem faz acontecer nas \u00e1reas de sustentabilidade, tecnologia e impacto social."},"content":{"rendered":"\n<p>Aten\u00e7\u00e3o, ecossistema de inova\u00e7\u00e3o! \ud83d\udca1 <br \/><br \/>O Edital de Fomento 2026 est\u00e1 no ar com um aporte de mais de R$ 300 mil para acelerar quem faz acontecer nas \u00e1reas de sustentabilidade, tecnologia e impacto social.<br \/><br \/>Seja voc\u00ea um estudante, pesquisador, membro de uma startup ou de uma organiza\u00e7\u00e3o social, o momento de alavancar a sua solu\u00e7\u00e3o chegou.<br \/><br \/>\ud83d\udd17 O link para o edital e inscri\u00e7\u00f5es est\u00e1 na nossa bio. Corre l\u00e1, estrutura sua proposta e participe!<\/p>\n<p>Link:\u00a0<a href=\"https:\/\/www.instagram.com\/p\/DbMMZUIo8Cw\/?utm_source=ig_web_copy_link&amp;igsh=NTc4MTIwNjQ2YQ==\">https:\/\/www.instagram.com\/p\/DbMMZUIo8Cw\/?utm_source=ig_web_copy_link&amp;igsh=NTc4MTIwNjQ2YQ==<\/a><\/p>\n","protected":false},"excerpt":{"rendered":"<p>Aten\u00e7\u00e3o, ecossistema de inova\u00e7\u00e3o! \ud83d\udca1 O Edital de Fomento 2026 est\u00e1 no ar com um aporte de mais de R$ 300 mil para acelerar quem faz acontecer nas \u00e1reas de sustentabilidade, tecnologia e impacto social. Seja voc\u00ea um estudante, pesquisador, membro de uma startup ou de uma organiza\u00e7\u00e3o social, o momento de alavancar a sua [&hellip;]<\/p>\n","protected":false},"author":23,"featured_media":0,"comment_status":"open","ping_status":"open","sticky":false,"template":"","format":"standard","meta":{"_acf_changed":false,"_exactmetrics_skip_tracking":false,"footnotes":""},"categories":[7],"tags":[20,25,73,19,15,17],"class_list":["post-5646","post","type-post","status-publish","format-standard","hentry","category-oportunidades","tag-empregos-ambientais","tag-gestao-ambiental","tag-gestao-ambiental-ufrrj","tag-gestor-ambiental","tag-meio-ambiente","tag-oportunidade-de-trabalho","cat-7-id"],"acf":[],"yoast_head":"<!-- This site is optimized with the Yoast SEO plugin v28.3 - https:\/\/yoast.com\/product\/yoast-seo-wordpress\/ -->\n<title>O Edital de Fomento 2026 est\u00e1 no ar com um aporte de mais de R$ 300 mil para acelerar quem faz acontecer nas \u00e1reas de sustentabilidade, tecnologia e impacto social. - Programa de Acompanhamento de Egressos do Curso de Gest\u00e3o Ambiental do ITR\/UFRRJ<\/title>\n<meta name=\"robots\" content=\"index, follow, max-snippet:-1, max-image-preview:large, max-video-preview:-1\" \/>\n<link rel=\"canonical\" href=\"https:\/\/itr.ufrrj.br\/egressos\/o-edital-de-fomento-2026-esta-no-ar-com-um-aporte-de-mais-de-r-300-mil-para-acelerar-quem-faz-acontecer-nas-areas-de-sustentabilidade-tecnologia-e-impacto-social\/\" \/>\n<meta property=\"og:locale\" content=\"pt_BR\" \/>\n<meta property=\"og:type\" content=\"article\" \/>\n<meta property=\"og:title\" content=\"O Edital de Fomento 2026 est\u00e1 no ar com um aporte de mais de R$ 300 mil para acelerar quem faz acontecer nas \u00e1reas de sustentabilidade, tecnologia e impacto social. - Programa de Acompanhamento de Egressos do Curso de Gest\u00e3o Ambiental do ITR\/UFRRJ\" \/>\n<meta property=\"og:description\" content=\"Aten\u00e7\u00e3o, ecossistema de inova\u00e7\u00e3o! \ud83d\udca1 O Edital de Fomento 2026 est\u00e1 no ar com um aporte de mais de R$ 300 mil para acelerar quem faz acontecer nas \u00e1reas de sustentabilidade, tecnologia e impacto social. Seja voc\u00ea um estudante, pesquisador, membro de uma startup ou de uma organiza\u00e7\u00e3o social, o momento de alavancar a sua [&hellip;]\" \/>\n<meta property=\"og:url\" content=\"https:\/\/itr.ufrrj.br\/egressos\/o-edital-de-fomento-2026-esta-no-ar-com-um-aporte-de-mais-de-r-300-mil-para-acelerar-quem-faz-acontecer-nas-areas-de-sustentabilidade-tecnologia-e-impacto-social\/\" \/>\n<meta property=\"og:site_name\" content=\"Programa de Acompanhamento de Egressos do Curso de Gest\u00e3o Ambiental do ITR\/UFRRJ\" \/>\n<meta property=\"article:published_time\" content=\"2026-07-30T01:29:19+00:00\" \/>\n<meta property=\"article:modified_time\" content=\"2026-07-30T01:29:21+00:00\" \/>\n<meta name=\"author\" content=\"Yasmin Alves\" \/>\n<meta name=\"twitter:card\" content=\"summary_large_image\" \/>\n<meta name=\"twitter:label1\" content=\"Escrito por\" \/>\n\t<meta name=\"twitter:data1\" content=\"Yasmin Alves\" \/>\n\t<meta name=\"twitter:label2\" content=\"Est. tempo de leitura\" \/>\n\t<meta name=\"twitter:data2\" content=\"1 minuto\" \/>\n<script type=\"application\/ld+json\" class=\"yoast-schema-graph\">{\"@context\":\"https:\\\/\\\/schema.org\",\"@graph\":[{\"@type\":\"Article\",\"@id\":\"https:\\\/\\\/itr.ufrrj.br\\\/egressos\\\/o-edital-de-fomento-2026-esta-no-ar-com-um-aporte-de-mais-de-r-300-mil-para-acelerar-quem-faz-acontecer-nas-areas-de-sustentabilidade-tecnologia-e-impacto-social\\\/#article\",\"isPartOf\":{\"@id\":\"https:\\\/\\\/itr.ufrrj.br\\\/egressos\\\/o-edital-de-fomento-2026-esta-no-ar-com-um-aporte-de-mais-de-r-300-mil-para-acelerar-quem-faz-acontecer-nas-areas-de-sustentabilidade-tecnologia-e-impacto-social\\\/\"},\"author\":{\"name\":\"Yasmin Alves\",\"@id\":\"https:\\\/\\\/itr.ufrrj.br\\\/egressos\\\/#\\\/schema\\\/person\\\/72a1bbe80a58cc0e26f78375a4964c16\"},\"headline\":\"O Edital de Fomento 2026 est\u00e1 no ar com um aporte de mais de R$ 300 mil para acelerar quem faz acontecer nas \u00e1reas de sustentabilidade, tecnologia e impacto social.\",\"datePublished\":\"2026-07-30T01:29:19+00:00\",\"dateModified\":\"2026-07-30T01:29:21+00:00\",\"mainEntityOfPage\":{\"@id\":\"https:\\\/\\\/itr.ufrrj.br\\\/egressos\\\/o-edital-de-fomento-2026-esta-no-ar-com-um-aporte-de-mais-de-r-300-mil-para-acelerar-quem-faz-acontecer-nas-areas-de-sustentabilidade-tecnologia-e-impacto-social\\\/\"},\"wordCount\":124,\"commentCount\":0,\"keywords\":[\"Empregos Ambientais\",\"Gest\u00e3o Ambiental\",\"Gest\u00e3o Ambiental UFRRJ\",\"Gestor Ambiental\",\"Meio Ambiente\",\"Oportunidade de Trabalho\"],\"articleSection\":[\"Oportunidades\"],\"inLanguage\":\"pt-BR\",\"potentialAction\":[{\"@type\":\"CommentAction\",\"name\":\"Comment\",\"target\":[\"https:\\\/\\\/itr.ufrrj.br\\\/egressos\\\/o-edital-de-fomento-2026-esta-no-ar-com-um-aporte-de-mais-de-r-300-mil-para-acelerar-quem-faz-acontecer-nas-areas-de-sustentabilidade-tecnologia-e-impacto-social\\\/#respond\"]}]},{\"@type\":\"WebPage\",\"@id\":\"https:\\\/\\\/itr.ufrrj.br\\\/egressos\\\/o-edital-de-fomento-2026-esta-no-ar-com-um-aporte-de-mais-de-r-300-mil-para-acelerar-quem-faz-acontecer-nas-areas-de-sustentabilidade-tecnologia-e-impacto-social\\\/\",\"url\":\"https:\\\/\\\/itr.ufrrj.br\\\/egressos\\\/o-edital-de-fomento-2026-esta-no-ar-com-um-aporte-de-mais-de-r-300-mil-para-acelerar-quem-faz-acontecer-nas-areas-de-sustentabilidade-tecnologia-e-impacto-social\\\/\",\"name\":\"O Edital de Fomento 2026 est\u00e1 no ar com um aporte de mais de R$ 300 mil para acelerar quem faz acontecer nas \u00e1reas de sustentabilidade, tecnologia e impacto social. - Programa de Acompanhamento de Egressos do Curso de Gest\u00e3o Ambiental do ITR\\\/UFRRJ\",\"isPartOf\":{\"@id\":\"https:\\\/\\\/itr.ufrrj.br\\\/egressos\\\/#website\"},\"datePublished\":\"2026-07-30T01:29:19+00:00\",\"dateModified\":\"2026-07-30T01:29:21+00:00\",\"author\":{\"@id\":\"https:\\\/\\\/itr.ufrrj.br\\\/egressos\\\/#\\\/schema\\\/person\\\/72a1bbe80a58cc0e26f78375a4964c16\"},\"breadcrumb\":{\"@id\":\"https:\\\/\\\/itr.ufrrj.br\\\/egressos\\\/o-edital-de-fomento-2026-esta-no-ar-com-um-aporte-de-mais-de-r-300-mil-para-acelerar-quem-faz-acontecer-nas-areas-de-sustentabilidade-tecnologia-e-impacto-social\\\/#breadcrumb\"},\"inLanguage\":\"pt-BR\",\"potentialAction\":[{\"@type\":\"ReadAction\",\"target\":[\"https:\\\/\\\/itr.ufrrj.br\\\/egressos\\\/o-edital-de-fomento-2026-esta-no-ar-com-um-aporte-de-mais-de-r-300-mil-para-acelerar-quem-faz-acontecer-nas-areas-de-sustentabilidade-tecnologia-e-impacto-social\\\/\"]}]},{\"@type\":\"BreadcrumbList\",\"@id\":\"https:\\\/\\\/itr.ufrrj.br\\\/egressos\\\/o-edital-de-fomento-2026-esta-no-ar-com-um-aporte-de-mais-de-r-300-mil-para-acelerar-quem-faz-acontecer-nas-areas-de-sustentabilidade-tecnologia-e-impacto-social\\\/#breadcrumb\",\"itemListElement\":[{\"@type\":\"ListItem\",\"position\":1,\"name\":\"In\u00edcio\",\"item\":\"https:\\\/\\\/itr.ufrrj.br\\\/egressos\\\/\"},{\"@type\":\"ListItem\",\"position\":2,\"name\":\"O Edital de Fomento 2026 est\u00e1 no ar com um aporte de mais de R$ 300 mil para acelerar quem faz acontecer nas \u00e1reas de sustentabilidade, tecnologia e impacto social.\"}]},{\"@type\":\"WebSite\",\"@id\":\"https:\\\/\\\/itr.ufrrj.br\\\/egressos\\\/#website\",\"url\":\"https:\\\/\\\/itr.ufrrj.br\\\/egressos\\\/\",\"name\":\"Programa de Acompanhamento de Egressos do Curso de Gest\u00e3o Ambiental do ITR\\\/UFRRJ\",\"description\":\"Instituto Tr\u00eas Rios - UFRRJ\",\"potentialAction\":[{\"@type\":\"SearchAction\",\"target\":{\"@type\":\"EntryPoint\",\"urlTemplate\":\"https:\\\/\\\/itr.ufrrj.br\\\/egressos\\\/?s={search_term_string}\"},\"query-input\":{\"@type\":\"PropertyValueSpecification\",\"valueRequired\":true,\"valueName\":\"search_term_string\"}}],\"inLanguage\":\"pt-BR\"},{\"@type\":\"Person\",\"@id\":\"https:\\\/\\\/itr.ufrrj.br\\\/egressos\\\/#\\\/schema\\\/person\\\/72a1bbe80a58cc0e26f78375a4964c16\",\"name\":\"Yasmin Alves\",\"image\":{\"@type\":\"ImageObject\",\"inLanguage\":\"pt-BR\",\"@id\":\"https:\\\/\\\/secure.gravatar.com\\\/avatar\\\/284f6995564641550be50a2c622800d764ffd772104c855755f22a9c2e65aab0?s=96&d=mm&r=g\",\"url\":\"https:\\\/\\\/secure.gravatar.com\\\/avatar\\\/284f6995564641550be50a2c622800d764ffd772104c855755f22a9c2e65aab0?s=96&d=mm&r=g\",\"contentUrl\":\"https:\\\/\\\/secure.gravatar.com\\\/avatar\\\/284f6995564641550be50a2c622800d764ffd772104c855755f22a9c2e65aab0?s=96&d=mm&r=g\",\"caption\":\"Yasmin Alves\"},\"url\":\"https:\\\/\\\/itr.ufrrj.br\\\/egressos\\\/author\\\/yasmin-alves\\\/\"}]}<\/script>\n<!-- \/ Yoast SEO plugin. -->","yoast_head_json":{"title":"O Edital de Fomento 2026 est\u00e1 no ar com um aporte de mais de R$ 300 mil para acelerar quem faz acontecer nas \u00e1reas de sustentabilidade, tecnologia e impacto social. - Programa de Acompanhamento de Egressos do Curso de Gest\u00e3o Ambiental do ITR\/UFRRJ","robots":{"index":"index","follow":"follow","max-snippet":"max-snippet:-1","max-image-preview":"max-image-preview:large","max-video-preview":"max-video-preview:-1"},"canonical":"https:\/\/itr.ufrrj.br\/egressos\/o-edital-de-fomento-2026-esta-no-ar-com-um-aporte-de-mais-de-r-300-mil-para-acelerar-quem-faz-acontecer-nas-areas-de-sustentabilidade-tecnologia-e-impacto-social\/","og_locale":"pt_BR","og_type":"article","og_title":"O Edital de Fomento 2026 est\u00e1 no ar com um aporte de mais de R$ 300 mil para acelerar quem faz acontecer nas \u00e1reas de sustentabilidade, tecnologia e impacto social. - Programa de Acompanhamento de Egressos do Curso de Gest\u00e3o Ambiental do ITR\/UFRRJ","og_description":"Aten\u00e7\u00e3o, ecossistema de inova\u00e7\u00e3o! \ud83d\udca1 O Edital de Fomento 2026 est\u00e1 no ar com um aporte de mais de R$ 300 mil para acelerar quem faz acontecer nas \u00e1reas de sustentabilidade, tecnologia e impacto social. Seja voc\u00ea um estudante, pesquisador, membro de uma startup ou de uma organiza\u00e7\u00e3o social, o momento de alavancar a sua [&hellip;]","og_url":"https:\/\/itr.ufrrj.br\/egressos\/o-edital-de-fomento-2026-esta-no-ar-com-um-aporte-de-mais-de-r-300-mil-para-acelerar-quem-faz-acontecer-nas-areas-de-sustentabilidade-tecnologia-e-impacto-social\/","og_site_name":"Programa de Acompanhamento de Egressos do Curso de Gest\u00e3o Ambiental do ITR\/UFRRJ","article_published_time":"2026-07-30T01:29:19+00:00","article_modified_time":"2026-07-30T01:29:21+00:00","author":"Yasmin Alves","twitter_card":"summary_large_image","twitter_misc":{"Escrito por":"Yasmin Alves","Est. tempo de leitura":"1 minuto"},"schema":{"@context":"https:\/\/schema.org","@graph":[{"@type":"Article","@id":"https:\/\/itr.ufrrj.br\/egressos\/o-edital-de-fomento-2026-esta-no-ar-com-um-aporte-de-mais-de-r-300-mil-para-acelerar-quem-faz-acontecer-nas-areas-de-sustentabilidade-tecnologia-e-impacto-social\/#article","isPartOf":{"@id":"https:\/\/itr.ufrrj.br\/egressos\/o-edital-de-fomento-2026-esta-no-ar-com-um-aporte-de-mais-de-r-300-mil-para-acelerar-quem-faz-acontecer-nas-areas-de-sustentabilidade-tecnologia-e-impacto-social\/"},"author":{"name":"Yasmin Alves","@id":"https:\/\/itr.ufrrj.br\/egressos\/#\/schema\/person\/72a1bbe80a58cc0e26f78375a4964c16"},"headline":"O Edital de Fomento 2026 est\u00e1 no ar com um aporte de mais de R$ 300 mil para acelerar quem faz acontecer nas \u00e1reas de sustentabilidade, tecnologia e impacto social.","datePublished":"2026-07-30T01:29:19+00:00","dateModified":"2026-07-30T01:29:21+00:00","mainEntityOfPage":{"@id":"https:\/\/itr.ufrrj.br\/egressos\/o-edital-de-fomento-2026-esta-no-ar-com-um-aporte-de-mais-de-r-300-mil-para-acelerar-quem-faz-acontecer-nas-areas-de-sustentabilidade-tecnologia-e-impacto-social\/"},"wordCount":124,"commentCount":0,"keywords":["Empregos Ambientais","Gest\u00e3o Ambiental","Gest\u00e3o Ambiental UFRRJ","Gestor Ambiental","Meio Ambiente","Oportunidade de Trabalho"],"articleSection":["Oportunidades"],"inLanguage":"pt-BR","potentialAction":[{"@type":"CommentAction","name":"Comment","target":["https:\/\/itr.ufrrj.br\/egressos\/o-edital-de-fomento-2026-esta-no-ar-com-um-aporte-de-mais-de-r-300-mil-para-acelerar-quem-faz-acontecer-nas-areas-de-sustentabilidade-tecnologia-e-impacto-social\/#respond"]}]},{"@type":"WebPage","@id":"https:\/\/itr.ufrrj.br\/egressos\/o-edital-de-fomento-2026-esta-no-ar-com-um-aporte-de-mais-de-r-300-mil-para-acelerar-quem-faz-acontecer-nas-areas-de-sustentabilidade-tecnologia-e-impacto-social\/","url":"https:\/\/itr.ufrrj.br\/egressos\/o-edital-de-fomento-2026-esta-no-ar-com-um-aporte-de-mais-de-r-300-mil-para-acelerar-quem-faz-acontecer-nas-areas-de-sustentabilidade-tecnologia-e-impacto-social\/","name":"O Edital de Fomento 2026 est\u00e1 no ar com um aporte de mais de R$ 300 mil para acelerar quem faz acontecer nas \u00e1reas de sustentabilidade, tecnologia e impacto social. - Programa de Acompanhamento de Egressos do Curso de Gest\u00e3o Ambiental do ITR\/UFRRJ","isPartOf":{"@id":"https:\/\/itr.ufrrj.br\/egressos\/#website"},"datePublished":"2026-07-30T01:29:19+00:00","dateModified":"2026-07-30T01:29:21+00:00","author":{"@id":"https:\/\/itr.ufrrj.br\/egressos\/#\/schema\/person\/72a1bbe80a58cc0e26f78375a4964c16"},"breadcrumb":{"@id":"https:\/\/itr.ufrrj.br\/egressos\/o-edital-de-fomento-2026-esta-no-ar-com-um-aporte-de-mais-de-r-300-mil-para-acelerar-quem-faz-acontecer-nas-areas-de-sustentabilidade-tecnologia-e-impacto-social\/#breadcrumb"},"inLanguage":"pt-BR","potentialAction":[{"@type":"ReadAction","target":["https:\/\/itr.ufrrj.br\/egressos\/o-edital-de-fomento-2026-esta-no-ar-com-um-aporte-de-mais-de-r-300-mil-para-acelerar-quem-faz-acontecer-nas-areas-de-sustentabilidade-tecnologia-e-impacto-social\/"]}]},{"@type":"BreadcrumbList","@id":"https:\/\/itr.ufrrj.br\/egressos\/o-edital-de-fomento-2026-esta-no-ar-com-um-aporte-de-mais-de-r-300-mil-para-acelerar-quem-faz-acontecer-nas-areas-de-sustentabilidade-tecnologia-e-impacto-social\/#breadcrumb","itemListElement":[{"@type":"ListItem","position":1,"name":"In\u00edcio","item":"https:\/\/itr.ufrrj.br\/egressos\/"},{"@type":"ListItem","position":2,"name":"O Edital de Fomento 2026 est\u00e1 no ar com um aporte de mais de R$ 300 mil para acelerar quem faz acontecer nas \u00e1reas de sustentabilidade, tecnologia e impacto social."}]},{"@type":"WebSite","@id":"https:\/\/itr.ufrrj.br\/egressos\/#website","url":"https:\/\/itr.ufrrj.br\/egressos\/","name":"Programa de Acompanhamento de Egressos do Curso de Gest\u00e3o Ambiental do ITR\/UFRRJ","description":"Instituto Tr\u00eas Rios - UFRRJ","potentialAction":[{"@type":"SearchAction","target":{"@type":"EntryPoint","urlTemplate":"https:\/\/itr.ufrrj.br\/egressos\/?s={search_term_string}"},"query-input":{"@type":"PropertyValueSpecification","valueRequired":true,"valueName":"search_term_string"}}],"inLanguage":"pt-BR"},{"@type":"Person","@id":"https:\/\/itr.ufrrj.br\/egressos\/#\/schema\/person\/72a1bbe80a58cc0e26f78375a4964c16","name":"Yasmin Alves","image":{"@type":"ImageObject","inLanguage":"pt-BR","@id":"https:\/\/secure.gravatar.com\/avatar\/284f6995564641550be50a2c622800d764ffd772104c855755f22a9c2e65aab0?s=96&d=mm&r=g","url":"https:\/\/secure.gravatar.com\/avatar\/284f6995564641550be50a2c622800d764ffd772104c855755f22a9c2e65aab0?s=96&d=mm&r=g","contentUrl":"https:\/\/secure.gravatar.com\/avatar\/284f6995564641550be50a2c622800d764ffd772104c855755f22a9c2e65aab0?s=96&d=mm&r=g","caption":"Yasmin Alves"},"url":"https:\/\/itr.ufrrj.br\/egressos\/author\/yasmin-alves\/"}]}},"_links":{"self":[{"href":"https:\/\/itr.ufrrj.br\/egressos\/wp-json\/wp\/v2\/posts\/5646","targetHints":{"allow":["GET"]}}],"collection":[{"href":"https:\/\/itr.ufrrj.br\/egressos\/wp-json\/wp\/v2\/posts"}],"about":[{"href":"https:\/\/itr.ufrrj.br\/egressos\/wp-json\/wp\/v2\/types\/post"}],"author":[{"embeddable":true,"href":"https:\/\/itr.ufrrj.br\/egressos\/wp-json\/wp\/v2\/users\/23"}],"replies":[{"embeddable":true,"href":"https:\/\/itr.ufrrj.br\/egressos\/wp-json\/wp\/v2\/comments?post=5646"}],"version-history":[{"count":1,"href":"https:\/\/itr.ufrrj.br\/egressos\/wp-json\/wp\/v2\/posts\/5646\/revisions"}],"predecessor-version":[{"id":5647,"href":"https:\/\/itr.ufrrj.br\/egressos\/wp-json\/wp\/v2\/posts\/5646\/revisions\/5647"}],"wp:attachment":[{"href":"https:\/\/itr.ufrrj.br\/egressos\/wp-json\/wp\/v2\/media?parent=5646"}],"wp:term":[{"taxonomy":"category","embeddable":true,"href":"https:\/\/itr.ufrrj.br\/egressos\/wp-json\/wp\/v2\/categories?post=5646"},{"taxonomy":"post_tag","embeddable":true,"href":"https:\/\/itr.ufrrj.br\/egressos\/wp-json\/wp\/v2\/tags?post=5646"}],"curies":[{"name":"wp","href":"https:\/\/api.w.org\/{rel}","templated":true}]}}