{"id":5630,"date":"2026-07-26T21:56:41","date_gmt":"2026-07-27T00:56:41","guid":{"rendered":"https:\/\/itr.ufrrj.br\/egressos\/?p=5630"},"modified":"2026-07-26T21:56:42","modified_gmt":"2026-07-27T00:56:42","slug":"coordenador-ambiental-sobradinho-ba","status":"publish","type":"post","link":"https:\/\/itr.ufrrj.br\/egressos\/coordenador-ambiental-sobradinho-ba\/","title":{"rendered":"COORDENADOR AMBIENTAL &#8211; Sobradinho\/BA"},"content":{"rendered":"\n<p>COORDENADOR AMBIENTAL<br \/><br \/>Local: Sobradinho\/BA<br \/><br \/>REQUISITOS: Forma\u00e7\u00e3o superior em Ci\u00eancias Biol\u00f3gicas, Geologia, Engenharia Ambiental e \u00e1reas afins; Experi\u00eancia em coordena\u00e7\u00e3o e execu\u00e7\u00e3o de ambientais em hidrel\u00e9tricas; Servi\u00e7os de escrit\u00f3rio\/campo; Disponibilidade para mudan\u00e7a; CNH B.<br \/><br \/>ATIVIDADES: Acompanhamento de programas ambientais em hidrel\u00e9tricas; \u2022 Coordena\u00e7\u00e3o de equipes de campo e escrit\u00f3rio.<br \/><br \/>MODALIDADE: Presencial<br \/><br \/>CARGA HOR\u00c1RIA: 40h semanais;<br \/><br \/>\ud83c\udf33 Interessados devem enviar curr\u00edculo com o t\u00edtulo \u201cVaga Coordenador Ambiental &#8211; Sobradinho&#8221; para\u00a0henrique@terraambiental.com.br\u00a0<\/p>\n<p>Link:\u00a0<a href=\"https:\/\/www.instagram.com\/p\/Da6sslPDCOU\/?utm_source=ig_web_copy_link&amp;igsh=NTc4MTIwNjQ2YQ==\">https:\/\/www.instagram.com\/p\/Da6sslPDCOU\/?utm_source=ig_web_copy_link&amp;igsh=NTc4MTIwNjQ2YQ==<\/a><\/p>\n","protected":false},"excerpt":{"rendered":"<p>COORDENADOR AMBIENTAL Local: Sobradinho\/BA REQUISITOS: Forma\u00e7\u00e3o superior em Ci\u00eancias Biol\u00f3gicas, Geologia, Engenharia Ambiental e \u00e1reas afins; Experi\u00eancia em coordena\u00e7\u00e3o e execu\u00e7\u00e3o de ambientais em hidrel\u00e9tricas; Servi\u00e7os de escrit\u00f3rio\/campo; Disponibilidade para mudan\u00e7a; CNH B. ATIVIDADES: Acompanhamento de programas ambientais em hidrel\u00e9tricas; \u2022 Coordena\u00e7\u00e3o de equipes de campo e escrit\u00f3rio. MODALIDADE: Presencial CARGA HOR\u00c1RIA: 40h semanais; \ud83c\udf33 [&hellip;]<\/p>\n","protected":false},"author":23,"featured_media":0,"comment_status":"open","ping_status":"open","sticky":false,"template":"","format":"standard","meta":{"_acf_changed":false,"_exactmetrics_skip_tracking":false,"footnotes":""},"categories":[7],"tags":[20,25,73,19,15,17],"class_list":["post-5630","post","type-post","status-publish","format-standard","hentry","category-oportunidades","tag-empregos-ambientais","tag-gestao-ambiental","tag-gestao-ambiental-ufrrj","tag-gestor-ambiental","tag-meio-ambiente","tag-oportunidade-de-trabalho","cat-7-id"],"acf":[],"yoast_head":"<!-- This site is optimized with the Yoast SEO plugin v28.3 - https:\/\/yoast.com\/product\/yoast-seo-wordpress\/ -->\n<title>COORDENADOR AMBIENTAL - Sobradinho\/BA - Programa de Acompanhamento de Egressos do Curso de Gest\u00e3o Ambiental do ITR\/UFRRJ<\/title>\n<meta name=\"robots\" content=\"index, follow, max-snippet:-1, max-image-preview:large, max-video-preview:-1\" \/>\n<link rel=\"canonical\" href=\"https:\/\/itr.ufrrj.br\/egressos\/coordenador-ambiental-sobradinho-ba\/\" \/>\n<meta property=\"og:locale\" content=\"pt_BR\" \/>\n<meta property=\"og:type\" content=\"article\" \/>\n<meta property=\"og:title\" content=\"COORDENADOR AMBIENTAL - Sobradinho\/BA - Programa de Acompanhamento de Egressos do Curso de Gest\u00e3o Ambiental do ITR\/UFRRJ\" \/>\n<meta property=\"og:description\" content=\"COORDENADOR AMBIENTAL Local: Sobradinho\/BA REQUISITOS: Forma\u00e7\u00e3o superior em Ci\u00eancias Biol\u00f3gicas, Geologia, Engenharia Ambiental e \u00e1reas afins; Experi\u00eancia em coordena\u00e7\u00e3o e execu\u00e7\u00e3o de ambientais em hidrel\u00e9tricas; Servi\u00e7os de escrit\u00f3rio\/campo; Disponibilidade para mudan\u00e7a; CNH B. ATIVIDADES: Acompanhamento de programas ambientais em hidrel\u00e9tricas; \u2022 Coordena\u00e7\u00e3o de equipes de campo e escrit\u00f3rio. MODALIDADE: Presencial CARGA HOR\u00c1RIA: 40h semanais; \ud83c\udf33 [&hellip;]\" \/>\n<meta property=\"og:url\" content=\"https:\/\/itr.ufrrj.br\/egressos\/coordenador-ambiental-sobradinho-ba\/\" \/>\n<meta property=\"og:site_name\" content=\"Programa de Acompanhamento de Egressos do Curso de Gest\u00e3o Ambiental do ITR\/UFRRJ\" \/>\n<meta property=\"article:published_time\" content=\"2026-07-27T00:56:41+00:00\" \/>\n<meta property=\"article:modified_time\" content=\"2026-07-27T00:56:42+00:00\" \/>\n<meta name=\"author\" content=\"Yasmin Alves\" \/>\n<meta name=\"twitter:card\" content=\"summary_large_image\" \/>\n<meta name=\"twitter:label1\" content=\"Escrito por\" \/>\n\t<meta name=\"twitter:data1\" content=\"Yasmin Alves\" \/>\n\t<meta name=\"twitter:label2\" content=\"Est. tempo de leitura\" \/>\n\t<meta name=\"twitter:data2\" content=\"1 minuto\" \/>\n<script type=\"application\/ld+json\" class=\"yoast-schema-graph\">{\"@context\":\"https:\\\/\\\/schema.org\",\"@graph\":[{\"@type\":\"Article\",\"@id\":\"https:\\\/\\\/itr.ufrrj.br\\\/egressos\\\/coordenador-ambiental-sobradinho-ba\\\/#article\",\"isPartOf\":{\"@id\":\"https:\\\/\\\/itr.ufrrj.br\\\/egressos\\\/coordenador-ambiental-sobradinho-ba\\\/\"},\"author\":{\"name\":\"Yasmin Alves\",\"@id\":\"https:\\\/\\\/itr.ufrrj.br\\\/egressos\\\/#\\\/schema\\\/person\\\/72a1bbe80a58cc0e26f78375a4964c16\"},\"headline\":\"COORDENADOR AMBIENTAL &#8211; Sobradinho\\\/BA\",\"datePublished\":\"2026-07-27T00:56:41+00:00\",\"dateModified\":\"2026-07-27T00:56:42+00:00\",\"mainEntityOfPage\":{\"@id\":\"https:\\\/\\\/itr.ufrrj.br\\\/egressos\\\/coordenador-ambiental-sobradinho-ba\\\/\"},\"wordCount\":112,\"commentCount\":0,\"keywords\":[\"Empregos Ambientais\",\"Gest\u00e3o Ambiental\",\"Gest\u00e3o Ambiental UFRRJ\",\"Gestor Ambiental\",\"Meio Ambiente\",\"Oportunidade de Trabalho\"],\"articleSection\":[\"Oportunidades\"],\"inLanguage\":\"pt-BR\",\"potentialAction\":[{\"@type\":\"CommentAction\",\"name\":\"Comment\",\"target\":[\"https:\\\/\\\/itr.ufrrj.br\\\/egressos\\\/coordenador-ambiental-sobradinho-ba\\\/#respond\"]}]},{\"@type\":\"WebPage\",\"@id\":\"https:\\\/\\\/itr.ufrrj.br\\\/egressos\\\/coordenador-ambiental-sobradinho-ba\\\/\",\"url\":\"https:\\\/\\\/itr.ufrrj.br\\\/egressos\\\/coordenador-ambiental-sobradinho-ba\\\/\",\"name\":\"COORDENADOR AMBIENTAL - Sobradinho\\\/BA - Programa de Acompanhamento de Egressos do Curso de Gest\u00e3o Ambiental do ITR\\\/UFRRJ\",\"isPartOf\":{\"@id\":\"https:\\\/\\\/itr.ufrrj.br\\\/egressos\\\/#website\"},\"datePublished\":\"2026-07-27T00:56:41+00:00\",\"dateModified\":\"2026-07-27T00:56:42+00:00\",\"author\":{\"@id\":\"https:\\\/\\\/itr.ufrrj.br\\\/egressos\\\/#\\\/schema\\\/person\\\/72a1bbe80a58cc0e26f78375a4964c16\"},\"breadcrumb\":{\"@id\":\"https:\\\/\\\/itr.ufrrj.br\\\/egressos\\\/coordenador-ambiental-sobradinho-ba\\\/#breadcrumb\"},\"inLanguage\":\"pt-BR\",\"potentialAction\":[{\"@type\":\"ReadAction\",\"target\":[\"https:\\\/\\\/itr.ufrrj.br\\\/egressos\\\/coordenador-ambiental-sobradinho-ba\\\/\"]}]},{\"@type\":\"BreadcrumbList\",\"@id\":\"https:\\\/\\\/itr.ufrrj.br\\\/egressos\\\/coordenador-ambiental-sobradinho-ba\\\/#breadcrumb\",\"itemListElement\":[{\"@type\":\"ListItem\",\"position\":1,\"name\":\"In\u00edcio\",\"item\":\"https:\\\/\\\/itr.ufrrj.br\\\/egressos\\\/\"},{\"@type\":\"ListItem\",\"position\":2,\"name\":\"COORDENADOR AMBIENTAL &#8211; Sobradinho\\\/BA\"}]},{\"@type\":\"WebSite\",\"@id\":\"https:\\\/\\\/itr.ufrrj.br\\\/egressos\\\/#website\",\"url\":\"https:\\\/\\\/itr.ufrrj.br\\\/egressos\\\/\",\"name\":\"Programa de Acompanhamento de Egressos do Curso de Gest\u00e3o Ambiental do ITR\\\/UFRRJ\",\"description\":\"Instituto Tr\u00eas Rios - UFRRJ\",\"potentialAction\":[{\"@type\":\"SearchAction\",\"target\":{\"@type\":\"EntryPoint\",\"urlTemplate\":\"https:\\\/\\\/itr.ufrrj.br\\\/egressos\\\/?s={search_term_string}\"},\"query-input\":{\"@type\":\"PropertyValueSpecification\",\"valueRequired\":true,\"valueName\":\"search_term_string\"}}],\"inLanguage\":\"pt-BR\"},{\"@type\":\"Person\",\"@id\":\"https:\\\/\\\/itr.ufrrj.br\\\/egressos\\\/#\\\/schema\\\/person\\\/72a1bbe80a58cc0e26f78375a4964c16\",\"name\":\"Yasmin Alves\",\"image\":{\"@type\":\"ImageObject\",\"inLanguage\":\"pt-BR\",\"@id\":\"https:\\\/\\\/secure.gravatar.com\\\/avatar\\\/284f6995564641550be50a2c622800d764ffd772104c855755f22a9c2e65aab0?s=96&d=mm&r=g\",\"url\":\"https:\\\/\\\/secure.gravatar.com\\\/avatar\\\/284f6995564641550be50a2c622800d764ffd772104c855755f22a9c2e65aab0?s=96&d=mm&r=g\",\"contentUrl\":\"https:\\\/\\\/secure.gravatar.com\\\/avatar\\\/284f6995564641550be50a2c622800d764ffd772104c855755f22a9c2e65aab0?s=96&d=mm&r=g\",\"caption\":\"Yasmin Alves\"},\"url\":\"https:\\\/\\\/itr.ufrrj.br\\\/egressos\\\/author\\\/yasmin-alves\\\/\"}]}<\/script>\n<!-- \/ Yoast SEO plugin. -->","yoast_head_json":{"title":"COORDENADOR AMBIENTAL - Sobradinho\/BA - Programa de Acompanhamento de Egressos do Curso de Gest\u00e3o Ambiental do ITR\/UFRRJ","robots":{"index":"index","follow":"follow","max-snippet":"max-snippet:-1","max-image-preview":"max-image-preview:large","max-video-preview":"max-video-preview:-1"},"canonical":"https:\/\/itr.ufrrj.br\/egressos\/coordenador-ambiental-sobradinho-ba\/","og_locale":"pt_BR","og_type":"article","og_title":"COORDENADOR AMBIENTAL - Sobradinho\/BA - Programa de Acompanhamento de Egressos do Curso de Gest\u00e3o Ambiental do ITR\/UFRRJ","og_description":"COORDENADOR AMBIENTAL Local: Sobradinho\/BA REQUISITOS: Forma\u00e7\u00e3o superior em Ci\u00eancias Biol\u00f3gicas, Geologia, Engenharia Ambiental e \u00e1reas afins; Experi\u00eancia em coordena\u00e7\u00e3o e execu\u00e7\u00e3o de ambientais em hidrel\u00e9tricas; Servi\u00e7os de escrit\u00f3rio\/campo; Disponibilidade para mudan\u00e7a; CNH B. ATIVIDADES: Acompanhamento de programas ambientais em hidrel\u00e9tricas; \u2022 Coordena\u00e7\u00e3o de equipes de campo e escrit\u00f3rio. MODALIDADE: Presencial CARGA HOR\u00c1RIA: 40h semanais; \ud83c\udf33 [&hellip;]","og_url":"https:\/\/itr.ufrrj.br\/egressos\/coordenador-ambiental-sobradinho-ba\/","og_site_name":"Programa de Acompanhamento de Egressos do Curso de Gest\u00e3o Ambiental do ITR\/UFRRJ","article_published_time":"2026-07-27T00:56:41+00:00","article_modified_time":"2026-07-27T00:56:42+00:00","author":"Yasmin Alves","twitter_card":"summary_large_image","twitter_misc":{"Escrito por":"Yasmin Alves","Est. tempo de leitura":"1 minuto"},"schema":{"@context":"https:\/\/schema.org","@graph":[{"@type":"Article","@id":"https:\/\/itr.ufrrj.br\/egressos\/coordenador-ambiental-sobradinho-ba\/#article","isPartOf":{"@id":"https:\/\/itr.ufrrj.br\/egressos\/coordenador-ambiental-sobradinho-ba\/"},"author":{"name":"Yasmin Alves","@id":"https:\/\/itr.ufrrj.br\/egressos\/#\/schema\/person\/72a1bbe80a58cc0e26f78375a4964c16"},"headline":"COORDENADOR AMBIENTAL &#8211; Sobradinho\/BA","datePublished":"2026-07-27T00:56:41+00:00","dateModified":"2026-07-27T00:56:42+00:00","mainEntityOfPage":{"@id":"https:\/\/itr.ufrrj.br\/egressos\/coordenador-ambiental-sobradinho-ba\/"},"wordCount":112,"commentCount":0,"keywords":["Empregos Ambientais","Gest\u00e3o Ambiental","Gest\u00e3o Ambiental UFRRJ","Gestor Ambiental","Meio Ambiente","Oportunidade de Trabalho"],"articleSection":["Oportunidades"],"inLanguage":"pt-BR","potentialAction":[{"@type":"CommentAction","name":"Comment","target":["https:\/\/itr.ufrrj.br\/egressos\/coordenador-ambiental-sobradinho-ba\/#respond"]}]},{"@type":"WebPage","@id":"https:\/\/itr.ufrrj.br\/egressos\/coordenador-ambiental-sobradinho-ba\/","url":"https:\/\/itr.ufrrj.br\/egressos\/coordenador-ambiental-sobradinho-ba\/","name":"COORDENADOR AMBIENTAL - Sobradinho\/BA - Programa de Acompanhamento de Egressos do Curso de Gest\u00e3o Ambiental do ITR\/UFRRJ","isPartOf":{"@id":"https:\/\/itr.ufrrj.br\/egressos\/#website"},"datePublished":"2026-07-27T00:56:41+00:00","dateModified":"2026-07-27T00:56:42+00:00","author":{"@id":"https:\/\/itr.ufrrj.br\/egressos\/#\/schema\/person\/72a1bbe80a58cc0e26f78375a4964c16"},"breadcrumb":{"@id":"https:\/\/itr.ufrrj.br\/egressos\/coordenador-ambiental-sobradinho-ba\/#breadcrumb"},"inLanguage":"pt-BR","potentialAction":[{"@type":"ReadAction","target":["https:\/\/itr.ufrrj.br\/egressos\/coordenador-ambiental-sobradinho-ba\/"]}]},{"@type":"BreadcrumbList","@id":"https:\/\/itr.ufrrj.br\/egressos\/coordenador-ambiental-sobradinho-ba\/#breadcrumb","itemListElement":[{"@type":"ListItem","position":1,"name":"In\u00edcio","item":"https:\/\/itr.ufrrj.br\/egressos\/"},{"@type":"ListItem","position":2,"name":"COORDENADOR AMBIENTAL &#8211; Sobradinho\/BA"}]},{"@type":"WebSite","@id":"https:\/\/itr.ufrrj.br\/egressos\/#website","url":"https:\/\/itr.ufrrj.br\/egressos\/","name":"Programa de Acompanhamento de Egressos do Curso de Gest\u00e3o Ambiental do ITR\/UFRRJ","description":"Instituto Tr\u00eas Rios - UFRRJ","potentialAction":[{"@type":"SearchAction","target":{"@type":"EntryPoint","urlTemplate":"https:\/\/itr.ufrrj.br\/egressos\/?s={search_term_string}"},"query-input":{"@type":"PropertyValueSpecification","valueRequired":true,"valueName":"search_term_string"}}],"inLanguage":"pt-BR"},{"@type":"Person","@id":"https:\/\/itr.ufrrj.br\/egressos\/#\/schema\/person\/72a1bbe80a58cc0e26f78375a4964c16","name":"Yasmin Alves","image":{"@type":"ImageObject","inLanguage":"pt-BR","@id":"https:\/\/secure.gravatar.com\/avatar\/284f6995564641550be50a2c622800d764ffd772104c855755f22a9c2e65aab0?s=96&d=mm&r=g","url":"https:\/\/secure.gravatar.com\/avatar\/284f6995564641550be50a2c622800d764ffd772104c855755f22a9c2e65aab0?s=96&d=mm&r=g","contentUrl":"https:\/\/secure.gravatar.com\/avatar\/284f6995564641550be50a2c622800d764ffd772104c855755f22a9c2e65aab0?s=96&d=mm&r=g","caption":"Yasmin Alves"},"url":"https:\/\/itr.ufrrj.br\/egressos\/author\/yasmin-alves\/"}]}},"_links":{"self":[{"href":"https:\/\/itr.ufrrj.br\/egressos\/wp-json\/wp\/v2\/posts\/5630","targetHints":{"allow":["GET"]}}],"collection":[{"href":"https:\/\/itr.ufrrj.br\/egressos\/wp-json\/wp\/v2\/posts"}],"about":[{"href":"https:\/\/itr.ufrrj.br\/egressos\/wp-json\/wp\/v2\/types\/post"}],"author":[{"embeddable":true,"href":"https:\/\/itr.ufrrj.br\/egressos\/wp-json\/wp\/v2\/users\/23"}],"replies":[{"embeddable":true,"href":"https:\/\/itr.ufrrj.br\/egressos\/wp-json\/wp\/v2\/comments?post=5630"}],"version-history":[{"count":1,"href":"https:\/\/itr.ufrrj.br\/egressos\/wp-json\/wp\/v2\/posts\/5630\/revisions"}],"predecessor-version":[{"id":5631,"href":"https:\/\/itr.ufrrj.br\/egressos\/wp-json\/wp\/v2\/posts\/5630\/revisions\/5631"}],"wp:attachment":[{"href":"https:\/\/itr.ufrrj.br\/egressos\/wp-json\/wp\/v2\/media?parent=5630"}],"wp:term":[{"taxonomy":"category","embeddable":true,"href":"https:\/\/itr.ufrrj.br\/egressos\/wp-json\/wp\/v2\/categories?post=5630"},{"taxonomy":"post_tag","embeddable":true,"href":"https:\/\/itr.ufrrj.br\/egressos\/wp-json\/wp\/v2\/tags?post=5630"}],"curies":[{"name":"wp","href":"https:\/\/api.w.org\/{rel}","templated":true}]}}