{"id":5624,"date":"2026-07-26T21:51:25","date_gmt":"2026-07-27T00:51:25","guid":{"rendered":"https:\/\/itr.ufrrj.br\/egressos\/?p=5624"},"modified":"2026-07-26T21:51:26","modified_gmt":"2026-07-27T00:51:26","slug":"analista-ambiental-santa-rita-pb","status":"publish","type":"post","link":"https:\/\/itr.ufrrj.br\/egressos\/analista-ambiental-santa-rita-pb\/","title":{"rendered":"ANALISTA AMBIENTAL &#8211; Santa Rita\/PB"},"content":{"rendered":"\n<p>ANALISTA AMBIENTAL<br \/><br \/>Local: Santa Rita\/PB<br \/><br \/>Inscri\u00e7\u00f5es abertas at\u00e9 31 de julho de 2026.<br \/><br \/>RESPONSABILIDADES E ATRIBUI\u00c7\u00d5ES: Gerenciamento de res\u00edduos e gest\u00e3o da equipe terceirizada que realiza o gerenciamento; Gest\u00e3o de Esta\u00e7\u00e3o de Tratamento de Efluentes; Obten\u00e7\u00e3o e gerenciamento do licenciamento ambiental e demais autoriza\u00e7\u00f5es ambientais da f\u00e1brica; Elaborar diagn\u00f3sticos, pareceres e relat\u00f3rios de controle para os \u00f3rg\u00e3os ambientais e realiza o atendimento aos agentes de fiscaliza\u00e7\u00e3o; Controle de toda documenta\u00e7\u00e3o relacionada a \u00e1rea de meio ambiente, incluindo regulamenta\u00e7\u00f5es junto aos \u00f3rg\u00e3os p\u00fablicos; Gest\u00e3o de indicadores da \u00e1rea de meio ambiente; Elabora\u00e7\u00e3o e reporte de relat\u00f3rios gerenciais diversos; Auditorias relacionadas \u00e0 pasta de meio ambiente, na f\u00e1brica, fornecedores e receptores de res\u00edduos; etc.<br \/><br \/>REQUISITOS E QUALIFICA\u00c7\u00d5ES: Forma\u00e7\u00e3o superior completa em Engenharia Ambiental, Gest\u00e3o Ambiental ou \u00e1reas relacionadas; Experi\u00eancia na \u00e1rea; Conhecimento intermedi\u00e1rio em Excel e inform\u00e1tica; Diferencial conhecimento Power BI; Diferencial conhecimento em WCM &#8211; Pilar de Meio Ambiente.<\/p>\n<p>Link:\u00a0<a href=\"https:\/\/www.instagram.com\/p\/Da9TT3rDJs1\/?utm_source=ig_web_copy_link&amp;igsh=NTc4MTIwNjQ2YQ==\">https:\/\/www.instagram.com\/p\/Da9TT3rDJs1\/?utm_source=ig_web_copy_link&amp;igsh=NTc4MTIwNjQ2YQ==<\/a><\/p>\n","protected":false},"excerpt":{"rendered":"<p>ANALISTA AMBIENTAL Local: Santa Rita\/PB Inscri\u00e7\u00f5es abertas at\u00e9 31 de julho de 2026. RESPONSABILIDADES E ATRIBUI\u00c7\u00d5ES: Gerenciamento de res\u00edduos e gest\u00e3o da equipe terceirizada que realiza o gerenciamento; Gest\u00e3o de Esta\u00e7\u00e3o de Tratamento de Efluentes; Obten\u00e7\u00e3o e gerenciamento do licenciamento ambiental e demais autoriza\u00e7\u00f5es ambientais da f\u00e1brica; Elaborar diagn\u00f3sticos, pareceres e relat\u00f3rios de controle para [&hellip;]<\/p>\n","protected":false},"author":23,"featured_media":0,"comment_status":"open","ping_status":"open","sticky":false,"template":"","format":"standard","meta":{"_acf_changed":false,"_exactmetrics_skip_tracking":false,"footnotes":""},"categories":[7],"tags":[20,25,73,19,15,17],"class_list":["post-5624","post","type-post","status-publish","format-standard","hentry","category-oportunidades","tag-empregos-ambientais","tag-gestao-ambiental","tag-gestao-ambiental-ufrrj","tag-gestor-ambiental","tag-meio-ambiente","tag-oportunidade-de-trabalho","cat-7-id"],"acf":[],"yoast_head":"<!-- This site is optimized with the Yoast SEO plugin v28.3 - https:\/\/yoast.com\/product\/yoast-seo-wordpress\/ -->\n<title>ANALISTA AMBIENTAL - Santa Rita\/PB - Programa de Acompanhamento de Egressos do Curso de Gest\u00e3o Ambiental do ITR\/UFRRJ<\/title>\n<meta name=\"robots\" content=\"index, follow, max-snippet:-1, max-image-preview:large, max-video-preview:-1\" \/>\n<link rel=\"canonical\" href=\"https:\/\/itr.ufrrj.br\/egressos\/analista-ambiental-santa-rita-pb\/\" \/>\n<meta property=\"og:locale\" content=\"pt_BR\" \/>\n<meta property=\"og:type\" content=\"article\" \/>\n<meta property=\"og:title\" content=\"ANALISTA AMBIENTAL - Santa Rita\/PB - Programa de Acompanhamento de Egressos do Curso de Gest\u00e3o Ambiental do ITR\/UFRRJ\" \/>\n<meta property=\"og:description\" content=\"ANALISTA AMBIENTAL Local: Santa Rita\/PB Inscri\u00e7\u00f5es abertas at\u00e9 31 de julho de 2026. RESPONSABILIDADES E ATRIBUI\u00c7\u00d5ES: Gerenciamento de res\u00edduos e gest\u00e3o da equipe terceirizada que realiza o gerenciamento; Gest\u00e3o de Esta\u00e7\u00e3o de Tratamento de Efluentes; Obten\u00e7\u00e3o e gerenciamento do licenciamento ambiental e demais autoriza\u00e7\u00f5es ambientais da f\u00e1brica; Elaborar diagn\u00f3sticos, pareceres e relat\u00f3rios de controle para [&hellip;]\" \/>\n<meta property=\"og:url\" content=\"https:\/\/itr.ufrrj.br\/egressos\/analista-ambiental-santa-rita-pb\/\" \/>\n<meta property=\"og:site_name\" content=\"Programa de Acompanhamento de Egressos do Curso de Gest\u00e3o Ambiental do ITR\/UFRRJ\" \/>\n<meta property=\"article:published_time\" content=\"2026-07-27T00:51:25+00:00\" \/>\n<meta property=\"article:modified_time\" content=\"2026-07-27T00:51:26+00:00\" \/>\n<meta name=\"author\" content=\"Yasmin Alves\" \/>\n<meta name=\"twitter:card\" content=\"summary_large_image\" \/>\n<meta name=\"twitter:label1\" content=\"Escrito por\" \/>\n\t<meta name=\"twitter:data1\" content=\"Yasmin Alves\" \/>\n\t<meta name=\"twitter:label2\" content=\"Est. tempo de leitura\" \/>\n\t<meta name=\"twitter:data2\" content=\"1 minuto\" \/>\n<script type=\"application\/ld+json\" class=\"yoast-schema-graph\">{\"@context\":\"https:\\\/\\\/schema.org\",\"@graph\":[{\"@type\":\"Article\",\"@id\":\"https:\\\/\\\/itr.ufrrj.br\\\/egressos\\\/analista-ambiental-santa-rita-pb\\\/#article\",\"isPartOf\":{\"@id\":\"https:\\\/\\\/itr.ufrrj.br\\\/egressos\\\/analista-ambiental-santa-rita-pb\\\/\"},\"author\":{\"name\":\"Yasmin Alves\",\"@id\":\"https:\\\/\\\/itr.ufrrj.br\\\/egressos\\\/#\\\/schema\\\/person\\\/72a1bbe80a58cc0e26f78375a4964c16\"},\"headline\":\"ANALISTA AMBIENTAL &#8211; Santa Rita\\\/PB\",\"datePublished\":\"2026-07-27T00:51:25+00:00\",\"dateModified\":\"2026-07-27T00:51:26+00:00\",\"mainEntityOfPage\":{\"@id\":\"https:\\\/\\\/itr.ufrrj.br\\\/egressos\\\/analista-ambiental-santa-rita-pb\\\/\"},\"wordCount\":200,\"commentCount\":0,\"keywords\":[\"Empregos Ambientais\",\"Gest\u00e3o Ambiental\",\"Gest\u00e3o Ambiental UFRRJ\",\"Gestor Ambiental\",\"Meio Ambiente\",\"Oportunidade de Trabalho\"],\"articleSection\":[\"Oportunidades\"],\"inLanguage\":\"pt-BR\",\"potentialAction\":[{\"@type\":\"CommentAction\",\"name\":\"Comment\",\"target\":[\"https:\\\/\\\/itr.ufrrj.br\\\/egressos\\\/analista-ambiental-santa-rita-pb\\\/#respond\"]}]},{\"@type\":\"WebPage\",\"@id\":\"https:\\\/\\\/itr.ufrrj.br\\\/egressos\\\/analista-ambiental-santa-rita-pb\\\/\",\"url\":\"https:\\\/\\\/itr.ufrrj.br\\\/egressos\\\/analista-ambiental-santa-rita-pb\\\/\",\"name\":\"ANALISTA AMBIENTAL - Santa Rita\\\/PB - Programa de Acompanhamento de Egressos do Curso de Gest\u00e3o Ambiental do ITR\\\/UFRRJ\",\"isPartOf\":{\"@id\":\"https:\\\/\\\/itr.ufrrj.br\\\/egressos\\\/#website\"},\"datePublished\":\"2026-07-27T00:51:25+00:00\",\"dateModified\":\"2026-07-27T00:51:26+00:00\",\"author\":{\"@id\":\"https:\\\/\\\/itr.ufrrj.br\\\/egressos\\\/#\\\/schema\\\/person\\\/72a1bbe80a58cc0e26f78375a4964c16\"},\"breadcrumb\":{\"@id\":\"https:\\\/\\\/itr.ufrrj.br\\\/egressos\\\/analista-ambiental-santa-rita-pb\\\/#breadcrumb\"},\"inLanguage\":\"pt-BR\",\"potentialAction\":[{\"@type\":\"ReadAction\",\"target\":[\"https:\\\/\\\/itr.ufrrj.br\\\/egressos\\\/analista-ambiental-santa-rita-pb\\\/\"]}]},{\"@type\":\"BreadcrumbList\",\"@id\":\"https:\\\/\\\/itr.ufrrj.br\\\/egressos\\\/analista-ambiental-santa-rita-pb\\\/#breadcrumb\",\"itemListElement\":[{\"@type\":\"ListItem\",\"position\":1,\"name\":\"In\u00edcio\",\"item\":\"https:\\\/\\\/itr.ufrrj.br\\\/egressos\\\/\"},{\"@type\":\"ListItem\",\"position\":2,\"name\":\"ANALISTA AMBIENTAL &#8211; Santa Rita\\\/PB\"}]},{\"@type\":\"WebSite\",\"@id\":\"https:\\\/\\\/itr.ufrrj.br\\\/egressos\\\/#website\",\"url\":\"https:\\\/\\\/itr.ufrrj.br\\\/egressos\\\/\",\"name\":\"Programa de Acompanhamento de Egressos do Curso de Gest\u00e3o Ambiental do ITR\\\/UFRRJ\",\"description\":\"Instituto Tr\u00eas Rios - UFRRJ\",\"potentialAction\":[{\"@type\":\"SearchAction\",\"target\":{\"@type\":\"EntryPoint\",\"urlTemplate\":\"https:\\\/\\\/itr.ufrrj.br\\\/egressos\\\/?s={search_term_string}\"},\"query-input\":{\"@type\":\"PropertyValueSpecification\",\"valueRequired\":true,\"valueName\":\"search_term_string\"}}],\"inLanguage\":\"pt-BR\"},{\"@type\":\"Person\",\"@id\":\"https:\\\/\\\/itr.ufrrj.br\\\/egressos\\\/#\\\/schema\\\/person\\\/72a1bbe80a58cc0e26f78375a4964c16\",\"name\":\"Yasmin Alves\",\"image\":{\"@type\":\"ImageObject\",\"inLanguage\":\"pt-BR\",\"@id\":\"https:\\\/\\\/secure.gravatar.com\\\/avatar\\\/284f6995564641550be50a2c622800d764ffd772104c855755f22a9c2e65aab0?s=96&d=mm&r=g\",\"url\":\"https:\\\/\\\/secure.gravatar.com\\\/avatar\\\/284f6995564641550be50a2c622800d764ffd772104c855755f22a9c2e65aab0?s=96&d=mm&r=g\",\"contentUrl\":\"https:\\\/\\\/secure.gravatar.com\\\/avatar\\\/284f6995564641550be50a2c622800d764ffd772104c855755f22a9c2e65aab0?s=96&d=mm&r=g\",\"caption\":\"Yasmin Alves\"},\"url\":\"https:\\\/\\\/itr.ufrrj.br\\\/egressos\\\/author\\\/yasmin-alves\\\/\"}]}<\/script>\n<!-- \/ Yoast SEO plugin. -->","yoast_head_json":{"title":"ANALISTA AMBIENTAL - Santa Rita\/PB - Programa de Acompanhamento de Egressos do Curso de Gest\u00e3o Ambiental do ITR\/UFRRJ","robots":{"index":"index","follow":"follow","max-snippet":"max-snippet:-1","max-image-preview":"max-image-preview:large","max-video-preview":"max-video-preview:-1"},"canonical":"https:\/\/itr.ufrrj.br\/egressos\/analista-ambiental-santa-rita-pb\/","og_locale":"pt_BR","og_type":"article","og_title":"ANALISTA AMBIENTAL - Santa Rita\/PB - Programa de Acompanhamento de Egressos do Curso de Gest\u00e3o Ambiental do ITR\/UFRRJ","og_description":"ANALISTA AMBIENTAL Local: Santa Rita\/PB Inscri\u00e7\u00f5es abertas at\u00e9 31 de julho de 2026. RESPONSABILIDADES E ATRIBUI\u00c7\u00d5ES: Gerenciamento de res\u00edduos e gest\u00e3o da equipe terceirizada que realiza o gerenciamento; Gest\u00e3o de Esta\u00e7\u00e3o de Tratamento de Efluentes; Obten\u00e7\u00e3o e gerenciamento do licenciamento ambiental e demais autoriza\u00e7\u00f5es ambientais da f\u00e1brica; Elaborar diagn\u00f3sticos, pareceres e relat\u00f3rios de controle para [&hellip;]","og_url":"https:\/\/itr.ufrrj.br\/egressos\/analista-ambiental-santa-rita-pb\/","og_site_name":"Programa de Acompanhamento de Egressos do Curso de Gest\u00e3o Ambiental do ITR\/UFRRJ","article_published_time":"2026-07-27T00:51:25+00:00","article_modified_time":"2026-07-27T00:51:26+00:00","author":"Yasmin Alves","twitter_card":"summary_large_image","twitter_misc":{"Escrito por":"Yasmin Alves","Est. tempo de leitura":"1 minuto"},"schema":{"@context":"https:\/\/schema.org","@graph":[{"@type":"Article","@id":"https:\/\/itr.ufrrj.br\/egressos\/analista-ambiental-santa-rita-pb\/#article","isPartOf":{"@id":"https:\/\/itr.ufrrj.br\/egressos\/analista-ambiental-santa-rita-pb\/"},"author":{"name":"Yasmin Alves","@id":"https:\/\/itr.ufrrj.br\/egressos\/#\/schema\/person\/72a1bbe80a58cc0e26f78375a4964c16"},"headline":"ANALISTA AMBIENTAL &#8211; Santa Rita\/PB","datePublished":"2026-07-27T00:51:25+00:00","dateModified":"2026-07-27T00:51:26+00:00","mainEntityOfPage":{"@id":"https:\/\/itr.ufrrj.br\/egressos\/analista-ambiental-santa-rita-pb\/"},"wordCount":200,"commentCount":0,"keywords":["Empregos Ambientais","Gest\u00e3o Ambiental","Gest\u00e3o Ambiental UFRRJ","Gestor Ambiental","Meio Ambiente","Oportunidade de Trabalho"],"articleSection":["Oportunidades"],"inLanguage":"pt-BR","potentialAction":[{"@type":"CommentAction","name":"Comment","target":["https:\/\/itr.ufrrj.br\/egressos\/analista-ambiental-santa-rita-pb\/#respond"]}]},{"@type":"WebPage","@id":"https:\/\/itr.ufrrj.br\/egressos\/analista-ambiental-santa-rita-pb\/","url":"https:\/\/itr.ufrrj.br\/egressos\/analista-ambiental-santa-rita-pb\/","name":"ANALISTA AMBIENTAL - Santa Rita\/PB - Programa de Acompanhamento de Egressos do Curso de Gest\u00e3o Ambiental do ITR\/UFRRJ","isPartOf":{"@id":"https:\/\/itr.ufrrj.br\/egressos\/#website"},"datePublished":"2026-07-27T00:51:25+00:00","dateModified":"2026-07-27T00:51:26+00:00","author":{"@id":"https:\/\/itr.ufrrj.br\/egressos\/#\/schema\/person\/72a1bbe80a58cc0e26f78375a4964c16"},"breadcrumb":{"@id":"https:\/\/itr.ufrrj.br\/egressos\/analista-ambiental-santa-rita-pb\/#breadcrumb"},"inLanguage":"pt-BR","potentialAction":[{"@type":"ReadAction","target":["https:\/\/itr.ufrrj.br\/egressos\/analista-ambiental-santa-rita-pb\/"]}]},{"@type":"BreadcrumbList","@id":"https:\/\/itr.ufrrj.br\/egressos\/analista-ambiental-santa-rita-pb\/#breadcrumb","itemListElement":[{"@type":"ListItem","position":1,"name":"In\u00edcio","item":"https:\/\/itr.ufrrj.br\/egressos\/"},{"@type":"ListItem","position":2,"name":"ANALISTA AMBIENTAL &#8211; Santa Rita\/PB"}]},{"@type":"WebSite","@id":"https:\/\/itr.ufrrj.br\/egressos\/#website","url":"https:\/\/itr.ufrrj.br\/egressos\/","name":"Programa de Acompanhamento de Egressos do Curso de Gest\u00e3o Ambiental do ITR\/UFRRJ","description":"Instituto Tr\u00eas Rios - UFRRJ","potentialAction":[{"@type":"SearchAction","target":{"@type":"EntryPoint","urlTemplate":"https:\/\/itr.ufrrj.br\/egressos\/?s={search_term_string}"},"query-input":{"@type":"PropertyValueSpecification","valueRequired":true,"valueName":"search_term_string"}}],"inLanguage":"pt-BR"},{"@type":"Person","@id":"https:\/\/itr.ufrrj.br\/egressos\/#\/schema\/person\/72a1bbe80a58cc0e26f78375a4964c16","name":"Yasmin Alves","image":{"@type":"ImageObject","inLanguage":"pt-BR","@id":"https:\/\/secure.gravatar.com\/avatar\/284f6995564641550be50a2c622800d764ffd772104c855755f22a9c2e65aab0?s=96&d=mm&r=g","url":"https:\/\/secure.gravatar.com\/avatar\/284f6995564641550be50a2c622800d764ffd772104c855755f22a9c2e65aab0?s=96&d=mm&r=g","contentUrl":"https:\/\/secure.gravatar.com\/avatar\/284f6995564641550be50a2c622800d764ffd772104c855755f22a9c2e65aab0?s=96&d=mm&r=g","caption":"Yasmin Alves"},"url":"https:\/\/itr.ufrrj.br\/egressos\/author\/yasmin-alves\/"}]}},"_links":{"self":[{"href":"https:\/\/itr.ufrrj.br\/egressos\/wp-json\/wp\/v2\/posts\/5624","targetHints":{"allow":["GET"]}}],"collection":[{"href":"https:\/\/itr.ufrrj.br\/egressos\/wp-json\/wp\/v2\/posts"}],"about":[{"href":"https:\/\/itr.ufrrj.br\/egressos\/wp-json\/wp\/v2\/types\/post"}],"author":[{"embeddable":true,"href":"https:\/\/itr.ufrrj.br\/egressos\/wp-json\/wp\/v2\/users\/23"}],"replies":[{"embeddable":true,"href":"https:\/\/itr.ufrrj.br\/egressos\/wp-json\/wp\/v2\/comments?post=5624"}],"version-history":[{"count":1,"href":"https:\/\/itr.ufrrj.br\/egressos\/wp-json\/wp\/v2\/posts\/5624\/revisions"}],"predecessor-version":[{"id":5625,"href":"https:\/\/itr.ufrrj.br\/egressos\/wp-json\/wp\/v2\/posts\/5624\/revisions\/5625"}],"wp:attachment":[{"href":"https:\/\/itr.ufrrj.br\/egressos\/wp-json\/wp\/v2\/media?parent=5624"}],"wp:term":[{"taxonomy":"category","embeddable":true,"href":"https:\/\/itr.ufrrj.br\/egressos\/wp-json\/wp\/v2\/categories?post=5624"},{"taxonomy":"post_tag","embeddable":true,"href":"https:\/\/itr.ufrrj.br\/egressos\/wp-json\/wp\/v2\/tags?post=5624"}],"curies":[{"name":"wp","href":"https:\/\/api.w.org\/{rel}","templated":true}]}}