{"id":5614,"date":"2026-07-26T21:43:15","date_gmt":"2026-07-27T00:43:15","guid":{"rendered":"https:\/\/itr.ufrrj.br\/egressos\/?p=5614"},"modified":"2026-07-26T21:43:17","modified_gmt":"2026-07-27T00:43:17","slug":"analista-ambiental-santa-rita-do-trivelato-mt","status":"publish","type":"post","link":"https:\/\/itr.ufrrj.br\/egressos\/analista-ambiental-santa-rita-do-trivelato-mt\/","title":{"rendered":"ANALISTA AMBIENTAL &#8211; Santa Rita do Trivelato\/MT"},"content":{"rendered":"\n<p>ANALISTA AMBIENTAL<br \/><br \/>Local: Santa Rita do Trivelato\/MT<br \/><br \/>Inscri\u00e7\u00f5es abertas at\u00e9 01 de setembro de 2026.<br \/><br \/>RESPONSABILIDADES E ATRIBUI\u00c7\u00d5ES: Realizar a\u00e7\u00f5es\u00a0de implantando e manuten\u00e7\u00e3o das pol\u00edticas, procedimentos, padr\u00f5es e recursos estabelecidos e\/ou necess\u00e1rios, visando a m\u00e1xima efic\u00e1cia nos processos de\u00a0gest\u00e3o ambiental, mitiga\u00e7\u00e3o de danos ambientais em casos emergenciais, obten\u00e7\u00e3o e manuten\u00e7\u00e3o de licen\u00e7as ambientais junto aos \u00f3rg\u00e3os competentes e atendimento aos requisitos do Sistema e Gest\u00e3o Integrado; Realizar as a\u00e7\u00f5es referentes aos processos de\u00a0Licenciamento Ambiental\u00a0de projetos desenvolvidos pela COTESA, acompanhando e orientando as equipes de campo e contratadas,\u00a0auxiliando na produ\u00e7\u00e3o\u00a0de estudos, pareceres e relat\u00f3rios, a fim contribuir para a obten\u00e7\u00e3o e manuten\u00e7\u00e3o das\u00a0licen\u00e7as ambientais\u00a0(pr\u00e9via, instala\u00e7\u00e3o e\/ou opera\u00e7\u00e3o); Realizar o\u00a0acompanhamento\u00a0t\u00e9cnico da presta\u00e7\u00e3o do servi\u00e7o de terceiros, coletando informa\u00e7\u00f5es para a avali\u00e7\u00e3o da qualidade e o cumprimento das condicionantes das licen\u00e7as ambientais; Apoiar na defini\u00e7\u00e3o das especifica\u00e7\u00f5es t\u00e9cnicas de equipamentos necess\u00e1rios, reportando ao coordenador da \u00e1rea, a fim de contribuir para a realiza\u00e7\u00e3o de atividades relacionadas a condicionante\/programa ambiental; etc.<br \/><br \/>REQUISITOS OBRIGAT\u00d3RIOS: Superior conclu\u00eddo em Biologia, Engenharia Ambiental, Agronomia, Eng. Florestal, Tecn\u00f3logo em Gest\u00e3o Ambiental e\/ou afins; Experi\u00eancia na \u00e1rea ambiental; Carteira de habilita\u00e7\u00e3o Cat. B<br \/><br \/>REQUISITOS DESEJ\u00c1VEIS: Experi\u00eancia no setor el\u00e9trico; Conhecimento em Normas ISO 14.001\/15.<\/p>\n<p>Link:\u00a0<a href=\"https:\/\/www.instagram.com\/p\/DawZB0cjKBc\/?utm_source=ig_web_copy_link&amp;igsh=NTc4MTIwNjQ2YQ==\">https:\/\/www.instagram.com\/p\/DawZB0cjKBc\/?utm_source=ig_web_copy_link&amp;igsh=NTc4MTIwNjQ2YQ==<\/a><\/p>\n","protected":false},"excerpt":{"rendered":"<p>ANALISTA AMBIENTAL Local: Santa Rita do Trivelato\/MT Inscri\u00e7\u00f5es abertas at\u00e9 01 de setembro de 2026. RESPONSABILIDADES E ATRIBUI\u00c7\u00d5ES: Realizar a\u00e7\u00f5es\u00a0de implantando e manuten\u00e7\u00e3o das pol\u00edticas, procedimentos, padr\u00f5es e recursos estabelecidos e\/ou necess\u00e1rios, visando a m\u00e1xima efic\u00e1cia nos processos de\u00a0gest\u00e3o ambiental, mitiga\u00e7\u00e3o de danos ambientais em casos emergenciais, obten\u00e7\u00e3o e manuten\u00e7\u00e3o de licen\u00e7as ambientais junto aos [&hellip;]<\/p>\n","protected":false},"author":23,"featured_media":0,"comment_status":"open","ping_status":"open","sticky":false,"template":"","format":"standard","meta":{"_acf_changed":false,"_exactmetrics_skip_tracking":false,"footnotes":""},"categories":[7],"tags":[20,25,73,19,15,17],"class_list":["post-5614","post","type-post","status-publish","format-standard","hentry","category-oportunidades","tag-empregos-ambientais","tag-gestao-ambiental","tag-gestao-ambiental-ufrrj","tag-gestor-ambiental","tag-meio-ambiente","tag-oportunidade-de-trabalho","cat-7-id"],"acf":[],"yoast_head":"<!-- This site is optimized with the Yoast SEO plugin v28.3 - https:\/\/yoast.com\/product\/yoast-seo-wordpress\/ -->\n<title>ANALISTA AMBIENTAL - Santa Rita do Trivelato\/MT - Programa de Acompanhamento de Egressos do Curso de Gest\u00e3o Ambiental do ITR\/UFRRJ<\/title>\n<meta name=\"robots\" content=\"index, follow, max-snippet:-1, max-image-preview:large, max-video-preview:-1\" \/>\n<link rel=\"canonical\" href=\"https:\/\/itr.ufrrj.br\/egressos\/analista-ambiental-santa-rita-do-trivelato-mt\/\" \/>\n<meta property=\"og:locale\" content=\"pt_BR\" \/>\n<meta property=\"og:type\" content=\"article\" \/>\n<meta property=\"og:title\" content=\"ANALISTA AMBIENTAL - Santa Rita do Trivelato\/MT - Programa de Acompanhamento de Egressos do Curso de Gest\u00e3o Ambiental do ITR\/UFRRJ\" \/>\n<meta property=\"og:description\" content=\"ANALISTA AMBIENTAL Local: Santa Rita do Trivelato\/MT Inscri\u00e7\u00f5es abertas at\u00e9 01 de setembro de 2026. RESPONSABILIDADES E ATRIBUI\u00c7\u00d5ES: Realizar a\u00e7\u00f5es\u00a0de implantando e manuten\u00e7\u00e3o das pol\u00edticas, procedimentos, padr\u00f5es e recursos estabelecidos e\/ou necess\u00e1rios, visando a m\u00e1xima efic\u00e1cia nos processos de\u00a0gest\u00e3o ambiental, mitiga\u00e7\u00e3o de danos ambientais em casos emergenciais, obten\u00e7\u00e3o e manuten\u00e7\u00e3o de licen\u00e7as ambientais junto aos [&hellip;]\" \/>\n<meta property=\"og:url\" content=\"https:\/\/itr.ufrrj.br\/egressos\/analista-ambiental-santa-rita-do-trivelato-mt\/\" \/>\n<meta property=\"og:site_name\" content=\"Programa de Acompanhamento de Egressos do Curso de Gest\u00e3o Ambiental do ITR\/UFRRJ\" \/>\n<meta property=\"article:published_time\" content=\"2026-07-27T00:43:15+00:00\" \/>\n<meta property=\"article:modified_time\" content=\"2026-07-27T00:43:17+00:00\" \/>\n<meta name=\"author\" content=\"Yasmin Alves\" \/>\n<meta name=\"twitter:card\" content=\"summary_large_image\" \/>\n<meta name=\"twitter:label1\" content=\"Escrito por\" \/>\n\t<meta name=\"twitter:data1\" content=\"Yasmin Alves\" \/>\n\t<meta name=\"twitter:label2\" content=\"Est. tempo de leitura\" \/>\n\t<meta name=\"twitter:data2\" content=\"2 minutos\" \/>\n<script type=\"application\/ld+json\" class=\"yoast-schema-graph\">{\"@context\":\"https:\\\/\\\/schema.org\",\"@graph\":[{\"@type\":\"Article\",\"@id\":\"https:\\\/\\\/itr.ufrrj.br\\\/egressos\\\/analista-ambiental-santa-rita-do-trivelato-mt\\\/#article\",\"isPartOf\":{\"@id\":\"https:\\\/\\\/itr.ufrrj.br\\\/egressos\\\/analista-ambiental-santa-rita-do-trivelato-mt\\\/\"},\"author\":{\"name\":\"Yasmin Alves\",\"@id\":\"https:\\\/\\\/itr.ufrrj.br\\\/egressos\\\/#\\\/schema\\\/person\\\/72a1bbe80a58cc0e26f78375a4964c16\"},\"headline\":\"ANALISTA AMBIENTAL &#8211; Santa Rita do Trivelato\\\/MT\",\"datePublished\":\"2026-07-27T00:43:15+00:00\",\"dateModified\":\"2026-07-27T00:43:17+00:00\",\"mainEntityOfPage\":{\"@id\":\"https:\\\/\\\/itr.ufrrj.br\\\/egressos\\\/analista-ambiental-santa-rita-do-trivelato-mt\\\/\"},\"wordCount\":278,\"commentCount\":0,\"keywords\":[\"Empregos Ambientais\",\"Gest\u00e3o Ambiental\",\"Gest\u00e3o Ambiental UFRRJ\",\"Gestor Ambiental\",\"Meio Ambiente\",\"Oportunidade de Trabalho\"],\"articleSection\":[\"Oportunidades\"],\"inLanguage\":\"pt-BR\",\"potentialAction\":[{\"@type\":\"CommentAction\",\"name\":\"Comment\",\"target\":[\"https:\\\/\\\/itr.ufrrj.br\\\/egressos\\\/analista-ambiental-santa-rita-do-trivelato-mt\\\/#respond\"]}]},{\"@type\":\"WebPage\",\"@id\":\"https:\\\/\\\/itr.ufrrj.br\\\/egressos\\\/analista-ambiental-santa-rita-do-trivelato-mt\\\/\",\"url\":\"https:\\\/\\\/itr.ufrrj.br\\\/egressos\\\/analista-ambiental-santa-rita-do-trivelato-mt\\\/\",\"name\":\"ANALISTA AMBIENTAL - Santa Rita do Trivelato\\\/MT - Programa de Acompanhamento de Egressos do Curso de Gest\u00e3o Ambiental do ITR\\\/UFRRJ\",\"isPartOf\":{\"@id\":\"https:\\\/\\\/itr.ufrrj.br\\\/egressos\\\/#website\"},\"datePublished\":\"2026-07-27T00:43:15+00:00\",\"dateModified\":\"2026-07-27T00:43:17+00:00\",\"author\":{\"@id\":\"https:\\\/\\\/itr.ufrrj.br\\\/egressos\\\/#\\\/schema\\\/person\\\/72a1bbe80a58cc0e26f78375a4964c16\"},\"breadcrumb\":{\"@id\":\"https:\\\/\\\/itr.ufrrj.br\\\/egressos\\\/analista-ambiental-santa-rita-do-trivelato-mt\\\/#breadcrumb\"},\"inLanguage\":\"pt-BR\",\"potentialAction\":[{\"@type\":\"ReadAction\",\"target\":[\"https:\\\/\\\/itr.ufrrj.br\\\/egressos\\\/analista-ambiental-santa-rita-do-trivelato-mt\\\/\"]}]},{\"@type\":\"BreadcrumbList\",\"@id\":\"https:\\\/\\\/itr.ufrrj.br\\\/egressos\\\/analista-ambiental-santa-rita-do-trivelato-mt\\\/#breadcrumb\",\"itemListElement\":[{\"@type\":\"ListItem\",\"position\":1,\"name\":\"In\u00edcio\",\"item\":\"https:\\\/\\\/itr.ufrrj.br\\\/egressos\\\/\"},{\"@type\":\"ListItem\",\"position\":2,\"name\":\"ANALISTA AMBIENTAL &#8211; Santa Rita do Trivelato\\\/MT\"}]},{\"@type\":\"WebSite\",\"@id\":\"https:\\\/\\\/itr.ufrrj.br\\\/egressos\\\/#website\",\"url\":\"https:\\\/\\\/itr.ufrrj.br\\\/egressos\\\/\",\"name\":\"Programa de Acompanhamento de Egressos do Curso de Gest\u00e3o Ambiental do ITR\\\/UFRRJ\",\"description\":\"Instituto Tr\u00eas Rios - UFRRJ\",\"potentialAction\":[{\"@type\":\"SearchAction\",\"target\":{\"@type\":\"EntryPoint\",\"urlTemplate\":\"https:\\\/\\\/itr.ufrrj.br\\\/egressos\\\/?s={search_term_string}\"},\"query-input\":{\"@type\":\"PropertyValueSpecification\",\"valueRequired\":true,\"valueName\":\"search_term_string\"}}],\"inLanguage\":\"pt-BR\"},{\"@type\":\"Person\",\"@id\":\"https:\\\/\\\/itr.ufrrj.br\\\/egressos\\\/#\\\/schema\\\/person\\\/72a1bbe80a58cc0e26f78375a4964c16\",\"name\":\"Yasmin Alves\",\"image\":{\"@type\":\"ImageObject\",\"inLanguage\":\"pt-BR\",\"@id\":\"https:\\\/\\\/secure.gravatar.com\\\/avatar\\\/284f6995564641550be50a2c622800d764ffd772104c855755f22a9c2e65aab0?s=96&d=mm&r=g\",\"url\":\"https:\\\/\\\/secure.gravatar.com\\\/avatar\\\/284f6995564641550be50a2c622800d764ffd772104c855755f22a9c2e65aab0?s=96&d=mm&r=g\",\"contentUrl\":\"https:\\\/\\\/secure.gravatar.com\\\/avatar\\\/284f6995564641550be50a2c622800d764ffd772104c855755f22a9c2e65aab0?s=96&d=mm&r=g\",\"caption\":\"Yasmin Alves\"},\"url\":\"https:\\\/\\\/itr.ufrrj.br\\\/egressos\\\/author\\\/yasmin-alves\\\/\"}]}<\/script>\n<!-- \/ Yoast SEO plugin. -->","yoast_head_json":{"title":"ANALISTA AMBIENTAL - Santa Rita do Trivelato\/MT - Programa de Acompanhamento de Egressos do Curso de Gest\u00e3o Ambiental do ITR\/UFRRJ","robots":{"index":"index","follow":"follow","max-snippet":"max-snippet:-1","max-image-preview":"max-image-preview:large","max-video-preview":"max-video-preview:-1"},"canonical":"https:\/\/itr.ufrrj.br\/egressos\/analista-ambiental-santa-rita-do-trivelato-mt\/","og_locale":"pt_BR","og_type":"article","og_title":"ANALISTA AMBIENTAL - Santa Rita do Trivelato\/MT - Programa de Acompanhamento de Egressos do Curso de Gest\u00e3o Ambiental do ITR\/UFRRJ","og_description":"ANALISTA AMBIENTAL Local: Santa Rita do Trivelato\/MT Inscri\u00e7\u00f5es abertas at\u00e9 01 de setembro de 2026. RESPONSABILIDADES E ATRIBUI\u00c7\u00d5ES: Realizar a\u00e7\u00f5es\u00a0de implantando e manuten\u00e7\u00e3o das pol\u00edticas, procedimentos, padr\u00f5es e recursos estabelecidos e\/ou necess\u00e1rios, visando a m\u00e1xima efic\u00e1cia nos processos de\u00a0gest\u00e3o ambiental, mitiga\u00e7\u00e3o de danos ambientais em casos emergenciais, obten\u00e7\u00e3o e manuten\u00e7\u00e3o de licen\u00e7as ambientais junto aos [&hellip;]","og_url":"https:\/\/itr.ufrrj.br\/egressos\/analista-ambiental-santa-rita-do-trivelato-mt\/","og_site_name":"Programa de Acompanhamento de Egressos do Curso de Gest\u00e3o Ambiental do ITR\/UFRRJ","article_published_time":"2026-07-27T00:43:15+00:00","article_modified_time":"2026-07-27T00:43:17+00:00","author":"Yasmin Alves","twitter_card":"summary_large_image","twitter_misc":{"Escrito por":"Yasmin Alves","Est. tempo de leitura":"2 minutos"},"schema":{"@context":"https:\/\/schema.org","@graph":[{"@type":"Article","@id":"https:\/\/itr.ufrrj.br\/egressos\/analista-ambiental-santa-rita-do-trivelato-mt\/#article","isPartOf":{"@id":"https:\/\/itr.ufrrj.br\/egressos\/analista-ambiental-santa-rita-do-trivelato-mt\/"},"author":{"name":"Yasmin Alves","@id":"https:\/\/itr.ufrrj.br\/egressos\/#\/schema\/person\/72a1bbe80a58cc0e26f78375a4964c16"},"headline":"ANALISTA AMBIENTAL &#8211; Santa Rita do Trivelato\/MT","datePublished":"2026-07-27T00:43:15+00:00","dateModified":"2026-07-27T00:43:17+00:00","mainEntityOfPage":{"@id":"https:\/\/itr.ufrrj.br\/egressos\/analista-ambiental-santa-rita-do-trivelato-mt\/"},"wordCount":278,"commentCount":0,"keywords":["Empregos Ambientais","Gest\u00e3o Ambiental","Gest\u00e3o Ambiental UFRRJ","Gestor Ambiental","Meio Ambiente","Oportunidade de Trabalho"],"articleSection":["Oportunidades"],"inLanguage":"pt-BR","potentialAction":[{"@type":"CommentAction","name":"Comment","target":["https:\/\/itr.ufrrj.br\/egressos\/analista-ambiental-santa-rita-do-trivelato-mt\/#respond"]}]},{"@type":"WebPage","@id":"https:\/\/itr.ufrrj.br\/egressos\/analista-ambiental-santa-rita-do-trivelato-mt\/","url":"https:\/\/itr.ufrrj.br\/egressos\/analista-ambiental-santa-rita-do-trivelato-mt\/","name":"ANALISTA AMBIENTAL - Santa Rita do Trivelato\/MT - Programa de Acompanhamento de Egressos do Curso de Gest\u00e3o Ambiental do ITR\/UFRRJ","isPartOf":{"@id":"https:\/\/itr.ufrrj.br\/egressos\/#website"},"datePublished":"2026-07-27T00:43:15+00:00","dateModified":"2026-07-27T00:43:17+00:00","author":{"@id":"https:\/\/itr.ufrrj.br\/egressos\/#\/schema\/person\/72a1bbe80a58cc0e26f78375a4964c16"},"breadcrumb":{"@id":"https:\/\/itr.ufrrj.br\/egressos\/analista-ambiental-santa-rita-do-trivelato-mt\/#breadcrumb"},"inLanguage":"pt-BR","potentialAction":[{"@type":"ReadAction","target":["https:\/\/itr.ufrrj.br\/egressos\/analista-ambiental-santa-rita-do-trivelato-mt\/"]}]},{"@type":"BreadcrumbList","@id":"https:\/\/itr.ufrrj.br\/egressos\/analista-ambiental-santa-rita-do-trivelato-mt\/#breadcrumb","itemListElement":[{"@type":"ListItem","position":1,"name":"In\u00edcio","item":"https:\/\/itr.ufrrj.br\/egressos\/"},{"@type":"ListItem","position":2,"name":"ANALISTA AMBIENTAL &#8211; Santa Rita do Trivelato\/MT"}]},{"@type":"WebSite","@id":"https:\/\/itr.ufrrj.br\/egressos\/#website","url":"https:\/\/itr.ufrrj.br\/egressos\/","name":"Programa de Acompanhamento de Egressos do Curso de Gest\u00e3o Ambiental do ITR\/UFRRJ","description":"Instituto Tr\u00eas Rios - UFRRJ","potentialAction":[{"@type":"SearchAction","target":{"@type":"EntryPoint","urlTemplate":"https:\/\/itr.ufrrj.br\/egressos\/?s={search_term_string}"},"query-input":{"@type":"PropertyValueSpecification","valueRequired":true,"valueName":"search_term_string"}}],"inLanguage":"pt-BR"},{"@type":"Person","@id":"https:\/\/itr.ufrrj.br\/egressos\/#\/schema\/person\/72a1bbe80a58cc0e26f78375a4964c16","name":"Yasmin Alves","image":{"@type":"ImageObject","inLanguage":"pt-BR","@id":"https:\/\/secure.gravatar.com\/avatar\/284f6995564641550be50a2c622800d764ffd772104c855755f22a9c2e65aab0?s=96&d=mm&r=g","url":"https:\/\/secure.gravatar.com\/avatar\/284f6995564641550be50a2c622800d764ffd772104c855755f22a9c2e65aab0?s=96&d=mm&r=g","contentUrl":"https:\/\/secure.gravatar.com\/avatar\/284f6995564641550be50a2c622800d764ffd772104c855755f22a9c2e65aab0?s=96&d=mm&r=g","caption":"Yasmin Alves"},"url":"https:\/\/itr.ufrrj.br\/egressos\/author\/yasmin-alves\/"}]}},"_links":{"self":[{"href":"https:\/\/itr.ufrrj.br\/egressos\/wp-json\/wp\/v2\/posts\/5614","targetHints":{"allow":["GET"]}}],"collection":[{"href":"https:\/\/itr.ufrrj.br\/egressos\/wp-json\/wp\/v2\/posts"}],"about":[{"href":"https:\/\/itr.ufrrj.br\/egressos\/wp-json\/wp\/v2\/types\/post"}],"author":[{"embeddable":true,"href":"https:\/\/itr.ufrrj.br\/egressos\/wp-json\/wp\/v2\/users\/23"}],"replies":[{"embeddable":true,"href":"https:\/\/itr.ufrrj.br\/egressos\/wp-json\/wp\/v2\/comments?post=5614"}],"version-history":[{"count":1,"href":"https:\/\/itr.ufrrj.br\/egressos\/wp-json\/wp\/v2\/posts\/5614\/revisions"}],"predecessor-version":[{"id":5615,"href":"https:\/\/itr.ufrrj.br\/egressos\/wp-json\/wp\/v2\/posts\/5614\/revisions\/5615"}],"wp:attachment":[{"href":"https:\/\/itr.ufrrj.br\/egressos\/wp-json\/wp\/v2\/media?parent=5614"}],"wp:term":[{"taxonomy":"category","embeddable":true,"href":"https:\/\/itr.ufrrj.br\/egressos\/wp-json\/wp\/v2\/categories?post=5614"},{"taxonomy":"post_tag","embeddable":true,"href":"https:\/\/itr.ufrrj.br\/egressos\/wp-json\/wp\/v2\/tags?post=5614"}],"curies":[{"name":"wp","href":"https:\/\/api.w.org\/{rel}","templated":true}]}}