{"id":5610,"date":"2026-07-26T21:40:43","date_gmt":"2026-07-27T00:40:43","guid":{"rendered":"https:\/\/itr.ufrrj.br\/egressos\/?p=5610"},"modified":"2026-07-26T21:40:44","modified_gmt":"2026-07-27T00:40:44","slug":"analista-de-meio-ambiente-jr-curitiba-pr","status":"publish","type":"post","link":"https:\/\/itr.ufrrj.br\/egressos\/analista-de-meio-ambiente-jr-curitiba-pr\/","title":{"rendered":"ANALISTA DE MEIO AMBIENTE JR. &#8211; Curitiba\/PR"},"content":{"rendered":"\n<p>ANALISTA DE MEIO AMBIENTE JR.<br \/><br \/>Local: Curitiba\/PR<br \/><br \/>O QUE VOC\u00ca VAI FAZER:\u00a0Acompanhar a gest\u00e3o ambiental dos empreendimentos, garantindo conformidade com a legisla\u00e7\u00e3o e licen\u00e7as ambientais;\u00a0Apoiar a obten\u00e7\u00e3o e renova\u00e7\u00e3o de licen\u00e7as, autoriza\u00e7\u00f5es e atendimento \u00e0s condicionantes;\u00a0Realizar visitas t\u00e9cnicas \u00e0s obras para monitoramento de pr\u00e1ticas ambientais e orienta\u00e7\u00e3o das equipes;\u00a0Elaborar e controlar relat\u00f3rios, indicadores e registros da \u00e1rea;\u00a0Apoiar auditorias internas e externas, fornecendo documenta\u00e7\u00e3o e evid\u00eancias;\u00a0Participar de campanhas de conscientiza\u00e7\u00e3o, treinamentos e a\u00e7\u00f5es de educa\u00e7\u00e3o ambiental;\u00a0etc.<br \/><br \/>O QUE ESPERAMOS DE VOC\u00ca: 6 meses de experi\u00eancia na fun\u00e7\u00e3o; Desej\u00e1vel curso T\u00e9cnico em Meio Ambiente ou Cursando Engenharia Ambiental, Florestal, Qu\u00edmica.<br \/><br \/>O QUE TE COLOCA NO TOPO DA LISTA: Dom\u00ednio b\u00e1sico das normas regulamentadoras e demais legisla\u00e7\u00f5es; Conhecimento b\u00e1sico em certifica\u00e7\u00e3o ISO 14001; Conhecimento b\u00e1sico em solu\u00e7\u00f5es ambientais para canteiro de obras e metodologias de trabalho.<\/p>\n<p>Link:\u00a0<a href=\"https:\/\/www.instagram.com\/p\/DaoeUy2jDRH\/?utm_source=ig_web_copy_link&amp;igsh=NTc4MTIwNjQ2YQ==\">https:\/\/www.instagram.com\/p\/DaoeUy2jDRH\/?utm_source=ig_web_copy_link&amp;igsh=NTc4MTIwNjQ2YQ==<\/a><\/p>\n","protected":false},"excerpt":{"rendered":"<p>ANALISTA DE MEIO AMBIENTE JR. Local: Curitiba\/PR O QUE VOC\u00ca VAI FAZER:\u00a0Acompanhar a gest\u00e3o ambiental dos empreendimentos, garantindo conformidade com a legisla\u00e7\u00e3o e licen\u00e7as ambientais;\u00a0Apoiar a obten\u00e7\u00e3o e renova\u00e7\u00e3o de licen\u00e7as, autoriza\u00e7\u00f5es e atendimento \u00e0s condicionantes;\u00a0Realizar visitas t\u00e9cnicas \u00e0s obras para monitoramento de pr\u00e1ticas ambientais e orienta\u00e7\u00e3o das equipes;\u00a0Elaborar e controlar relat\u00f3rios, indicadores e registros [&hellip;]<\/p>\n","protected":false},"author":23,"featured_media":0,"comment_status":"open","ping_status":"open","sticky":false,"template":"","format":"standard","meta":{"_acf_changed":false,"_exactmetrics_skip_tracking":false,"footnotes":""},"categories":[7],"tags":[20,25,73,19,15,17],"class_list":["post-5610","post","type-post","status-publish","format-standard","hentry","category-oportunidades","tag-empregos-ambientais","tag-gestao-ambiental","tag-gestao-ambiental-ufrrj","tag-gestor-ambiental","tag-meio-ambiente","tag-oportunidade-de-trabalho","cat-7-id"],"acf":[],"yoast_head":"<!-- This site is optimized with the Yoast SEO plugin v28.3 - https:\/\/yoast.com\/product\/yoast-seo-wordpress\/ -->\n<title>ANALISTA DE MEIO AMBIENTE JR. - Curitiba\/PR - Programa de Acompanhamento de Egressos do Curso de Gest\u00e3o Ambiental do ITR\/UFRRJ<\/title>\n<meta name=\"robots\" content=\"index, follow, max-snippet:-1, max-image-preview:large, max-video-preview:-1\" \/>\n<link rel=\"canonical\" href=\"https:\/\/itr.ufrrj.br\/egressos\/analista-de-meio-ambiente-jr-curitiba-pr\/\" \/>\n<meta property=\"og:locale\" content=\"pt_BR\" \/>\n<meta property=\"og:type\" content=\"article\" \/>\n<meta property=\"og:title\" content=\"ANALISTA DE MEIO AMBIENTE JR. - Curitiba\/PR - Programa de Acompanhamento de Egressos do Curso de Gest\u00e3o Ambiental do ITR\/UFRRJ\" \/>\n<meta property=\"og:description\" content=\"ANALISTA DE MEIO AMBIENTE JR. Local: Curitiba\/PR O QUE VOC\u00ca VAI FAZER:\u00a0Acompanhar a gest\u00e3o ambiental dos empreendimentos, garantindo conformidade com a legisla\u00e7\u00e3o e licen\u00e7as ambientais;\u00a0Apoiar a obten\u00e7\u00e3o e renova\u00e7\u00e3o de licen\u00e7as, autoriza\u00e7\u00f5es e atendimento \u00e0s condicionantes;\u00a0Realizar visitas t\u00e9cnicas \u00e0s obras para monitoramento de pr\u00e1ticas ambientais e orienta\u00e7\u00e3o das equipes;\u00a0Elaborar e controlar relat\u00f3rios, indicadores e registros [&hellip;]\" \/>\n<meta property=\"og:url\" content=\"https:\/\/itr.ufrrj.br\/egressos\/analista-de-meio-ambiente-jr-curitiba-pr\/\" \/>\n<meta property=\"og:site_name\" content=\"Programa de Acompanhamento de Egressos do Curso de Gest\u00e3o Ambiental do ITR\/UFRRJ\" \/>\n<meta property=\"article:published_time\" content=\"2026-07-27T00:40:43+00:00\" \/>\n<meta property=\"article:modified_time\" content=\"2026-07-27T00:40:44+00:00\" \/>\n<meta name=\"author\" content=\"Yasmin Alves\" \/>\n<meta name=\"twitter:card\" content=\"summary_large_image\" \/>\n<meta name=\"twitter:label1\" content=\"Escrito por\" \/>\n\t<meta name=\"twitter:data1\" content=\"Yasmin Alves\" \/>\n\t<meta name=\"twitter:label2\" content=\"Est. tempo de leitura\" \/>\n\t<meta name=\"twitter:data2\" content=\"1 minuto\" \/>\n<script type=\"application\/ld+json\" class=\"yoast-schema-graph\">{\"@context\":\"https:\\\/\\\/schema.org\",\"@graph\":[{\"@type\":\"Article\",\"@id\":\"https:\\\/\\\/itr.ufrrj.br\\\/egressos\\\/analista-de-meio-ambiente-jr-curitiba-pr\\\/#article\",\"isPartOf\":{\"@id\":\"https:\\\/\\\/itr.ufrrj.br\\\/egressos\\\/analista-de-meio-ambiente-jr-curitiba-pr\\\/\"},\"author\":{\"name\":\"Yasmin Alves\",\"@id\":\"https:\\\/\\\/itr.ufrrj.br\\\/egressos\\\/#\\\/schema\\\/person\\\/72a1bbe80a58cc0e26f78375a4964c16\"},\"headline\":\"ANALISTA DE MEIO AMBIENTE JR. &#8211; Curitiba\\\/PR\",\"datePublished\":\"2026-07-27T00:40:43+00:00\",\"dateModified\":\"2026-07-27T00:40:44+00:00\",\"mainEntityOfPage\":{\"@id\":\"https:\\\/\\\/itr.ufrrj.br\\\/egressos\\\/analista-de-meio-ambiente-jr-curitiba-pr\\\/\"},\"wordCount\":194,\"commentCount\":0,\"keywords\":[\"Empregos Ambientais\",\"Gest\u00e3o Ambiental\",\"Gest\u00e3o Ambiental UFRRJ\",\"Gestor Ambiental\",\"Meio Ambiente\",\"Oportunidade de Trabalho\"],\"articleSection\":[\"Oportunidades\"],\"inLanguage\":\"pt-BR\",\"potentialAction\":[{\"@type\":\"CommentAction\",\"name\":\"Comment\",\"target\":[\"https:\\\/\\\/itr.ufrrj.br\\\/egressos\\\/analista-de-meio-ambiente-jr-curitiba-pr\\\/#respond\"]}]},{\"@type\":\"WebPage\",\"@id\":\"https:\\\/\\\/itr.ufrrj.br\\\/egressos\\\/analista-de-meio-ambiente-jr-curitiba-pr\\\/\",\"url\":\"https:\\\/\\\/itr.ufrrj.br\\\/egressos\\\/analista-de-meio-ambiente-jr-curitiba-pr\\\/\",\"name\":\"ANALISTA DE MEIO AMBIENTE JR. - Curitiba\\\/PR - Programa de Acompanhamento de Egressos do Curso de Gest\u00e3o Ambiental do ITR\\\/UFRRJ\",\"isPartOf\":{\"@id\":\"https:\\\/\\\/itr.ufrrj.br\\\/egressos\\\/#website\"},\"datePublished\":\"2026-07-27T00:40:43+00:00\",\"dateModified\":\"2026-07-27T00:40:44+00:00\",\"author\":{\"@id\":\"https:\\\/\\\/itr.ufrrj.br\\\/egressos\\\/#\\\/schema\\\/person\\\/72a1bbe80a58cc0e26f78375a4964c16\"},\"breadcrumb\":{\"@id\":\"https:\\\/\\\/itr.ufrrj.br\\\/egressos\\\/analista-de-meio-ambiente-jr-curitiba-pr\\\/#breadcrumb\"},\"inLanguage\":\"pt-BR\",\"potentialAction\":[{\"@type\":\"ReadAction\",\"target\":[\"https:\\\/\\\/itr.ufrrj.br\\\/egressos\\\/analista-de-meio-ambiente-jr-curitiba-pr\\\/\"]}]},{\"@type\":\"BreadcrumbList\",\"@id\":\"https:\\\/\\\/itr.ufrrj.br\\\/egressos\\\/analista-de-meio-ambiente-jr-curitiba-pr\\\/#breadcrumb\",\"itemListElement\":[{\"@type\":\"ListItem\",\"position\":1,\"name\":\"In\u00edcio\",\"item\":\"https:\\\/\\\/itr.ufrrj.br\\\/egressos\\\/\"},{\"@type\":\"ListItem\",\"position\":2,\"name\":\"ANALISTA DE MEIO AMBIENTE JR. &#8211; Curitiba\\\/PR\"}]},{\"@type\":\"WebSite\",\"@id\":\"https:\\\/\\\/itr.ufrrj.br\\\/egressos\\\/#website\",\"url\":\"https:\\\/\\\/itr.ufrrj.br\\\/egressos\\\/\",\"name\":\"Programa de Acompanhamento de Egressos do Curso de Gest\u00e3o Ambiental do ITR\\\/UFRRJ\",\"description\":\"Instituto Tr\u00eas Rios - UFRRJ\",\"potentialAction\":[{\"@type\":\"SearchAction\",\"target\":{\"@type\":\"EntryPoint\",\"urlTemplate\":\"https:\\\/\\\/itr.ufrrj.br\\\/egressos\\\/?s={search_term_string}\"},\"query-input\":{\"@type\":\"PropertyValueSpecification\",\"valueRequired\":true,\"valueName\":\"search_term_string\"}}],\"inLanguage\":\"pt-BR\"},{\"@type\":\"Person\",\"@id\":\"https:\\\/\\\/itr.ufrrj.br\\\/egressos\\\/#\\\/schema\\\/person\\\/72a1bbe80a58cc0e26f78375a4964c16\",\"name\":\"Yasmin Alves\",\"image\":{\"@type\":\"ImageObject\",\"inLanguage\":\"pt-BR\",\"@id\":\"https:\\\/\\\/secure.gravatar.com\\\/avatar\\\/284f6995564641550be50a2c622800d764ffd772104c855755f22a9c2e65aab0?s=96&d=mm&r=g\",\"url\":\"https:\\\/\\\/secure.gravatar.com\\\/avatar\\\/284f6995564641550be50a2c622800d764ffd772104c855755f22a9c2e65aab0?s=96&d=mm&r=g\",\"contentUrl\":\"https:\\\/\\\/secure.gravatar.com\\\/avatar\\\/284f6995564641550be50a2c622800d764ffd772104c855755f22a9c2e65aab0?s=96&d=mm&r=g\",\"caption\":\"Yasmin Alves\"},\"url\":\"https:\\\/\\\/itr.ufrrj.br\\\/egressos\\\/author\\\/yasmin-alves\\\/\"}]}<\/script>\n<!-- \/ Yoast SEO plugin. -->","yoast_head_json":{"title":"ANALISTA DE MEIO AMBIENTE JR. - Curitiba\/PR - Programa de Acompanhamento de Egressos do Curso de Gest\u00e3o Ambiental do ITR\/UFRRJ","robots":{"index":"index","follow":"follow","max-snippet":"max-snippet:-1","max-image-preview":"max-image-preview:large","max-video-preview":"max-video-preview:-1"},"canonical":"https:\/\/itr.ufrrj.br\/egressos\/analista-de-meio-ambiente-jr-curitiba-pr\/","og_locale":"pt_BR","og_type":"article","og_title":"ANALISTA DE MEIO AMBIENTE JR. - Curitiba\/PR - Programa de Acompanhamento de Egressos do Curso de Gest\u00e3o Ambiental do ITR\/UFRRJ","og_description":"ANALISTA DE MEIO AMBIENTE JR. Local: Curitiba\/PR O QUE VOC\u00ca VAI FAZER:\u00a0Acompanhar a gest\u00e3o ambiental dos empreendimentos, garantindo conformidade com a legisla\u00e7\u00e3o e licen\u00e7as ambientais;\u00a0Apoiar a obten\u00e7\u00e3o e renova\u00e7\u00e3o de licen\u00e7as, autoriza\u00e7\u00f5es e atendimento \u00e0s condicionantes;\u00a0Realizar visitas t\u00e9cnicas \u00e0s obras para monitoramento de pr\u00e1ticas ambientais e orienta\u00e7\u00e3o das equipes;\u00a0Elaborar e controlar relat\u00f3rios, indicadores e registros [&hellip;]","og_url":"https:\/\/itr.ufrrj.br\/egressos\/analista-de-meio-ambiente-jr-curitiba-pr\/","og_site_name":"Programa de Acompanhamento de Egressos do Curso de Gest\u00e3o Ambiental do ITR\/UFRRJ","article_published_time":"2026-07-27T00:40:43+00:00","article_modified_time":"2026-07-27T00:40:44+00:00","author":"Yasmin Alves","twitter_card":"summary_large_image","twitter_misc":{"Escrito por":"Yasmin Alves","Est. tempo de leitura":"1 minuto"},"schema":{"@context":"https:\/\/schema.org","@graph":[{"@type":"Article","@id":"https:\/\/itr.ufrrj.br\/egressos\/analista-de-meio-ambiente-jr-curitiba-pr\/#article","isPartOf":{"@id":"https:\/\/itr.ufrrj.br\/egressos\/analista-de-meio-ambiente-jr-curitiba-pr\/"},"author":{"name":"Yasmin Alves","@id":"https:\/\/itr.ufrrj.br\/egressos\/#\/schema\/person\/72a1bbe80a58cc0e26f78375a4964c16"},"headline":"ANALISTA DE MEIO AMBIENTE JR. &#8211; Curitiba\/PR","datePublished":"2026-07-27T00:40:43+00:00","dateModified":"2026-07-27T00:40:44+00:00","mainEntityOfPage":{"@id":"https:\/\/itr.ufrrj.br\/egressos\/analista-de-meio-ambiente-jr-curitiba-pr\/"},"wordCount":194,"commentCount":0,"keywords":["Empregos Ambientais","Gest\u00e3o Ambiental","Gest\u00e3o Ambiental UFRRJ","Gestor Ambiental","Meio Ambiente","Oportunidade de Trabalho"],"articleSection":["Oportunidades"],"inLanguage":"pt-BR","potentialAction":[{"@type":"CommentAction","name":"Comment","target":["https:\/\/itr.ufrrj.br\/egressos\/analista-de-meio-ambiente-jr-curitiba-pr\/#respond"]}]},{"@type":"WebPage","@id":"https:\/\/itr.ufrrj.br\/egressos\/analista-de-meio-ambiente-jr-curitiba-pr\/","url":"https:\/\/itr.ufrrj.br\/egressos\/analista-de-meio-ambiente-jr-curitiba-pr\/","name":"ANALISTA DE MEIO AMBIENTE JR. - Curitiba\/PR - Programa de Acompanhamento de Egressos do Curso de Gest\u00e3o Ambiental do ITR\/UFRRJ","isPartOf":{"@id":"https:\/\/itr.ufrrj.br\/egressos\/#website"},"datePublished":"2026-07-27T00:40:43+00:00","dateModified":"2026-07-27T00:40:44+00:00","author":{"@id":"https:\/\/itr.ufrrj.br\/egressos\/#\/schema\/person\/72a1bbe80a58cc0e26f78375a4964c16"},"breadcrumb":{"@id":"https:\/\/itr.ufrrj.br\/egressos\/analista-de-meio-ambiente-jr-curitiba-pr\/#breadcrumb"},"inLanguage":"pt-BR","potentialAction":[{"@type":"ReadAction","target":["https:\/\/itr.ufrrj.br\/egressos\/analista-de-meio-ambiente-jr-curitiba-pr\/"]}]},{"@type":"BreadcrumbList","@id":"https:\/\/itr.ufrrj.br\/egressos\/analista-de-meio-ambiente-jr-curitiba-pr\/#breadcrumb","itemListElement":[{"@type":"ListItem","position":1,"name":"In\u00edcio","item":"https:\/\/itr.ufrrj.br\/egressos\/"},{"@type":"ListItem","position":2,"name":"ANALISTA DE MEIO AMBIENTE JR. &#8211; Curitiba\/PR"}]},{"@type":"WebSite","@id":"https:\/\/itr.ufrrj.br\/egressos\/#website","url":"https:\/\/itr.ufrrj.br\/egressos\/","name":"Programa de Acompanhamento de Egressos do Curso de Gest\u00e3o Ambiental do ITR\/UFRRJ","description":"Instituto Tr\u00eas Rios - UFRRJ","potentialAction":[{"@type":"SearchAction","target":{"@type":"EntryPoint","urlTemplate":"https:\/\/itr.ufrrj.br\/egressos\/?s={search_term_string}"},"query-input":{"@type":"PropertyValueSpecification","valueRequired":true,"valueName":"search_term_string"}}],"inLanguage":"pt-BR"},{"@type":"Person","@id":"https:\/\/itr.ufrrj.br\/egressos\/#\/schema\/person\/72a1bbe80a58cc0e26f78375a4964c16","name":"Yasmin Alves","image":{"@type":"ImageObject","inLanguage":"pt-BR","@id":"https:\/\/secure.gravatar.com\/avatar\/284f6995564641550be50a2c622800d764ffd772104c855755f22a9c2e65aab0?s=96&d=mm&r=g","url":"https:\/\/secure.gravatar.com\/avatar\/284f6995564641550be50a2c622800d764ffd772104c855755f22a9c2e65aab0?s=96&d=mm&r=g","contentUrl":"https:\/\/secure.gravatar.com\/avatar\/284f6995564641550be50a2c622800d764ffd772104c855755f22a9c2e65aab0?s=96&d=mm&r=g","caption":"Yasmin Alves"},"url":"https:\/\/itr.ufrrj.br\/egressos\/author\/yasmin-alves\/"}]}},"_links":{"self":[{"href":"https:\/\/itr.ufrrj.br\/egressos\/wp-json\/wp\/v2\/posts\/5610","targetHints":{"allow":["GET"]}}],"collection":[{"href":"https:\/\/itr.ufrrj.br\/egressos\/wp-json\/wp\/v2\/posts"}],"about":[{"href":"https:\/\/itr.ufrrj.br\/egressos\/wp-json\/wp\/v2\/types\/post"}],"author":[{"embeddable":true,"href":"https:\/\/itr.ufrrj.br\/egressos\/wp-json\/wp\/v2\/users\/23"}],"replies":[{"embeddable":true,"href":"https:\/\/itr.ufrrj.br\/egressos\/wp-json\/wp\/v2\/comments?post=5610"}],"version-history":[{"count":1,"href":"https:\/\/itr.ufrrj.br\/egressos\/wp-json\/wp\/v2\/posts\/5610\/revisions"}],"predecessor-version":[{"id":5611,"href":"https:\/\/itr.ufrrj.br\/egressos\/wp-json\/wp\/v2\/posts\/5610\/revisions\/5611"}],"wp:attachment":[{"href":"https:\/\/itr.ufrrj.br\/egressos\/wp-json\/wp\/v2\/media?parent=5610"}],"wp:term":[{"taxonomy":"category","embeddable":true,"href":"https:\/\/itr.ufrrj.br\/egressos\/wp-json\/wp\/v2\/categories?post=5610"},{"taxonomy":"post_tag","embeddable":true,"href":"https:\/\/itr.ufrrj.br\/egressos\/wp-json\/wp\/v2\/tags?post=5610"}],"curies":[{"name":"wp","href":"https:\/\/api.w.org\/{rel}","templated":true}]}}