{"id":5608,"date":"2026-07-26T21:39:48","date_gmt":"2026-07-27T00:39:48","guid":{"rendered":"https:\/\/itr.ufrrj.br\/egressos\/?p=5608"},"modified":"2026-07-26T21:39:49","modified_gmt":"2026-07-27T00:39:49","slug":"analista-ambiental-jr-bahia","status":"publish","type":"post","link":"https:\/\/itr.ufrrj.br\/egressos\/analista-ambiental-jr-bahia\/","title":{"rendered":"ANALISTA AMBIENTAL JR. &#8211; Bahia"},"content":{"rendered":"\n<p>ANALISTA AMBIENTAL JR.<br \/><br \/>Local: Bahia<br \/><br \/>REQUISITOS: Ensino superior completo em Engenharia Ambiental, Engenharia, Geologia, Gest\u00e3o Ambiental ou \u00e1reas correlatas; Experi\u00eancia inicial ou viv\u00eancia em atividades de campo, investiga\u00e7\u00f5es ambientais ou projetos relacionados a \u00e1reas contaminadas Disponibilidade para atua\u00e7\u00e3o presencial em campo.<br \/><br \/>QUALIFICA\u00c7\u00d5ES: Conhecimento b\u00e1sico em investiga\u00e7\u00f5es ambientais, acompanhamento de sondagens, amostragens, instala\u00e7\u00e3o de po\u00e7os de monitoramento e ensaios hidr\u00e1ulicos; Boa capacidade de organiza\u00e7\u00e3o, comunica\u00e7\u00e3o, trabalho em equipe e acompanhamento de atividades operacionais em campo; Conhecimento em preenchimento de registros de campo, organiza\u00e7\u00e3o de dados e apoio \u00e0 elabora\u00e7\u00e3o de documentos t\u00e9cnicos; Conhecimento em Pacote Office; Ingl\u00eas b\u00e1sico a intermedi\u00e1rio.<br \/><br \/>PRINCIPAIS RESPONSABILIDADES: Apoio ao planejamento\u00a0e execu\u00e7\u00e3o de campo (Apoiar a mobiliza\u00e7\u00e3o e o acompanhamento das atividades de campo, observando o escopo, cronograma, requisitos de seguran\u00e7a e qualidade, bem como as diretrizes t\u00e9cnicas do projeto); Integra\u00e7\u00e3o operacional (Apoiar a comunica\u00e7\u00e3o entre equipes de campo, empresas subcontratadas, laborat\u00f3rios e equipe t\u00e9cnica interna, contribuindo para o alinhamento das atividades e encaminhamento de quest\u00f5es operacionais); Apoio \u00e0 organiza\u00e7\u00e3o\u00a0de recursos de campo (Auxiliar no controle de equipamentos, insumos, documentos e log\u00edstica necess\u00e1rios para a execu\u00e7\u00e3o das atividades em campo); etc.<\/p>\n<p>Link:\u00a0<a href=\"https:\/\/www.instagram.com\/p\/Daoeg15DBSt\/?utm_source=ig_web_copy_link&amp;igsh=NTc4MTIwNjQ2YQ==\">https:\/\/www.instagram.com\/p\/Daoeg15DBSt\/?utm_source=ig_web_copy_link&amp;igsh=NTc4MTIwNjQ2YQ==<\/a><\/p>\n","protected":false},"excerpt":{"rendered":"<p>ANALISTA AMBIENTAL JR. Local: Bahia REQUISITOS: Ensino superior completo em Engenharia Ambiental, Engenharia, Geologia, Gest\u00e3o Ambiental ou \u00e1reas correlatas; Experi\u00eancia inicial ou viv\u00eancia em atividades de campo, investiga\u00e7\u00f5es ambientais ou projetos relacionados a \u00e1reas contaminadas Disponibilidade para atua\u00e7\u00e3o presencial em campo. QUALIFICA\u00c7\u00d5ES: Conhecimento b\u00e1sico em investiga\u00e7\u00f5es ambientais, acompanhamento de sondagens, amostragens, instala\u00e7\u00e3o de po\u00e7os de [&hellip;]<\/p>\n","protected":false},"author":23,"featured_media":0,"comment_status":"open","ping_status":"open","sticky":false,"template":"","format":"standard","meta":{"_acf_changed":false,"_exactmetrics_skip_tracking":false,"footnotes":""},"categories":[7],"tags":[20,25,73,19,15,17],"class_list":["post-5608","post","type-post","status-publish","format-standard","hentry","category-oportunidades","tag-empregos-ambientais","tag-gestao-ambiental","tag-gestao-ambiental-ufrrj","tag-gestor-ambiental","tag-meio-ambiente","tag-oportunidade-de-trabalho","cat-7-id"],"acf":[],"yoast_head":"<!-- This site is optimized with the Yoast SEO plugin v28.3 - https:\/\/yoast.com\/product\/yoast-seo-wordpress\/ -->\n<title>ANALISTA AMBIENTAL JR. - Bahia - Programa de Acompanhamento de Egressos do Curso de Gest\u00e3o Ambiental do ITR\/UFRRJ<\/title>\n<meta name=\"robots\" content=\"index, follow, max-snippet:-1, max-image-preview:large, max-video-preview:-1\" \/>\n<link rel=\"canonical\" href=\"https:\/\/itr.ufrrj.br\/egressos\/analista-ambiental-jr-bahia\/\" \/>\n<meta property=\"og:locale\" content=\"pt_BR\" \/>\n<meta property=\"og:type\" content=\"article\" \/>\n<meta property=\"og:title\" content=\"ANALISTA AMBIENTAL JR. - Bahia - Programa de Acompanhamento de Egressos do Curso de Gest\u00e3o Ambiental do ITR\/UFRRJ\" \/>\n<meta property=\"og:description\" content=\"ANALISTA AMBIENTAL JR. Local: Bahia REQUISITOS: Ensino superior completo em Engenharia Ambiental, Engenharia, Geologia, Gest\u00e3o Ambiental ou \u00e1reas correlatas; Experi\u00eancia inicial ou viv\u00eancia em atividades de campo, investiga\u00e7\u00f5es ambientais ou projetos relacionados a \u00e1reas contaminadas Disponibilidade para atua\u00e7\u00e3o presencial em campo. QUALIFICA\u00c7\u00d5ES: Conhecimento b\u00e1sico em investiga\u00e7\u00f5es ambientais, acompanhamento de sondagens, amostragens, instala\u00e7\u00e3o de po\u00e7os de [&hellip;]\" \/>\n<meta property=\"og:url\" content=\"https:\/\/itr.ufrrj.br\/egressos\/analista-ambiental-jr-bahia\/\" \/>\n<meta property=\"og:site_name\" content=\"Programa de Acompanhamento de Egressos do Curso de Gest\u00e3o Ambiental do ITR\/UFRRJ\" \/>\n<meta property=\"article:published_time\" content=\"2026-07-27T00:39:48+00:00\" \/>\n<meta property=\"article:modified_time\" content=\"2026-07-27T00:39:49+00:00\" \/>\n<meta name=\"author\" content=\"Yasmin Alves\" \/>\n<meta name=\"twitter:card\" content=\"summary_large_image\" \/>\n<meta name=\"twitter:label1\" content=\"Escrito por\" \/>\n\t<meta name=\"twitter:data1\" content=\"Yasmin Alves\" \/>\n\t<meta name=\"twitter:label2\" content=\"Est. tempo de leitura\" \/>\n\t<meta name=\"twitter:data2\" content=\"2 minutos\" \/>\n<script type=\"application\/ld+json\" class=\"yoast-schema-graph\">{\"@context\":\"https:\\\/\\\/schema.org\",\"@graph\":[{\"@type\":\"Article\",\"@id\":\"https:\\\/\\\/itr.ufrrj.br\\\/egressos\\\/analista-ambiental-jr-bahia\\\/#article\",\"isPartOf\":{\"@id\":\"https:\\\/\\\/itr.ufrrj.br\\\/egressos\\\/analista-ambiental-jr-bahia\\\/\"},\"author\":{\"name\":\"Yasmin Alves\",\"@id\":\"https:\\\/\\\/itr.ufrrj.br\\\/egressos\\\/#\\\/schema\\\/person\\\/72a1bbe80a58cc0e26f78375a4964c16\"},\"headline\":\"ANALISTA AMBIENTAL JR. &#8211; Bahia\",\"datePublished\":\"2026-07-27T00:39:48+00:00\",\"dateModified\":\"2026-07-27T00:39:49+00:00\",\"mainEntityOfPage\":{\"@id\":\"https:\\\/\\\/itr.ufrrj.br\\\/egressos\\\/analista-ambiental-jr-bahia\\\/\"},\"wordCount\":240,\"commentCount\":0,\"keywords\":[\"Empregos Ambientais\",\"Gest\u00e3o Ambiental\",\"Gest\u00e3o Ambiental UFRRJ\",\"Gestor Ambiental\",\"Meio Ambiente\",\"Oportunidade de Trabalho\"],\"articleSection\":[\"Oportunidades\"],\"inLanguage\":\"pt-BR\",\"potentialAction\":[{\"@type\":\"CommentAction\",\"name\":\"Comment\",\"target\":[\"https:\\\/\\\/itr.ufrrj.br\\\/egressos\\\/analista-ambiental-jr-bahia\\\/#respond\"]}]},{\"@type\":\"WebPage\",\"@id\":\"https:\\\/\\\/itr.ufrrj.br\\\/egressos\\\/analista-ambiental-jr-bahia\\\/\",\"url\":\"https:\\\/\\\/itr.ufrrj.br\\\/egressos\\\/analista-ambiental-jr-bahia\\\/\",\"name\":\"ANALISTA AMBIENTAL JR. - Bahia - Programa de Acompanhamento de Egressos do Curso de Gest\u00e3o Ambiental do ITR\\\/UFRRJ\",\"isPartOf\":{\"@id\":\"https:\\\/\\\/itr.ufrrj.br\\\/egressos\\\/#website\"},\"datePublished\":\"2026-07-27T00:39:48+00:00\",\"dateModified\":\"2026-07-27T00:39:49+00:00\",\"author\":{\"@id\":\"https:\\\/\\\/itr.ufrrj.br\\\/egressos\\\/#\\\/schema\\\/person\\\/72a1bbe80a58cc0e26f78375a4964c16\"},\"breadcrumb\":{\"@id\":\"https:\\\/\\\/itr.ufrrj.br\\\/egressos\\\/analista-ambiental-jr-bahia\\\/#breadcrumb\"},\"inLanguage\":\"pt-BR\",\"potentialAction\":[{\"@type\":\"ReadAction\",\"target\":[\"https:\\\/\\\/itr.ufrrj.br\\\/egressos\\\/analista-ambiental-jr-bahia\\\/\"]}]},{\"@type\":\"BreadcrumbList\",\"@id\":\"https:\\\/\\\/itr.ufrrj.br\\\/egressos\\\/analista-ambiental-jr-bahia\\\/#breadcrumb\",\"itemListElement\":[{\"@type\":\"ListItem\",\"position\":1,\"name\":\"In\u00edcio\",\"item\":\"https:\\\/\\\/itr.ufrrj.br\\\/egressos\\\/\"},{\"@type\":\"ListItem\",\"position\":2,\"name\":\"ANALISTA AMBIENTAL JR. &#8211; Bahia\"}]},{\"@type\":\"WebSite\",\"@id\":\"https:\\\/\\\/itr.ufrrj.br\\\/egressos\\\/#website\",\"url\":\"https:\\\/\\\/itr.ufrrj.br\\\/egressos\\\/\",\"name\":\"Programa de Acompanhamento de Egressos do Curso de Gest\u00e3o Ambiental do ITR\\\/UFRRJ\",\"description\":\"Instituto Tr\u00eas Rios - UFRRJ\",\"potentialAction\":[{\"@type\":\"SearchAction\",\"target\":{\"@type\":\"EntryPoint\",\"urlTemplate\":\"https:\\\/\\\/itr.ufrrj.br\\\/egressos\\\/?s={search_term_string}\"},\"query-input\":{\"@type\":\"PropertyValueSpecification\",\"valueRequired\":true,\"valueName\":\"search_term_string\"}}],\"inLanguage\":\"pt-BR\"},{\"@type\":\"Person\",\"@id\":\"https:\\\/\\\/itr.ufrrj.br\\\/egressos\\\/#\\\/schema\\\/person\\\/72a1bbe80a58cc0e26f78375a4964c16\",\"name\":\"Yasmin Alves\",\"image\":{\"@type\":\"ImageObject\",\"inLanguage\":\"pt-BR\",\"@id\":\"https:\\\/\\\/secure.gravatar.com\\\/avatar\\\/284f6995564641550be50a2c622800d764ffd772104c855755f22a9c2e65aab0?s=96&d=mm&r=g\",\"url\":\"https:\\\/\\\/secure.gravatar.com\\\/avatar\\\/284f6995564641550be50a2c622800d764ffd772104c855755f22a9c2e65aab0?s=96&d=mm&r=g\",\"contentUrl\":\"https:\\\/\\\/secure.gravatar.com\\\/avatar\\\/284f6995564641550be50a2c622800d764ffd772104c855755f22a9c2e65aab0?s=96&d=mm&r=g\",\"caption\":\"Yasmin Alves\"},\"url\":\"https:\\\/\\\/itr.ufrrj.br\\\/egressos\\\/author\\\/yasmin-alves\\\/\"}]}<\/script>\n<!-- \/ Yoast SEO plugin. -->","yoast_head_json":{"title":"ANALISTA AMBIENTAL JR. - Bahia - Programa de Acompanhamento de Egressos do Curso de Gest\u00e3o Ambiental do ITR\/UFRRJ","robots":{"index":"index","follow":"follow","max-snippet":"max-snippet:-1","max-image-preview":"max-image-preview:large","max-video-preview":"max-video-preview:-1"},"canonical":"https:\/\/itr.ufrrj.br\/egressos\/analista-ambiental-jr-bahia\/","og_locale":"pt_BR","og_type":"article","og_title":"ANALISTA AMBIENTAL JR. - Bahia - Programa de Acompanhamento de Egressos do Curso de Gest\u00e3o Ambiental do ITR\/UFRRJ","og_description":"ANALISTA AMBIENTAL JR. Local: Bahia REQUISITOS: Ensino superior completo em Engenharia Ambiental, Engenharia, Geologia, Gest\u00e3o Ambiental ou \u00e1reas correlatas; Experi\u00eancia inicial ou viv\u00eancia em atividades de campo, investiga\u00e7\u00f5es ambientais ou projetos relacionados a \u00e1reas contaminadas Disponibilidade para atua\u00e7\u00e3o presencial em campo. QUALIFICA\u00c7\u00d5ES: Conhecimento b\u00e1sico em investiga\u00e7\u00f5es ambientais, acompanhamento de sondagens, amostragens, instala\u00e7\u00e3o de po\u00e7os de [&hellip;]","og_url":"https:\/\/itr.ufrrj.br\/egressos\/analista-ambiental-jr-bahia\/","og_site_name":"Programa de Acompanhamento de Egressos do Curso de Gest\u00e3o Ambiental do ITR\/UFRRJ","article_published_time":"2026-07-27T00:39:48+00:00","article_modified_time":"2026-07-27T00:39:49+00:00","author":"Yasmin Alves","twitter_card":"summary_large_image","twitter_misc":{"Escrito por":"Yasmin Alves","Est. tempo de leitura":"2 minutos"},"schema":{"@context":"https:\/\/schema.org","@graph":[{"@type":"Article","@id":"https:\/\/itr.ufrrj.br\/egressos\/analista-ambiental-jr-bahia\/#article","isPartOf":{"@id":"https:\/\/itr.ufrrj.br\/egressos\/analista-ambiental-jr-bahia\/"},"author":{"name":"Yasmin Alves","@id":"https:\/\/itr.ufrrj.br\/egressos\/#\/schema\/person\/72a1bbe80a58cc0e26f78375a4964c16"},"headline":"ANALISTA AMBIENTAL JR. &#8211; Bahia","datePublished":"2026-07-27T00:39:48+00:00","dateModified":"2026-07-27T00:39:49+00:00","mainEntityOfPage":{"@id":"https:\/\/itr.ufrrj.br\/egressos\/analista-ambiental-jr-bahia\/"},"wordCount":240,"commentCount":0,"keywords":["Empregos Ambientais","Gest\u00e3o Ambiental","Gest\u00e3o Ambiental UFRRJ","Gestor Ambiental","Meio Ambiente","Oportunidade de Trabalho"],"articleSection":["Oportunidades"],"inLanguage":"pt-BR","potentialAction":[{"@type":"CommentAction","name":"Comment","target":["https:\/\/itr.ufrrj.br\/egressos\/analista-ambiental-jr-bahia\/#respond"]}]},{"@type":"WebPage","@id":"https:\/\/itr.ufrrj.br\/egressos\/analista-ambiental-jr-bahia\/","url":"https:\/\/itr.ufrrj.br\/egressos\/analista-ambiental-jr-bahia\/","name":"ANALISTA AMBIENTAL JR. - Bahia - Programa de Acompanhamento de Egressos do Curso de Gest\u00e3o Ambiental do ITR\/UFRRJ","isPartOf":{"@id":"https:\/\/itr.ufrrj.br\/egressos\/#website"},"datePublished":"2026-07-27T00:39:48+00:00","dateModified":"2026-07-27T00:39:49+00:00","author":{"@id":"https:\/\/itr.ufrrj.br\/egressos\/#\/schema\/person\/72a1bbe80a58cc0e26f78375a4964c16"},"breadcrumb":{"@id":"https:\/\/itr.ufrrj.br\/egressos\/analista-ambiental-jr-bahia\/#breadcrumb"},"inLanguage":"pt-BR","potentialAction":[{"@type":"ReadAction","target":["https:\/\/itr.ufrrj.br\/egressos\/analista-ambiental-jr-bahia\/"]}]},{"@type":"BreadcrumbList","@id":"https:\/\/itr.ufrrj.br\/egressos\/analista-ambiental-jr-bahia\/#breadcrumb","itemListElement":[{"@type":"ListItem","position":1,"name":"In\u00edcio","item":"https:\/\/itr.ufrrj.br\/egressos\/"},{"@type":"ListItem","position":2,"name":"ANALISTA AMBIENTAL JR. &#8211; Bahia"}]},{"@type":"WebSite","@id":"https:\/\/itr.ufrrj.br\/egressos\/#website","url":"https:\/\/itr.ufrrj.br\/egressos\/","name":"Programa de Acompanhamento de Egressos do Curso de Gest\u00e3o Ambiental do ITR\/UFRRJ","description":"Instituto Tr\u00eas Rios - UFRRJ","potentialAction":[{"@type":"SearchAction","target":{"@type":"EntryPoint","urlTemplate":"https:\/\/itr.ufrrj.br\/egressos\/?s={search_term_string}"},"query-input":{"@type":"PropertyValueSpecification","valueRequired":true,"valueName":"search_term_string"}}],"inLanguage":"pt-BR"},{"@type":"Person","@id":"https:\/\/itr.ufrrj.br\/egressos\/#\/schema\/person\/72a1bbe80a58cc0e26f78375a4964c16","name":"Yasmin Alves","image":{"@type":"ImageObject","inLanguage":"pt-BR","@id":"https:\/\/secure.gravatar.com\/avatar\/284f6995564641550be50a2c622800d764ffd772104c855755f22a9c2e65aab0?s=96&d=mm&r=g","url":"https:\/\/secure.gravatar.com\/avatar\/284f6995564641550be50a2c622800d764ffd772104c855755f22a9c2e65aab0?s=96&d=mm&r=g","contentUrl":"https:\/\/secure.gravatar.com\/avatar\/284f6995564641550be50a2c622800d764ffd772104c855755f22a9c2e65aab0?s=96&d=mm&r=g","caption":"Yasmin Alves"},"url":"https:\/\/itr.ufrrj.br\/egressos\/author\/yasmin-alves\/"}]}},"_links":{"self":[{"href":"https:\/\/itr.ufrrj.br\/egressos\/wp-json\/wp\/v2\/posts\/5608","targetHints":{"allow":["GET"]}}],"collection":[{"href":"https:\/\/itr.ufrrj.br\/egressos\/wp-json\/wp\/v2\/posts"}],"about":[{"href":"https:\/\/itr.ufrrj.br\/egressos\/wp-json\/wp\/v2\/types\/post"}],"author":[{"embeddable":true,"href":"https:\/\/itr.ufrrj.br\/egressos\/wp-json\/wp\/v2\/users\/23"}],"replies":[{"embeddable":true,"href":"https:\/\/itr.ufrrj.br\/egressos\/wp-json\/wp\/v2\/comments?post=5608"}],"version-history":[{"count":1,"href":"https:\/\/itr.ufrrj.br\/egressos\/wp-json\/wp\/v2\/posts\/5608\/revisions"}],"predecessor-version":[{"id":5609,"href":"https:\/\/itr.ufrrj.br\/egressos\/wp-json\/wp\/v2\/posts\/5608\/revisions\/5609"}],"wp:attachment":[{"href":"https:\/\/itr.ufrrj.br\/egressos\/wp-json\/wp\/v2\/media?parent=5608"}],"wp:term":[{"taxonomy":"category","embeddable":true,"href":"https:\/\/itr.ufrrj.br\/egressos\/wp-json\/wp\/v2\/categories?post=5608"},{"taxonomy":"post_tag","embeddable":true,"href":"https:\/\/itr.ufrrj.br\/egressos\/wp-json\/wp\/v2\/tags?post=5608"}],"curies":[{"name":"wp","href":"https:\/\/api.w.org\/{rel}","templated":true}]}}