{"id":5602,"date":"2026-07-26T21:35:34","date_gmt":"2026-07-27T00:35:34","guid":{"rendered":"https:\/\/itr.ufrrj.br\/egressos\/?p=5602"},"modified":"2026-07-26T21:35:35","modified_gmt":"2026-07-27T00:35:35","slug":"conhece-uma-mulher-que-lidera-uma-solucao-climatica-ou-e-essa-mulher","status":"publish","type":"post","link":"https:\/\/itr.ufrrj.br\/egressos\/conhece-uma-mulher-que-lidera-uma-solucao-climatica-ou-e-essa-mulher\/","title":{"rendered":"Conhece uma mulher que lidera uma solu\u00e7\u00e3o clim\u00e1tica? Ou \u00e9 essa mulher?"},"content":{"rendered":"\n<p>Nem toda solu\u00e7\u00e3o clim\u00e1tica nasce de uma grande pol\u00edtica p\u00fablica. Muitas come\u00e7am em uma rua, um bairro, uma comunidade. E, embora transformem a vida de muita gente, acabam conhecidas apenas por quem est\u00e1 por perto. <a class=\"x1i10hfl xjbqb8w x1ejq31n x18oe1m7 x1sy0etr xstzfhl x972fbf x10w94by x1qhh985 x14e42zd x9f619 x1ypdohk xt0psk2 x3ct3a4 xdj266r x14z9mp xat24cr x1lziwak xexx8yu xyri2b x18d9i69 x1c1uobl x16tdsg8 x1hl2dhg xggy1nq x1a2a7pz notranslate _a6hd\" tabindex=\"0\" role=\"link\" href=\"https:\/\/www.instagram.com\/estudio.clarice\/\">@estudio.clarice<\/a> e <a class=\"x1i10hfl xjbqb8w x1ejq31n x18oe1m7 x1sy0etr xstzfhl x972fbf x10w94by x1qhh985 x14e42zd x9f619 x1ypdohk xt0psk2 x3ct3a4 xdj266r x14z9mp xat24cr x1lziwak xexx8yu xyri2b x18d9i69 x1c1uobl x16tdsg8 x1hl2dhg xggy1nq x1a2a7pz notranslate _a6hd\" tabindex=\"0\" role=\"link\" href=\"https:\/\/www.instagram.com\/climaesociedade\/\">@climaesociedade<\/a> querem encontrar essas hist\u00f3rias. Elas v\u00e3o inspirar obras de fic\u00e7\u00e3o baseadas em fatos reais para mexer no imagin\u00e1rio brasileiro sobre o combate a crise clim\u00e1tica<br \/>Conhece uma mulher que lidera uma solu\u00e7\u00e3o clim\u00e1tica? Ou \u00e9 essa mulher? Indique essa hist\u00f3ria no formul\u00e1rio dispon\u00edvel no link da bio de CLARICE.<\/p>\n<p>Link:\u00a0<a href=\"https:\/\/www.instagram.com\/p\/DajFFCrkX_L\/?utm_source=ig_web_copy_link&amp;igsh=NTc4MTIwNjQ2YQ==\">https:\/\/www.instagram.com\/p\/DajFFCrkX_L\/?utm_source=ig_web_copy_link&amp;igsh=NTc4MTIwNjQ2YQ==<\/a><\/p>\n","protected":false},"excerpt":{"rendered":"<p>Nem toda solu\u00e7\u00e3o clim\u00e1tica nasce de uma grande pol\u00edtica p\u00fablica. Muitas come\u00e7am em uma rua, um bairro, uma comunidade. E, embora transformem a vida de muita gente, acabam conhecidas apenas por quem est\u00e1 por perto. @estudio.clarice e @climaesociedade querem encontrar essas hist\u00f3rias. Elas v\u00e3o inspirar obras de fic\u00e7\u00e3o baseadas em fatos reais para mexer no [&hellip;]<\/p>\n","protected":false},"author":23,"featured_media":0,"comment_status":"open","ping_status":"open","sticky":false,"template":"","format":"standard","meta":{"_acf_changed":false,"_exactmetrics_skip_tracking":false,"footnotes":""},"categories":[3,7],"tags":[20,25,73,19,15,21],"class_list":["post-5602","post","type-post","status-publish","format-standard","hentry","category-noticias","category-oportunidades","tag-empregos-ambientais","tag-gestao-ambiental","tag-gestao-ambiental-ufrrj","tag-gestor-ambiental","tag-meio-ambiente","tag-sustentabilidade","cat-3-id","cat-7-id"],"acf":[],"yoast_head":"<!-- This site is optimized with the Yoast SEO plugin v28.3 - https:\/\/yoast.com\/product\/yoast-seo-wordpress\/ -->\n<title>Conhece uma mulher que lidera uma solu\u00e7\u00e3o clim\u00e1tica? Ou \u00e9 essa mulher? - Programa de Acompanhamento de Egressos do Curso de Gest\u00e3o Ambiental do ITR\/UFRRJ<\/title>\n<meta name=\"robots\" content=\"index, follow, max-snippet:-1, max-image-preview:large, max-video-preview:-1\" \/>\n<link rel=\"canonical\" href=\"https:\/\/itr.ufrrj.br\/egressos\/conhece-uma-mulher-que-lidera-uma-solucao-climatica-ou-e-essa-mulher\/\" \/>\n<meta property=\"og:locale\" content=\"pt_BR\" \/>\n<meta property=\"og:type\" content=\"article\" \/>\n<meta property=\"og:title\" content=\"Conhece uma mulher que lidera uma solu\u00e7\u00e3o clim\u00e1tica? Ou \u00e9 essa mulher? - Programa de Acompanhamento de Egressos do Curso de Gest\u00e3o Ambiental do ITR\/UFRRJ\" \/>\n<meta property=\"og:description\" content=\"Nem toda solu\u00e7\u00e3o clim\u00e1tica nasce de uma grande pol\u00edtica p\u00fablica. Muitas come\u00e7am em uma rua, um bairro, uma comunidade. E, embora transformem a vida de muita gente, acabam conhecidas apenas por quem est\u00e1 por perto. @estudio.clarice e @climaesociedade querem encontrar essas hist\u00f3rias. Elas v\u00e3o inspirar obras de fic\u00e7\u00e3o baseadas em fatos reais para mexer no [&hellip;]\" \/>\n<meta property=\"og:url\" content=\"https:\/\/itr.ufrrj.br\/egressos\/conhece-uma-mulher-que-lidera-uma-solucao-climatica-ou-e-essa-mulher\/\" \/>\n<meta property=\"og:site_name\" content=\"Programa de Acompanhamento de Egressos do Curso de Gest\u00e3o Ambiental do ITR\/UFRRJ\" \/>\n<meta property=\"article:published_time\" content=\"2026-07-27T00:35:34+00:00\" \/>\n<meta property=\"article:modified_time\" content=\"2026-07-27T00:35:35+00:00\" \/>\n<meta name=\"author\" content=\"Yasmin Alves\" \/>\n<meta name=\"twitter:card\" content=\"summary_large_image\" \/>\n<meta name=\"twitter:label1\" content=\"Escrito por\" \/>\n\t<meta name=\"twitter:data1\" content=\"Yasmin Alves\" \/>\n\t<meta name=\"twitter:label2\" content=\"Est. tempo de leitura\" \/>\n\t<meta name=\"twitter:data2\" content=\"1 minuto\" \/>\n<script type=\"application\/ld+json\" class=\"yoast-schema-graph\">{\"@context\":\"https:\\\/\\\/schema.org\",\"@graph\":[{\"@type\":\"Article\",\"@id\":\"https:\\\/\\\/itr.ufrrj.br\\\/egressos\\\/conhece-uma-mulher-que-lidera-uma-solucao-climatica-ou-e-essa-mulher\\\/#article\",\"isPartOf\":{\"@id\":\"https:\\\/\\\/itr.ufrrj.br\\\/egressos\\\/conhece-uma-mulher-que-lidera-uma-solucao-climatica-ou-e-essa-mulher\\\/\"},\"author\":{\"name\":\"Yasmin Alves\",\"@id\":\"https:\\\/\\\/itr.ufrrj.br\\\/egressos\\\/#\\\/schema\\\/person\\\/72a1bbe80a58cc0e26f78375a4964c16\"},\"headline\":\"Conhece uma mulher que lidera uma solu\u00e7\u00e3o clim\u00e1tica? Ou \u00e9 essa mulher?\",\"datePublished\":\"2026-07-27T00:35:34+00:00\",\"dateModified\":\"2026-07-27T00:35:35+00:00\",\"mainEntityOfPage\":{\"@id\":\"https:\\\/\\\/itr.ufrrj.br\\\/egressos\\\/conhece-uma-mulher-que-lidera-uma-solucao-climatica-ou-e-essa-mulher\\\/\"},\"wordCount\":133,\"commentCount\":0,\"keywords\":[\"Empregos Ambientais\",\"Gest\u00e3o Ambiental\",\"Gest\u00e3o Ambiental UFRRJ\",\"Gestor Ambiental\",\"Meio Ambiente\",\"Sustentabilidade\"],\"articleSection\":[\"Not\u00edcias\",\"Oportunidades\"],\"inLanguage\":\"pt-BR\",\"potentialAction\":[{\"@type\":\"CommentAction\",\"name\":\"Comment\",\"target\":[\"https:\\\/\\\/itr.ufrrj.br\\\/egressos\\\/conhece-uma-mulher-que-lidera-uma-solucao-climatica-ou-e-essa-mulher\\\/#respond\"]}]},{\"@type\":\"WebPage\",\"@id\":\"https:\\\/\\\/itr.ufrrj.br\\\/egressos\\\/conhece-uma-mulher-que-lidera-uma-solucao-climatica-ou-e-essa-mulher\\\/\",\"url\":\"https:\\\/\\\/itr.ufrrj.br\\\/egressos\\\/conhece-uma-mulher-que-lidera-uma-solucao-climatica-ou-e-essa-mulher\\\/\",\"name\":\"Conhece uma mulher que lidera uma solu\u00e7\u00e3o clim\u00e1tica? Ou \u00e9 essa mulher? - Programa de Acompanhamento de Egressos do Curso de Gest\u00e3o Ambiental do ITR\\\/UFRRJ\",\"isPartOf\":{\"@id\":\"https:\\\/\\\/itr.ufrrj.br\\\/egressos\\\/#website\"},\"datePublished\":\"2026-07-27T00:35:34+00:00\",\"dateModified\":\"2026-07-27T00:35:35+00:00\",\"author\":{\"@id\":\"https:\\\/\\\/itr.ufrrj.br\\\/egressos\\\/#\\\/schema\\\/person\\\/72a1bbe80a58cc0e26f78375a4964c16\"},\"breadcrumb\":{\"@id\":\"https:\\\/\\\/itr.ufrrj.br\\\/egressos\\\/conhece-uma-mulher-que-lidera-uma-solucao-climatica-ou-e-essa-mulher\\\/#breadcrumb\"},\"inLanguage\":\"pt-BR\",\"potentialAction\":[{\"@type\":\"ReadAction\",\"target\":[\"https:\\\/\\\/itr.ufrrj.br\\\/egressos\\\/conhece-uma-mulher-que-lidera-uma-solucao-climatica-ou-e-essa-mulher\\\/\"]}]},{\"@type\":\"BreadcrumbList\",\"@id\":\"https:\\\/\\\/itr.ufrrj.br\\\/egressos\\\/conhece-uma-mulher-que-lidera-uma-solucao-climatica-ou-e-essa-mulher\\\/#breadcrumb\",\"itemListElement\":[{\"@type\":\"ListItem\",\"position\":1,\"name\":\"In\u00edcio\",\"item\":\"https:\\\/\\\/itr.ufrrj.br\\\/egressos\\\/\"},{\"@type\":\"ListItem\",\"position\":2,\"name\":\"Conhece uma mulher que lidera uma solu\u00e7\u00e3o clim\u00e1tica? Ou \u00e9 essa mulher?\"}]},{\"@type\":\"WebSite\",\"@id\":\"https:\\\/\\\/itr.ufrrj.br\\\/egressos\\\/#website\",\"url\":\"https:\\\/\\\/itr.ufrrj.br\\\/egressos\\\/\",\"name\":\"Programa de Acompanhamento de Egressos do Curso de Gest\u00e3o Ambiental do ITR\\\/UFRRJ\",\"description\":\"Instituto Tr\u00eas Rios - UFRRJ\",\"potentialAction\":[{\"@type\":\"SearchAction\",\"target\":{\"@type\":\"EntryPoint\",\"urlTemplate\":\"https:\\\/\\\/itr.ufrrj.br\\\/egressos\\\/?s={search_term_string}\"},\"query-input\":{\"@type\":\"PropertyValueSpecification\",\"valueRequired\":true,\"valueName\":\"search_term_string\"}}],\"inLanguage\":\"pt-BR\"},{\"@type\":\"Person\",\"@id\":\"https:\\\/\\\/itr.ufrrj.br\\\/egressos\\\/#\\\/schema\\\/person\\\/72a1bbe80a58cc0e26f78375a4964c16\",\"name\":\"Yasmin Alves\",\"image\":{\"@type\":\"ImageObject\",\"inLanguage\":\"pt-BR\",\"@id\":\"https:\\\/\\\/secure.gravatar.com\\\/avatar\\\/284f6995564641550be50a2c622800d764ffd772104c855755f22a9c2e65aab0?s=96&d=mm&r=g\",\"url\":\"https:\\\/\\\/secure.gravatar.com\\\/avatar\\\/284f6995564641550be50a2c622800d764ffd772104c855755f22a9c2e65aab0?s=96&d=mm&r=g\",\"contentUrl\":\"https:\\\/\\\/secure.gravatar.com\\\/avatar\\\/284f6995564641550be50a2c622800d764ffd772104c855755f22a9c2e65aab0?s=96&d=mm&r=g\",\"caption\":\"Yasmin Alves\"},\"url\":\"https:\\\/\\\/itr.ufrrj.br\\\/egressos\\\/author\\\/yasmin-alves\\\/\"}]}<\/script>\n<!-- \/ Yoast SEO plugin. -->","yoast_head_json":{"title":"Conhece uma mulher que lidera uma solu\u00e7\u00e3o clim\u00e1tica? Ou \u00e9 essa mulher? - Programa de Acompanhamento de Egressos do Curso de Gest\u00e3o Ambiental do ITR\/UFRRJ","robots":{"index":"index","follow":"follow","max-snippet":"max-snippet:-1","max-image-preview":"max-image-preview:large","max-video-preview":"max-video-preview:-1"},"canonical":"https:\/\/itr.ufrrj.br\/egressos\/conhece-uma-mulher-que-lidera-uma-solucao-climatica-ou-e-essa-mulher\/","og_locale":"pt_BR","og_type":"article","og_title":"Conhece uma mulher que lidera uma solu\u00e7\u00e3o clim\u00e1tica? Ou \u00e9 essa mulher? - Programa de Acompanhamento de Egressos do Curso de Gest\u00e3o Ambiental do ITR\/UFRRJ","og_description":"Nem toda solu\u00e7\u00e3o clim\u00e1tica nasce de uma grande pol\u00edtica p\u00fablica. Muitas come\u00e7am em uma rua, um bairro, uma comunidade. E, embora transformem a vida de muita gente, acabam conhecidas apenas por quem est\u00e1 por perto. @estudio.clarice e @climaesociedade querem encontrar essas hist\u00f3rias. Elas v\u00e3o inspirar obras de fic\u00e7\u00e3o baseadas em fatos reais para mexer no [&hellip;]","og_url":"https:\/\/itr.ufrrj.br\/egressos\/conhece-uma-mulher-que-lidera-uma-solucao-climatica-ou-e-essa-mulher\/","og_site_name":"Programa de Acompanhamento de Egressos do Curso de Gest\u00e3o Ambiental do ITR\/UFRRJ","article_published_time":"2026-07-27T00:35:34+00:00","article_modified_time":"2026-07-27T00:35:35+00:00","author":"Yasmin Alves","twitter_card":"summary_large_image","twitter_misc":{"Escrito por":"Yasmin Alves","Est. tempo de leitura":"1 minuto"},"schema":{"@context":"https:\/\/schema.org","@graph":[{"@type":"Article","@id":"https:\/\/itr.ufrrj.br\/egressos\/conhece-uma-mulher-que-lidera-uma-solucao-climatica-ou-e-essa-mulher\/#article","isPartOf":{"@id":"https:\/\/itr.ufrrj.br\/egressos\/conhece-uma-mulher-que-lidera-uma-solucao-climatica-ou-e-essa-mulher\/"},"author":{"name":"Yasmin Alves","@id":"https:\/\/itr.ufrrj.br\/egressos\/#\/schema\/person\/72a1bbe80a58cc0e26f78375a4964c16"},"headline":"Conhece uma mulher que lidera uma solu\u00e7\u00e3o clim\u00e1tica? Ou \u00e9 essa mulher?","datePublished":"2026-07-27T00:35:34+00:00","dateModified":"2026-07-27T00:35:35+00:00","mainEntityOfPage":{"@id":"https:\/\/itr.ufrrj.br\/egressos\/conhece-uma-mulher-que-lidera-uma-solucao-climatica-ou-e-essa-mulher\/"},"wordCount":133,"commentCount":0,"keywords":["Empregos Ambientais","Gest\u00e3o Ambiental","Gest\u00e3o Ambiental UFRRJ","Gestor Ambiental","Meio Ambiente","Sustentabilidade"],"articleSection":["Not\u00edcias","Oportunidades"],"inLanguage":"pt-BR","potentialAction":[{"@type":"CommentAction","name":"Comment","target":["https:\/\/itr.ufrrj.br\/egressos\/conhece-uma-mulher-que-lidera-uma-solucao-climatica-ou-e-essa-mulher\/#respond"]}]},{"@type":"WebPage","@id":"https:\/\/itr.ufrrj.br\/egressos\/conhece-uma-mulher-que-lidera-uma-solucao-climatica-ou-e-essa-mulher\/","url":"https:\/\/itr.ufrrj.br\/egressos\/conhece-uma-mulher-que-lidera-uma-solucao-climatica-ou-e-essa-mulher\/","name":"Conhece uma mulher que lidera uma solu\u00e7\u00e3o clim\u00e1tica? Ou \u00e9 essa mulher? - Programa de Acompanhamento de Egressos do Curso de Gest\u00e3o Ambiental do ITR\/UFRRJ","isPartOf":{"@id":"https:\/\/itr.ufrrj.br\/egressos\/#website"},"datePublished":"2026-07-27T00:35:34+00:00","dateModified":"2026-07-27T00:35:35+00:00","author":{"@id":"https:\/\/itr.ufrrj.br\/egressos\/#\/schema\/person\/72a1bbe80a58cc0e26f78375a4964c16"},"breadcrumb":{"@id":"https:\/\/itr.ufrrj.br\/egressos\/conhece-uma-mulher-que-lidera-uma-solucao-climatica-ou-e-essa-mulher\/#breadcrumb"},"inLanguage":"pt-BR","potentialAction":[{"@type":"ReadAction","target":["https:\/\/itr.ufrrj.br\/egressos\/conhece-uma-mulher-que-lidera-uma-solucao-climatica-ou-e-essa-mulher\/"]}]},{"@type":"BreadcrumbList","@id":"https:\/\/itr.ufrrj.br\/egressos\/conhece-uma-mulher-que-lidera-uma-solucao-climatica-ou-e-essa-mulher\/#breadcrumb","itemListElement":[{"@type":"ListItem","position":1,"name":"In\u00edcio","item":"https:\/\/itr.ufrrj.br\/egressos\/"},{"@type":"ListItem","position":2,"name":"Conhece uma mulher que lidera uma solu\u00e7\u00e3o clim\u00e1tica? Ou \u00e9 essa mulher?"}]},{"@type":"WebSite","@id":"https:\/\/itr.ufrrj.br\/egressos\/#website","url":"https:\/\/itr.ufrrj.br\/egressos\/","name":"Programa de Acompanhamento de Egressos do Curso de Gest\u00e3o Ambiental do ITR\/UFRRJ","description":"Instituto Tr\u00eas Rios - UFRRJ","potentialAction":[{"@type":"SearchAction","target":{"@type":"EntryPoint","urlTemplate":"https:\/\/itr.ufrrj.br\/egressos\/?s={search_term_string}"},"query-input":{"@type":"PropertyValueSpecification","valueRequired":true,"valueName":"search_term_string"}}],"inLanguage":"pt-BR"},{"@type":"Person","@id":"https:\/\/itr.ufrrj.br\/egressos\/#\/schema\/person\/72a1bbe80a58cc0e26f78375a4964c16","name":"Yasmin Alves","image":{"@type":"ImageObject","inLanguage":"pt-BR","@id":"https:\/\/secure.gravatar.com\/avatar\/284f6995564641550be50a2c622800d764ffd772104c855755f22a9c2e65aab0?s=96&d=mm&r=g","url":"https:\/\/secure.gravatar.com\/avatar\/284f6995564641550be50a2c622800d764ffd772104c855755f22a9c2e65aab0?s=96&d=mm&r=g","contentUrl":"https:\/\/secure.gravatar.com\/avatar\/284f6995564641550be50a2c622800d764ffd772104c855755f22a9c2e65aab0?s=96&d=mm&r=g","caption":"Yasmin Alves"},"url":"https:\/\/itr.ufrrj.br\/egressos\/author\/yasmin-alves\/"}]}},"_links":{"self":[{"href":"https:\/\/itr.ufrrj.br\/egressos\/wp-json\/wp\/v2\/posts\/5602","targetHints":{"allow":["GET"]}}],"collection":[{"href":"https:\/\/itr.ufrrj.br\/egressos\/wp-json\/wp\/v2\/posts"}],"about":[{"href":"https:\/\/itr.ufrrj.br\/egressos\/wp-json\/wp\/v2\/types\/post"}],"author":[{"embeddable":true,"href":"https:\/\/itr.ufrrj.br\/egressos\/wp-json\/wp\/v2\/users\/23"}],"replies":[{"embeddable":true,"href":"https:\/\/itr.ufrrj.br\/egressos\/wp-json\/wp\/v2\/comments?post=5602"}],"version-history":[{"count":1,"href":"https:\/\/itr.ufrrj.br\/egressos\/wp-json\/wp\/v2\/posts\/5602\/revisions"}],"predecessor-version":[{"id":5603,"href":"https:\/\/itr.ufrrj.br\/egressos\/wp-json\/wp\/v2\/posts\/5602\/revisions\/5603"}],"wp:attachment":[{"href":"https:\/\/itr.ufrrj.br\/egressos\/wp-json\/wp\/v2\/media?parent=5602"}],"wp:term":[{"taxonomy":"category","embeddable":true,"href":"https:\/\/itr.ufrrj.br\/egressos\/wp-json\/wp\/v2\/categories?post=5602"},{"taxonomy":"post_tag","embeddable":true,"href":"https:\/\/itr.ufrrj.br\/egressos\/wp-json\/wp\/v2\/tags?post=5602"}],"curies":[{"name":"wp","href":"https:\/\/api.w.org\/{rel}","templated":true}]}}