{"id":5596,"date":"2026-07-26T21:31:53","date_gmt":"2026-07-27T00:31:53","guid":{"rendered":"https:\/\/itr.ufrrj.br\/egressos\/?p=5596"},"modified":"2026-07-26T21:31:53","modified_gmt":"2026-07-27T00:31:53","slug":"seminario-racismo-ambiental-producao-desigual-da-cidade-e-justica-territorial","status":"publish","type":"post","link":"https:\/\/itr.ufrrj.br\/egressos\/seminario-racismo-ambiental-producao-desigual-da-cidade-e-justica-territorial\/","title":{"rendered":"SEMIN\u00c1RIO: Racismo Ambiental, Produ\u00e7\u00e3o Desigual da Cidade e Justi\u00e7a Territorial"},"content":{"rendered":"\n<p>\ud83c\udf0d SEMIN\u00c1RIO: Racismo Ambiental, Produ\u00e7\u00e3o Desigual da Cidade e Justi\u00e7a Territorial<br \/><br \/>Como o racismo estrutura o espa\u00e7o urbano? Quem sofre mais com riscos ambientais, remo\u00e7\u00f5es e viola\u00e7\u00f5es de direitos territoriais?<br \/><br \/>Vem debater essas e outras quest\u00f5es com pesquisadores, movimentos sociais, coletivos, lideran\u00e7as territoriais, Minist\u00e9rio P\u00fablico e Defensoria P\u00fablica. <br \/><br \/>\ud83d\udcc5 21 de agosto | 9h \u00e0s 17h<br \/>\ud83d\udccd Audit\u00f3rio T\u00e9rreo \u2014 ENSP\/Fiocruz, Rio de Janeiro<br \/><br \/>\ud83d\udccc Inscri\u00e7\u00f5es gratuitas! <br \/><br \/>\u27a1\ufe0f LINK INSCRI\u00c7\u00c3O: bit.ly\/RacismoAmbientalSeminario \u270d\ufe0f<br \/><br \/>\ud83d\udccb Sobre o projeto<br \/><br \/>O semin\u00e1rio integra o projeto \u201cRacismo ambiental e clim\u00e1tico, intersec\u00e7\u00f5es de seus impactos desiguais sobre popula\u00e7\u00f5es origin\u00e1rias, tradicionais e de periferias no Brasil: desafios para pol\u00edticas p\u00fablicas\u201d, que investiga como o racismo ambiental e as mudan\u00e7as clim\u00e1ticas afetam de forma desigual comunidades perif\u00e9ricas, ind\u00edgenas, quilombolas e tradicionais, gerando subs\u00eddios para pol\u00edticas p\u00fablicas de sa\u00fade, meio ambiente e justi\u00e7a clim\u00e1tica.<br \/><br \/>O projeto \u00e9 coordenado por Hermano Castro e Maria Juliana Corr\u00eaa (ENSP) e executado pela ensp_fiocruz, com apoio da <a class=\"x1i10hfl xjbqb8w x1ejq31n x18oe1m7 x1sy0etr xstzfhl x972fbf x10w94by x1qhh985 x14e42zd x9f619 x1ypdohk xt0psk2 x3ct3a4 xdj266r x14z9mp xat24cr x1lziwak xexx8yu xyri2b x18d9i69 x1c1uobl x16tdsg8 x1hl2dhg xggy1nq x1a2a7pz notranslate _a6hd\" tabindex=\"0\" role=\"link\" href=\"https:\/\/www.instagram.com\/fiotecfiocruz\/\">@fiotecfiocruz<\/a> e participa\u00e7\u00e3o do <a class=\"x1i10hfl xjbqb8w x1ejq31n x18oe1m7 x1sy0etr xstzfhl x972fbf x10w94by x1qhh985 x14e42zd x9f619 x1ypdohk xt0psk2 x3ct3a4 xdj266r x14z9mp xat24cr x1lziwak xexx8yu xyri2b x18d9i69 x1c1uobl x16tdsg8 x1hl2dhg xggy1nq x1a2a7pz notranslate _a6hd\" tabindex=\"0\" role=\"link\" href=\"https:\/\/www.instagram.com\/cesteh_ensp\/\">@cesteh_ensp<\/a><\/p>\n<p>Link:\u00a0<a href=\"https:\/\/www.instagram.com\/p\/DaTQzFuCWxC\/?utm_source=ig_web_copy_link&amp;igsh=NTc4MTIwNjQ2YQ==\">https:\/\/www.instagram.com\/p\/DaTQzFuCWxC\/?utm_source=ig_web_copy_link&amp;igsh=NTc4MTIwNjQ2YQ==<\/a><\/p>\n","protected":false},"excerpt":{"rendered":"<p>\ud83c\udf0d SEMIN\u00c1RIO: Racismo Ambiental, Produ\u00e7\u00e3o Desigual da Cidade e Justi\u00e7a Territorial Como o racismo estrutura o espa\u00e7o urbano? Quem sofre mais com riscos ambientais, remo\u00e7\u00f5es e viola\u00e7\u00f5es de direitos territoriais? Vem debater essas e outras quest\u00f5es com pesquisadores, movimentos sociais, coletivos, lideran\u00e7as territoriais, Minist\u00e9rio P\u00fablico e Defensoria P\u00fablica. \ud83d\udcc5 21 de agosto | 9h \u00e0s [&hellip;]<\/p>\n","protected":false},"author":23,"featured_media":0,"comment_status":"open","ping_status":"open","sticky":false,"template":"","format":"standard","meta":{"_acf_changed":false,"_exactmetrics_skip_tracking":false,"footnotes":""},"categories":[3],"tags":[25,19,15,21],"class_list":["post-5596","post","type-post","status-publish","format-standard","hentry","category-noticias","tag-gestao-ambiental","tag-gestor-ambiental","tag-meio-ambiente","tag-sustentabilidade","cat-3-id"],"acf":[],"yoast_head":"<!-- This site is optimized with the Yoast SEO plugin v28.3 - https:\/\/yoast.com\/product\/yoast-seo-wordpress\/ -->\n<title>SEMIN\u00c1RIO: Racismo Ambiental, Produ\u00e7\u00e3o Desigual da Cidade e Justi\u00e7a Territorial - Programa de Acompanhamento de Egressos do Curso de Gest\u00e3o Ambiental do ITR\/UFRRJ<\/title>\n<meta name=\"robots\" content=\"index, follow, max-snippet:-1, max-image-preview:large, max-video-preview:-1\" \/>\n<link rel=\"canonical\" href=\"https:\/\/itr.ufrrj.br\/egressos\/seminario-racismo-ambiental-producao-desigual-da-cidade-e-justica-territorial\/\" \/>\n<meta property=\"og:locale\" content=\"pt_BR\" \/>\n<meta property=\"og:type\" content=\"article\" \/>\n<meta property=\"og:title\" content=\"SEMIN\u00c1RIO: Racismo Ambiental, Produ\u00e7\u00e3o Desigual da Cidade e Justi\u00e7a Territorial - Programa de Acompanhamento de Egressos do Curso de Gest\u00e3o Ambiental do ITR\/UFRRJ\" \/>\n<meta property=\"og:description\" content=\"\ud83c\udf0d SEMIN\u00c1RIO: Racismo Ambiental, Produ\u00e7\u00e3o Desigual da Cidade e Justi\u00e7a Territorial Como o racismo estrutura o espa\u00e7o urbano? Quem sofre mais com riscos ambientais, remo\u00e7\u00f5es e viola\u00e7\u00f5es de direitos territoriais? Vem debater essas e outras quest\u00f5es com pesquisadores, movimentos sociais, coletivos, lideran\u00e7as territoriais, Minist\u00e9rio P\u00fablico e Defensoria P\u00fablica. \ud83d\udcc5 21 de agosto | 9h \u00e0s [&hellip;]\" \/>\n<meta property=\"og:url\" content=\"https:\/\/itr.ufrrj.br\/egressos\/seminario-racismo-ambiental-producao-desigual-da-cidade-e-justica-territorial\/\" \/>\n<meta property=\"og:site_name\" content=\"Programa de Acompanhamento de Egressos do Curso de Gest\u00e3o Ambiental do ITR\/UFRRJ\" \/>\n<meta property=\"article:published_time\" content=\"2026-07-27T00:31:53+00:00\" \/>\n<meta name=\"author\" content=\"Yasmin Alves\" \/>\n<meta name=\"twitter:card\" content=\"summary_large_image\" \/>\n<meta name=\"twitter:label1\" content=\"Escrito por\" \/>\n\t<meta name=\"twitter:data1\" content=\"Yasmin Alves\" \/>\n\t<meta name=\"twitter:label2\" content=\"Est. tempo de leitura\" \/>\n\t<meta name=\"twitter:data2\" content=\"1 minuto\" \/>\n<script type=\"application\/ld+json\" class=\"yoast-schema-graph\">{\"@context\":\"https:\\\/\\\/schema.org\",\"@graph\":[{\"@type\":\"Article\",\"@id\":\"https:\\\/\\\/itr.ufrrj.br\\\/egressos\\\/seminario-racismo-ambiental-producao-desigual-da-cidade-e-justica-territorial\\\/#article\",\"isPartOf\":{\"@id\":\"https:\\\/\\\/itr.ufrrj.br\\\/egressos\\\/seminario-racismo-ambiental-producao-desigual-da-cidade-e-justica-territorial\\\/\"},\"author\":{\"name\":\"Yasmin Alves\",\"@id\":\"https:\\\/\\\/itr.ufrrj.br\\\/egressos\\\/#\\\/schema\\\/person\\\/72a1bbe80a58cc0e26f78375a4964c16\"},\"headline\":\"SEMIN\u00c1RIO: Racismo Ambiental, Produ\u00e7\u00e3o Desigual da Cidade e Justi\u00e7a Territorial\",\"datePublished\":\"2026-07-27T00:31:53+00:00\",\"mainEntityOfPage\":{\"@id\":\"https:\\\/\\\/itr.ufrrj.br\\\/egressos\\\/seminario-racismo-ambiental-producao-desigual-da-cidade-e-justica-territorial\\\/\"},\"wordCount\":218,\"commentCount\":0,\"keywords\":[\"Gest\u00e3o Ambiental\",\"Gestor Ambiental\",\"Meio Ambiente\",\"Sustentabilidade\"],\"articleSection\":[\"Not\u00edcias\"],\"inLanguage\":\"pt-BR\",\"potentialAction\":[{\"@type\":\"CommentAction\",\"name\":\"Comment\",\"target\":[\"https:\\\/\\\/itr.ufrrj.br\\\/egressos\\\/seminario-racismo-ambiental-producao-desigual-da-cidade-e-justica-territorial\\\/#respond\"]}]},{\"@type\":\"WebPage\",\"@id\":\"https:\\\/\\\/itr.ufrrj.br\\\/egressos\\\/seminario-racismo-ambiental-producao-desigual-da-cidade-e-justica-territorial\\\/\",\"url\":\"https:\\\/\\\/itr.ufrrj.br\\\/egressos\\\/seminario-racismo-ambiental-producao-desigual-da-cidade-e-justica-territorial\\\/\",\"name\":\"SEMIN\u00c1RIO: Racismo Ambiental, Produ\u00e7\u00e3o Desigual da Cidade e Justi\u00e7a Territorial - Programa de Acompanhamento de Egressos do Curso de Gest\u00e3o Ambiental do ITR\\\/UFRRJ\",\"isPartOf\":{\"@id\":\"https:\\\/\\\/itr.ufrrj.br\\\/egressos\\\/#website\"},\"datePublished\":\"2026-07-27T00:31:53+00:00\",\"author\":{\"@id\":\"https:\\\/\\\/itr.ufrrj.br\\\/egressos\\\/#\\\/schema\\\/person\\\/72a1bbe80a58cc0e26f78375a4964c16\"},\"breadcrumb\":{\"@id\":\"https:\\\/\\\/itr.ufrrj.br\\\/egressos\\\/seminario-racismo-ambiental-producao-desigual-da-cidade-e-justica-territorial\\\/#breadcrumb\"},\"inLanguage\":\"pt-BR\",\"potentialAction\":[{\"@type\":\"ReadAction\",\"target\":[\"https:\\\/\\\/itr.ufrrj.br\\\/egressos\\\/seminario-racismo-ambiental-producao-desigual-da-cidade-e-justica-territorial\\\/\"]}]},{\"@type\":\"BreadcrumbList\",\"@id\":\"https:\\\/\\\/itr.ufrrj.br\\\/egressos\\\/seminario-racismo-ambiental-producao-desigual-da-cidade-e-justica-territorial\\\/#breadcrumb\",\"itemListElement\":[{\"@type\":\"ListItem\",\"position\":1,\"name\":\"In\u00edcio\",\"item\":\"https:\\\/\\\/itr.ufrrj.br\\\/egressos\\\/\"},{\"@type\":\"ListItem\",\"position\":2,\"name\":\"SEMIN\u00c1RIO: Racismo Ambiental, Produ\u00e7\u00e3o Desigual da Cidade e Justi\u00e7a Territorial\"}]},{\"@type\":\"WebSite\",\"@id\":\"https:\\\/\\\/itr.ufrrj.br\\\/egressos\\\/#website\",\"url\":\"https:\\\/\\\/itr.ufrrj.br\\\/egressos\\\/\",\"name\":\"Programa de Acompanhamento de Egressos do Curso de Gest\u00e3o Ambiental do ITR\\\/UFRRJ\",\"description\":\"Instituto Tr\u00eas Rios - UFRRJ\",\"potentialAction\":[{\"@type\":\"SearchAction\",\"target\":{\"@type\":\"EntryPoint\",\"urlTemplate\":\"https:\\\/\\\/itr.ufrrj.br\\\/egressos\\\/?s={search_term_string}\"},\"query-input\":{\"@type\":\"PropertyValueSpecification\",\"valueRequired\":true,\"valueName\":\"search_term_string\"}}],\"inLanguage\":\"pt-BR\"},{\"@type\":\"Person\",\"@id\":\"https:\\\/\\\/itr.ufrrj.br\\\/egressos\\\/#\\\/schema\\\/person\\\/72a1bbe80a58cc0e26f78375a4964c16\",\"name\":\"Yasmin Alves\",\"image\":{\"@type\":\"ImageObject\",\"inLanguage\":\"pt-BR\",\"@id\":\"https:\\\/\\\/secure.gravatar.com\\\/avatar\\\/284f6995564641550be50a2c622800d764ffd772104c855755f22a9c2e65aab0?s=96&d=mm&r=g\",\"url\":\"https:\\\/\\\/secure.gravatar.com\\\/avatar\\\/284f6995564641550be50a2c622800d764ffd772104c855755f22a9c2e65aab0?s=96&d=mm&r=g\",\"contentUrl\":\"https:\\\/\\\/secure.gravatar.com\\\/avatar\\\/284f6995564641550be50a2c622800d764ffd772104c855755f22a9c2e65aab0?s=96&d=mm&r=g\",\"caption\":\"Yasmin Alves\"},\"url\":\"https:\\\/\\\/itr.ufrrj.br\\\/egressos\\\/author\\\/yasmin-alves\\\/\"}]}<\/script>\n<!-- \/ Yoast SEO plugin. -->","yoast_head_json":{"title":"SEMIN\u00c1RIO: Racismo Ambiental, Produ\u00e7\u00e3o Desigual da Cidade e Justi\u00e7a Territorial - Programa de Acompanhamento de Egressos do Curso de Gest\u00e3o Ambiental do ITR\/UFRRJ","robots":{"index":"index","follow":"follow","max-snippet":"max-snippet:-1","max-image-preview":"max-image-preview:large","max-video-preview":"max-video-preview:-1"},"canonical":"https:\/\/itr.ufrrj.br\/egressos\/seminario-racismo-ambiental-producao-desigual-da-cidade-e-justica-territorial\/","og_locale":"pt_BR","og_type":"article","og_title":"SEMIN\u00c1RIO: Racismo Ambiental, Produ\u00e7\u00e3o Desigual da Cidade e Justi\u00e7a Territorial - Programa de Acompanhamento de Egressos do Curso de Gest\u00e3o Ambiental do ITR\/UFRRJ","og_description":"\ud83c\udf0d SEMIN\u00c1RIO: Racismo Ambiental, Produ\u00e7\u00e3o Desigual da Cidade e Justi\u00e7a Territorial Como o racismo estrutura o espa\u00e7o urbano? Quem sofre mais com riscos ambientais, remo\u00e7\u00f5es e viola\u00e7\u00f5es de direitos territoriais? Vem debater essas e outras quest\u00f5es com pesquisadores, movimentos sociais, coletivos, lideran\u00e7as territoriais, Minist\u00e9rio P\u00fablico e Defensoria P\u00fablica. \ud83d\udcc5 21 de agosto | 9h \u00e0s [&hellip;]","og_url":"https:\/\/itr.ufrrj.br\/egressos\/seminario-racismo-ambiental-producao-desigual-da-cidade-e-justica-territorial\/","og_site_name":"Programa de Acompanhamento de Egressos do Curso de Gest\u00e3o Ambiental do ITR\/UFRRJ","article_published_time":"2026-07-27T00:31:53+00:00","author":"Yasmin Alves","twitter_card":"summary_large_image","twitter_misc":{"Escrito por":"Yasmin Alves","Est. tempo de leitura":"1 minuto"},"schema":{"@context":"https:\/\/schema.org","@graph":[{"@type":"Article","@id":"https:\/\/itr.ufrrj.br\/egressos\/seminario-racismo-ambiental-producao-desigual-da-cidade-e-justica-territorial\/#article","isPartOf":{"@id":"https:\/\/itr.ufrrj.br\/egressos\/seminario-racismo-ambiental-producao-desigual-da-cidade-e-justica-territorial\/"},"author":{"name":"Yasmin Alves","@id":"https:\/\/itr.ufrrj.br\/egressos\/#\/schema\/person\/72a1bbe80a58cc0e26f78375a4964c16"},"headline":"SEMIN\u00c1RIO: Racismo Ambiental, Produ\u00e7\u00e3o Desigual da Cidade e Justi\u00e7a Territorial","datePublished":"2026-07-27T00:31:53+00:00","mainEntityOfPage":{"@id":"https:\/\/itr.ufrrj.br\/egressos\/seminario-racismo-ambiental-producao-desigual-da-cidade-e-justica-territorial\/"},"wordCount":218,"commentCount":0,"keywords":["Gest\u00e3o Ambiental","Gestor Ambiental","Meio Ambiente","Sustentabilidade"],"articleSection":["Not\u00edcias"],"inLanguage":"pt-BR","potentialAction":[{"@type":"CommentAction","name":"Comment","target":["https:\/\/itr.ufrrj.br\/egressos\/seminario-racismo-ambiental-producao-desigual-da-cidade-e-justica-territorial\/#respond"]}]},{"@type":"WebPage","@id":"https:\/\/itr.ufrrj.br\/egressos\/seminario-racismo-ambiental-producao-desigual-da-cidade-e-justica-territorial\/","url":"https:\/\/itr.ufrrj.br\/egressos\/seminario-racismo-ambiental-producao-desigual-da-cidade-e-justica-territorial\/","name":"SEMIN\u00c1RIO: Racismo Ambiental, Produ\u00e7\u00e3o Desigual da Cidade e Justi\u00e7a Territorial - Programa de Acompanhamento de Egressos do Curso de Gest\u00e3o Ambiental do ITR\/UFRRJ","isPartOf":{"@id":"https:\/\/itr.ufrrj.br\/egressos\/#website"},"datePublished":"2026-07-27T00:31:53+00:00","author":{"@id":"https:\/\/itr.ufrrj.br\/egressos\/#\/schema\/person\/72a1bbe80a58cc0e26f78375a4964c16"},"breadcrumb":{"@id":"https:\/\/itr.ufrrj.br\/egressos\/seminario-racismo-ambiental-producao-desigual-da-cidade-e-justica-territorial\/#breadcrumb"},"inLanguage":"pt-BR","potentialAction":[{"@type":"ReadAction","target":["https:\/\/itr.ufrrj.br\/egressos\/seminario-racismo-ambiental-producao-desigual-da-cidade-e-justica-territorial\/"]}]},{"@type":"BreadcrumbList","@id":"https:\/\/itr.ufrrj.br\/egressos\/seminario-racismo-ambiental-producao-desigual-da-cidade-e-justica-territorial\/#breadcrumb","itemListElement":[{"@type":"ListItem","position":1,"name":"In\u00edcio","item":"https:\/\/itr.ufrrj.br\/egressos\/"},{"@type":"ListItem","position":2,"name":"SEMIN\u00c1RIO: Racismo Ambiental, Produ\u00e7\u00e3o Desigual da Cidade e Justi\u00e7a Territorial"}]},{"@type":"WebSite","@id":"https:\/\/itr.ufrrj.br\/egressos\/#website","url":"https:\/\/itr.ufrrj.br\/egressos\/","name":"Programa de Acompanhamento de Egressos do Curso de Gest\u00e3o Ambiental do ITR\/UFRRJ","description":"Instituto Tr\u00eas Rios - UFRRJ","potentialAction":[{"@type":"SearchAction","target":{"@type":"EntryPoint","urlTemplate":"https:\/\/itr.ufrrj.br\/egressos\/?s={search_term_string}"},"query-input":{"@type":"PropertyValueSpecification","valueRequired":true,"valueName":"search_term_string"}}],"inLanguage":"pt-BR"},{"@type":"Person","@id":"https:\/\/itr.ufrrj.br\/egressos\/#\/schema\/person\/72a1bbe80a58cc0e26f78375a4964c16","name":"Yasmin Alves","image":{"@type":"ImageObject","inLanguage":"pt-BR","@id":"https:\/\/secure.gravatar.com\/avatar\/284f6995564641550be50a2c622800d764ffd772104c855755f22a9c2e65aab0?s=96&d=mm&r=g","url":"https:\/\/secure.gravatar.com\/avatar\/284f6995564641550be50a2c622800d764ffd772104c855755f22a9c2e65aab0?s=96&d=mm&r=g","contentUrl":"https:\/\/secure.gravatar.com\/avatar\/284f6995564641550be50a2c622800d764ffd772104c855755f22a9c2e65aab0?s=96&d=mm&r=g","caption":"Yasmin Alves"},"url":"https:\/\/itr.ufrrj.br\/egressos\/author\/yasmin-alves\/"}]}},"_links":{"self":[{"href":"https:\/\/itr.ufrrj.br\/egressos\/wp-json\/wp\/v2\/posts\/5596","targetHints":{"allow":["GET"]}}],"collection":[{"href":"https:\/\/itr.ufrrj.br\/egressos\/wp-json\/wp\/v2\/posts"}],"about":[{"href":"https:\/\/itr.ufrrj.br\/egressos\/wp-json\/wp\/v2\/types\/post"}],"author":[{"embeddable":true,"href":"https:\/\/itr.ufrrj.br\/egressos\/wp-json\/wp\/v2\/users\/23"}],"replies":[{"embeddable":true,"href":"https:\/\/itr.ufrrj.br\/egressos\/wp-json\/wp\/v2\/comments?post=5596"}],"version-history":[{"count":1,"href":"https:\/\/itr.ufrrj.br\/egressos\/wp-json\/wp\/v2\/posts\/5596\/revisions"}],"predecessor-version":[{"id":5597,"href":"https:\/\/itr.ufrrj.br\/egressos\/wp-json\/wp\/v2\/posts\/5596\/revisions\/5597"}],"wp:attachment":[{"href":"https:\/\/itr.ufrrj.br\/egressos\/wp-json\/wp\/v2\/media?parent=5596"}],"wp:term":[{"taxonomy":"category","embeddable":true,"href":"https:\/\/itr.ufrrj.br\/egressos\/wp-json\/wp\/v2\/categories?post=5596"},{"taxonomy":"post_tag","embeddable":true,"href":"https:\/\/itr.ufrrj.br\/egressos\/wp-json\/wp\/v2\/tags?post=5596"}],"curies":[{"name":"wp","href":"https:\/\/api.w.org\/{rel}","templated":true}]}}