{"id":5331,"date":"2026-04-30T23:27:10","date_gmt":"2026-05-01T02:27:10","guid":{"rendered":"https:\/\/itr.ufrrj.br\/egressos\/?p=5331"},"modified":"2026-04-30T23:27:11","modified_gmt":"2026-05-01T02:27:11","slug":"acao-climatica-no-brasil-a-medida-que-o-plano-clima-avanca-para-as-fases-decisivas-de-implementacao-monitoramento-e-avaliacao-debater-a-conducao-transparente-e-participativa-deste-processo-torna-s","status":"publish","type":"post","link":"https:\/\/itr.ufrrj.br\/egressos\/acao-climatica-no-brasil-a-medida-que-o-plano-clima-avanca-para-as-fases-decisivas-de-implementacao-monitoramento-e-avaliacao-debater-a-conducao-transparente-e-participativa-deste-processo-torna-s\/","title":{"rendered":"A\u00e7\u00e3o clim\u00e1tica no Brasil &#8211; \u00c0 medida que o Plano Clima avan\u00e7a para as fases decisivas de implementa\u00e7\u00e3o, monitoramento e avalia\u00e7\u00e3o, debater a condu\u00e7\u00e3o transparente e participativa deste processo torna-se indispens\u00e1vel."},"content":{"rendered":"\n<p>\ud83c\udf0dA\u00e7\u00e3o clim\u00e1tica no Brasil &#8211; \u00c0 medida que o Plano Clima avan\u00e7a para as fases decisivas de implementa\u00e7\u00e3o, monitoramento e avalia\u00e7\u00e3o, debater a condu\u00e7\u00e3o transparente e participativa deste processo torna-se indispens\u00e1vel.<br \/><br \/>Para analisar o cen\u00e1rio e os pr\u00f3ximos desafios de governan\u00e7a, realizaremos o webinar &#8220;Contribui\u00e7\u00f5es para a A\u00e7\u00e3o Clim\u00e1tica no Brasil \u2013 Da estrat\u00e9gia \u00e0 pr\u00e1tica: os pr\u00f3ximos passos do Plano Clima&#8221;.<br \/><br \/>O evento detalhar\u00e1 os resultados dos estudos desenvolvidos pelo <a class=\"x1i10hfl xjbqb8w x1ejq31n x18oe1m7 x1sy0etr xstzfhl x972fbf x10w94by x1qhh985 x14e42zd x9f619 x1ypdohk xt0psk2 x3ct3a4 xdj266r x14z9mp xat24cr x1lziwak xexx8yu xyri2b x18d9i69 x1c1uobl x16tdsg8 x1hl2dhg xggy1nq x1a2a7pz notranslate _a6hd\" tabindex=\"0\" role=\"link\" href=\"https:\/\/www.instagram.com\/fgvces\/\">@fgvces<\/a> , que fundamentaram a constru\u00e7\u00e3o participativa do Plano, e promover\u00e1 um di\u00e1logo direto com atores-chave da esfera p\u00fablica e privada.<br \/><br \/>\ud83d\udcca Destaques da programa\u00e7\u00e3o:<br \/><br \/>Abertura: FGVces e Instituto Clima e Sociedade (iCS).<br \/><br \/>Apresenta\u00e7\u00e3o t\u00e9cnica: Resultados dos estudos conduzidos pelo FGVces.<br \/><br \/>Painel de debates: Discuss\u00e3o sobre os desafios de implementa\u00e7\u00e3o e monitoramento, com a presen\u00e7a de \u00c9rico Rocha, do <a class=\"x1i10hfl xjbqb8w x1ejq31n x18oe1m7 x1sy0etr xstzfhl x972fbf x10w94by x1qhh985 x14e42zd x9f619 x1ypdohk xt0psk2 x3ct3a4 xdj266r x14z9mp xat24cr x1lziwak xexx8yu xyri2b x18d9i69 x1c1uobl x16tdsg8 x1hl2dhg xggy1nq x1a2a7pz notranslate _a6hd\" tabindex=\"0\" role=\"link\" href=\"https:\/\/www.instagram.com\/mmeioambiente\/\">@mmeioambiente<\/a> , Jo\u00e3o Adrien, da Coaliz\u00e3o Brasil Clima, Florestas e Agricultura, e outros convidados.<br \/><br \/>Encerramento: Sess\u00e3o aberta para perguntas do p\u00fablico.<br \/><br \/>\ud83d\uddd3\ufe0f Data: 07 de maio de 2026<br \/>\u23f0 Hor\u00e1rio: 14h30 \u00e0s 16h<br \/>\ud83d\udccd Inscri\u00e7\u00f5es: bit.ly\/acao-climatica0705<\/p>\n<p>Link:\u00a0<a href=\"https:\/\/www.instagram.com\/p\/DXfLZ7QFeWJ\/?utm_source=ig_web_copy_link&amp;igsh=NTc4MTIwNjQ2YQ==\">https:\/\/www.instagram.com\/p\/DXfLZ7QFeWJ\/?utm_source=ig_web_copy_link&amp;igsh=NTc4MTIwNjQ2YQ==<\/a><\/p>\n","protected":false},"excerpt":{"rendered":"<p>\ud83c\udf0dA\u00e7\u00e3o clim\u00e1tica no Brasil &#8211; \u00c0 medida que o Plano Clima avan\u00e7a para as fases decisivas de implementa\u00e7\u00e3o, monitoramento e avalia\u00e7\u00e3o, debater a condu\u00e7\u00e3o transparente e participativa deste processo torna-se indispens\u00e1vel. Para analisar o cen\u00e1rio e os pr\u00f3ximos desafios de governan\u00e7a, realizaremos o webinar &#8220;Contribui\u00e7\u00f5es para a A\u00e7\u00e3o Clim\u00e1tica no Brasil \u2013 Da estrat\u00e9gia \u00e0 [&hellip;]<\/p>\n","protected":false},"author":23,"featured_media":0,"comment_status":"open","ping_status":"open","sticky":false,"template":"","format":"standard","meta":{"_acf_changed":false,"_mi_skip_tracking":false,"footnotes":""},"categories":[3],"tags":[25,73,19,15],"class_list":["post-5331","post","type-post","status-publish","format-standard","hentry","category-noticias","tag-gestao-ambiental","tag-gestao-ambiental-ufrrj","tag-gestor-ambiental","tag-meio-ambiente","cat-3-id"],"acf":[],"yoast_head":"<!-- This site is optimized with the Yoast SEO plugin v27.5 - https:\/\/yoast.com\/product\/yoast-seo-wordpress\/ -->\n<title>A\u00e7\u00e3o clim\u00e1tica no Brasil - \u00c0 medida que o Plano Clima avan\u00e7a para as fases decisivas de implementa\u00e7\u00e3o, monitoramento e avalia\u00e7\u00e3o, debater a condu\u00e7\u00e3o transparente e participativa deste processo torna-se indispens\u00e1vel. - Programa de Acompanhamento de Egressos do Curso de Gest\u00e3o Ambiental do ITR\/UFRRJ<\/title>\n<meta name=\"robots\" content=\"index, follow, max-snippet:-1, max-image-preview:large, max-video-preview:-1\" \/>\n<link rel=\"canonical\" href=\"https:\/\/itr.ufrrj.br\/egressos\/acao-climatica-no-brasil-a-medida-que-o-plano-clima-avanca-para-as-fases-decisivas-de-implementacao-monitoramento-e-avaliacao-debater-a-conducao-transparente-e-participativa-deste-processo-torna-s\/\" \/>\n<meta property=\"og:locale\" content=\"pt_BR\" \/>\n<meta property=\"og:type\" content=\"article\" \/>\n<meta property=\"og:title\" content=\"A\u00e7\u00e3o clim\u00e1tica no Brasil - \u00c0 medida que o Plano Clima avan\u00e7a para as fases decisivas de implementa\u00e7\u00e3o, monitoramento e avalia\u00e7\u00e3o, debater a condu\u00e7\u00e3o transparente e participativa deste processo torna-se indispens\u00e1vel. - Programa de Acompanhamento de Egressos do Curso de Gest\u00e3o Ambiental do ITR\/UFRRJ\" \/>\n<meta property=\"og:description\" content=\"\ud83c\udf0dA\u00e7\u00e3o clim\u00e1tica no Brasil &#8211; \u00c0 medida que o Plano Clima avan\u00e7a para as fases decisivas de implementa\u00e7\u00e3o, monitoramento e avalia\u00e7\u00e3o, debater a condu\u00e7\u00e3o transparente e participativa deste processo torna-se indispens\u00e1vel. Para analisar o cen\u00e1rio e os pr\u00f3ximos desafios de governan\u00e7a, realizaremos o webinar &#8220;Contribui\u00e7\u00f5es para a A\u00e7\u00e3o Clim\u00e1tica no Brasil \u2013 Da estrat\u00e9gia \u00e0 [&hellip;]\" \/>\n<meta property=\"og:url\" content=\"https:\/\/itr.ufrrj.br\/egressos\/acao-climatica-no-brasil-a-medida-que-o-plano-clima-avanca-para-as-fases-decisivas-de-implementacao-monitoramento-e-avaliacao-debater-a-conducao-transparente-e-participativa-deste-processo-torna-s\/\" \/>\n<meta property=\"og:site_name\" content=\"Programa de Acompanhamento de Egressos do Curso de Gest\u00e3o Ambiental do ITR\/UFRRJ\" \/>\n<meta property=\"article:published_time\" content=\"2026-05-01T02:27:10+00:00\" \/>\n<meta property=\"article:modified_time\" content=\"2026-05-01T02:27:11+00:00\" \/>\n<meta name=\"author\" content=\"Yasmin Alves\" \/>\n<meta name=\"twitter:card\" content=\"summary_large_image\" \/>\n<meta name=\"twitter:label1\" content=\"Escrito por\" \/>\n\t<meta name=\"twitter:data1\" content=\"Yasmin Alves\" \/>\n\t<meta name=\"twitter:label2\" content=\"Est. tempo de leitura\" \/>\n\t<meta name=\"twitter:data2\" content=\"1 minuto\" \/>\n<script type=\"application\/ld+json\" class=\"yoast-schema-graph\">{\"@context\":\"https:\\\/\\\/schema.org\",\"@graph\":[{\"@type\":\"Article\",\"@id\":\"https:\\\/\\\/itr.ufrrj.br\\\/egressos\\\/acao-climatica-no-brasil-a-medida-que-o-plano-clima-avanca-para-as-fases-decisivas-de-implementacao-monitoramento-e-avaliacao-debater-a-conducao-transparente-e-participativa-deste-processo-torna-s\\\/#article\",\"isPartOf\":{\"@id\":\"https:\\\/\\\/itr.ufrrj.br\\\/egressos\\\/acao-climatica-no-brasil-a-medida-que-o-plano-clima-avanca-para-as-fases-decisivas-de-implementacao-monitoramento-e-avaliacao-debater-a-conducao-transparente-e-participativa-deste-processo-torna-s\\\/\"},\"author\":{\"name\":\"Yasmin Alves\",\"@id\":\"https:\\\/\\\/itr.ufrrj.br\\\/egressos\\\/#\\\/schema\\\/person\\\/72a1bbe80a58cc0e26f78375a4964c16\"},\"headline\":\"A\u00e7\u00e3o clim\u00e1tica no Brasil &#8211; \u00c0 medida que o Plano Clima avan\u00e7a para as fases decisivas de implementa\u00e7\u00e3o, monitoramento e avalia\u00e7\u00e3o, debater a condu\u00e7\u00e3o transparente e participativa deste processo torna-se indispens\u00e1vel.\",\"datePublished\":\"2026-05-01T02:27:10+00:00\",\"dateModified\":\"2026-05-01T02:27:11+00:00\",\"mainEntityOfPage\":{\"@id\":\"https:\\\/\\\/itr.ufrrj.br\\\/egressos\\\/acao-climatica-no-brasil-a-medida-que-o-plano-clima-avanca-para-as-fases-decisivas-de-implementacao-monitoramento-e-avaliacao-debater-a-conducao-transparente-e-participativa-deste-processo-torna-s\\\/\"},\"wordCount\":244,\"commentCount\":0,\"keywords\":[\"Gest\u00e3o Ambiental\",\"Gest\u00e3o Ambiental UFRRJ\",\"Gestor Ambiental\",\"Meio Ambiente\"],\"articleSection\":[\"Not\u00edcias\"],\"inLanguage\":\"pt-BR\",\"potentialAction\":[{\"@type\":\"CommentAction\",\"name\":\"Comment\",\"target\":[\"https:\\\/\\\/itr.ufrrj.br\\\/egressos\\\/acao-climatica-no-brasil-a-medida-que-o-plano-clima-avanca-para-as-fases-decisivas-de-implementacao-monitoramento-e-avaliacao-debater-a-conducao-transparente-e-participativa-deste-processo-torna-s\\\/#respond\"]}]},{\"@type\":\"WebPage\",\"@id\":\"https:\\\/\\\/itr.ufrrj.br\\\/egressos\\\/acao-climatica-no-brasil-a-medida-que-o-plano-clima-avanca-para-as-fases-decisivas-de-implementacao-monitoramento-e-avaliacao-debater-a-conducao-transparente-e-participativa-deste-processo-torna-s\\\/\",\"url\":\"https:\\\/\\\/itr.ufrrj.br\\\/egressos\\\/acao-climatica-no-brasil-a-medida-que-o-plano-clima-avanca-para-as-fases-decisivas-de-implementacao-monitoramento-e-avaliacao-debater-a-conducao-transparente-e-participativa-deste-processo-torna-s\\\/\",\"name\":\"A\u00e7\u00e3o clim\u00e1tica no Brasil - \u00c0 medida que o Plano Clima avan\u00e7a para as fases decisivas de implementa\u00e7\u00e3o, monitoramento e avalia\u00e7\u00e3o, debater a condu\u00e7\u00e3o transparente e participativa deste processo torna-se indispens\u00e1vel. - Programa de Acompanhamento de Egressos do Curso de Gest\u00e3o Ambiental do ITR\\\/UFRRJ\",\"isPartOf\":{\"@id\":\"https:\\\/\\\/itr.ufrrj.br\\\/egressos\\\/#website\"},\"datePublished\":\"2026-05-01T02:27:10+00:00\",\"dateModified\":\"2026-05-01T02:27:11+00:00\",\"author\":{\"@id\":\"https:\\\/\\\/itr.ufrrj.br\\\/egressos\\\/#\\\/schema\\\/person\\\/72a1bbe80a58cc0e26f78375a4964c16\"},\"breadcrumb\":{\"@id\":\"https:\\\/\\\/itr.ufrrj.br\\\/egressos\\\/acao-climatica-no-brasil-a-medida-que-o-plano-clima-avanca-para-as-fases-decisivas-de-implementacao-monitoramento-e-avaliacao-debater-a-conducao-transparente-e-participativa-deste-processo-torna-s\\\/#breadcrumb\"},\"inLanguage\":\"pt-BR\",\"potentialAction\":[{\"@type\":\"ReadAction\",\"target\":[\"https:\\\/\\\/itr.ufrrj.br\\\/egressos\\\/acao-climatica-no-brasil-a-medida-que-o-plano-clima-avanca-para-as-fases-decisivas-de-implementacao-monitoramento-e-avaliacao-debater-a-conducao-transparente-e-participativa-deste-processo-torna-s\\\/\"]}]},{\"@type\":\"BreadcrumbList\",\"@id\":\"https:\\\/\\\/itr.ufrrj.br\\\/egressos\\\/acao-climatica-no-brasil-a-medida-que-o-plano-clima-avanca-para-as-fases-decisivas-de-implementacao-monitoramento-e-avaliacao-debater-a-conducao-transparente-e-participativa-deste-processo-torna-s\\\/#breadcrumb\",\"itemListElement\":[{\"@type\":\"ListItem\",\"position\":1,\"name\":\"In\u00edcio\",\"item\":\"https:\\\/\\\/itr.ufrrj.br\\\/egressos\\\/\"},{\"@type\":\"ListItem\",\"position\":2,\"name\":\"A\u00e7\u00e3o clim\u00e1tica no Brasil &#8211; \u00c0 medida que o Plano Clima avan\u00e7a para as fases decisivas de implementa\u00e7\u00e3o, monitoramento e avalia\u00e7\u00e3o, debater a condu\u00e7\u00e3o transparente e participativa deste processo torna-se indispens\u00e1vel.\"}]},{\"@type\":\"WebSite\",\"@id\":\"https:\\\/\\\/itr.ufrrj.br\\\/egressos\\\/#website\",\"url\":\"https:\\\/\\\/itr.ufrrj.br\\\/egressos\\\/\",\"name\":\"Programa de Acompanhamento de Egressos do Curso de Gest\u00e3o Ambiental do ITR\\\/UFRRJ\",\"description\":\"Instituto Tr\u00eas Rios - UFRRJ\",\"potentialAction\":[{\"@type\":\"SearchAction\",\"target\":{\"@type\":\"EntryPoint\",\"urlTemplate\":\"https:\\\/\\\/itr.ufrrj.br\\\/egressos\\\/?s={search_term_string}\"},\"query-input\":{\"@type\":\"PropertyValueSpecification\",\"valueRequired\":true,\"valueName\":\"search_term_string\"}}],\"inLanguage\":\"pt-BR\"},{\"@type\":\"Person\",\"@id\":\"https:\\\/\\\/itr.ufrrj.br\\\/egressos\\\/#\\\/schema\\\/person\\\/72a1bbe80a58cc0e26f78375a4964c16\",\"name\":\"Yasmin Alves\",\"image\":{\"@type\":\"ImageObject\",\"inLanguage\":\"pt-BR\",\"@id\":\"https:\\\/\\\/secure.gravatar.com\\\/avatar\\\/284f6995564641550be50a2c622800d764ffd772104c855755f22a9c2e65aab0?s=96&d=mm&r=g\",\"url\":\"https:\\\/\\\/secure.gravatar.com\\\/avatar\\\/284f6995564641550be50a2c622800d764ffd772104c855755f22a9c2e65aab0?s=96&d=mm&r=g\",\"contentUrl\":\"https:\\\/\\\/secure.gravatar.com\\\/avatar\\\/284f6995564641550be50a2c622800d764ffd772104c855755f22a9c2e65aab0?s=96&d=mm&r=g\",\"caption\":\"Yasmin Alves\"},\"url\":\"https:\\\/\\\/itr.ufrrj.br\\\/egressos\\\/author\\\/yasmin-alves\\\/\"}]}<\/script>\n<!-- \/ Yoast SEO plugin. -->","yoast_head_json":{"title":"A\u00e7\u00e3o clim\u00e1tica no Brasil - \u00c0 medida que o Plano Clima avan\u00e7a para as fases decisivas de implementa\u00e7\u00e3o, monitoramento e avalia\u00e7\u00e3o, debater a condu\u00e7\u00e3o transparente e participativa deste processo torna-se indispens\u00e1vel. - Programa de Acompanhamento de Egressos do Curso de Gest\u00e3o Ambiental do ITR\/UFRRJ","robots":{"index":"index","follow":"follow","max-snippet":"max-snippet:-1","max-image-preview":"max-image-preview:large","max-video-preview":"max-video-preview:-1"},"canonical":"https:\/\/itr.ufrrj.br\/egressos\/acao-climatica-no-brasil-a-medida-que-o-plano-clima-avanca-para-as-fases-decisivas-de-implementacao-monitoramento-e-avaliacao-debater-a-conducao-transparente-e-participativa-deste-processo-torna-s\/","og_locale":"pt_BR","og_type":"article","og_title":"A\u00e7\u00e3o clim\u00e1tica no Brasil - \u00c0 medida que o Plano Clima avan\u00e7a para as fases decisivas de implementa\u00e7\u00e3o, monitoramento e avalia\u00e7\u00e3o, debater a condu\u00e7\u00e3o transparente e participativa deste processo torna-se indispens\u00e1vel. - Programa de Acompanhamento de Egressos do Curso de Gest\u00e3o Ambiental do ITR\/UFRRJ","og_description":"\ud83c\udf0dA\u00e7\u00e3o clim\u00e1tica no Brasil &#8211; \u00c0 medida que o Plano Clima avan\u00e7a para as fases decisivas de implementa\u00e7\u00e3o, monitoramento e avalia\u00e7\u00e3o, debater a condu\u00e7\u00e3o transparente e participativa deste processo torna-se indispens\u00e1vel. Para analisar o cen\u00e1rio e os pr\u00f3ximos desafios de governan\u00e7a, realizaremos o webinar &#8220;Contribui\u00e7\u00f5es para a A\u00e7\u00e3o Clim\u00e1tica no Brasil \u2013 Da estrat\u00e9gia \u00e0 [&hellip;]","og_url":"https:\/\/itr.ufrrj.br\/egressos\/acao-climatica-no-brasil-a-medida-que-o-plano-clima-avanca-para-as-fases-decisivas-de-implementacao-monitoramento-e-avaliacao-debater-a-conducao-transparente-e-participativa-deste-processo-torna-s\/","og_site_name":"Programa de Acompanhamento de Egressos do Curso de Gest\u00e3o Ambiental do ITR\/UFRRJ","article_published_time":"2026-05-01T02:27:10+00:00","article_modified_time":"2026-05-01T02:27:11+00:00","author":"Yasmin Alves","twitter_card":"summary_large_image","twitter_misc":{"Escrito por":"Yasmin Alves","Est. tempo de leitura":"1 minuto"},"schema":{"@context":"https:\/\/schema.org","@graph":[{"@type":"Article","@id":"https:\/\/itr.ufrrj.br\/egressos\/acao-climatica-no-brasil-a-medida-que-o-plano-clima-avanca-para-as-fases-decisivas-de-implementacao-monitoramento-e-avaliacao-debater-a-conducao-transparente-e-participativa-deste-processo-torna-s\/#article","isPartOf":{"@id":"https:\/\/itr.ufrrj.br\/egressos\/acao-climatica-no-brasil-a-medida-que-o-plano-clima-avanca-para-as-fases-decisivas-de-implementacao-monitoramento-e-avaliacao-debater-a-conducao-transparente-e-participativa-deste-processo-torna-s\/"},"author":{"name":"Yasmin Alves","@id":"https:\/\/itr.ufrrj.br\/egressos\/#\/schema\/person\/72a1bbe80a58cc0e26f78375a4964c16"},"headline":"A\u00e7\u00e3o clim\u00e1tica no Brasil &#8211; \u00c0 medida que o Plano Clima avan\u00e7a para as fases decisivas de implementa\u00e7\u00e3o, monitoramento e avalia\u00e7\u00e3o, debater a condu\u00e7\u00e3o transparente e participativa deste processo torna-se indispens\u00e1vel.","datePublished":"2026-05-01T02:27:10+00:00","dateModified":"2026-05-01T02:27:11+00:00","mainEntityOfPage":{"@id":"https:\/\/itr.ufrrj.br\/egressos\/acao-climatica-no-brasil-a-medida-que-o-plano-clima-avanca-para-as-fases-decisivas-de-implementacao-monitoramento-e-avaliacao-debater-a-conducao-transparente-e-participativa-deste-processo-torna-s\/"},"wordCount":244,"commentCount":0,"keywords":["Gest\u00e3o Ambiental","Gest\u00e3o Ambiental UFRRJ","Gestor Ambiental","Meio Ambiente"],"articleSection":["Not\u00edcias"],"inLanguage":"pt-BR","potentialAction":[{"@type":"CommentAction","name":"Comment","target":["https:\/\/itr.ufrrj.br\/egressos\/acao-climatica-no-brasil-a-medida-que-o-plano-clima-avanca-para-as-fases-decisivas-de-implementacao-monitoramento-e-avaliacao-debater-a-conducao-transparente-e-participativa-deste-processo-torna-s\/#respond"]}]},{"@type":"WebPage","@id":"https:\/\/itr.ufrrj.br\/egressos\/acao-climatica-no-brasil-a-medida-que-o-plano-clima-avanca-para-as-fases-decisivas-de-implementacao-monitoramento-e-avaliacao-debater-a-conducao-transparente-e-participativa-deste-processo-torna-s\/","url":"https:\/\/itr.ufrrj.br\/egressos\/acao-climatica-no-brasil-a-medida-que-o-plano-clima-avanca-para-as-fases-decisivas-de-implementacao-monitoramento-e-avaliacao-debater-a-conducao-transparente-e-participativa-deste-processo-torna-s\/","name":"A\u00e7\u00e3o clim\u00e1tica no Brasil - \u00c0 medida que o Plano Clima avan\u00e7a para as fases decisivas de implementa\u00e7\u00e3o, monitoramento e avalia\u00e7\u00e3o, debater a condu\u00e7\u00e3o transparente e participativa deste processo torna-se indispens\u00e1vel. - Programa de Acompanhamento de Egressos do Curso de Gest\u00e3o Ambiental do ITR\/UFRRJ","isPartOf":{"@id":"https:\/\/itr.ufrrj.br\/egressos\/#website"},"datePublished":"2026-05-01T02:27:10+00:00","dateModified":"2026-05-01T02:27:11+00:00","author":{"@id":"https:\/\/itr.ufrrj.br\/egressos\/#\/schema\/person\/72a1bbe80a58cc0e26f78375a4964c16"},"breadcrumb":{"@id":"https:\/\/itr.ufrrj.br\/egressos\/acao-climatica-no-brasil-a-medida-que-o-plano-clima-avanca-para-as-fases-decisivas-de-implementacao-monitoramento-e-avaliacao-debater-a-conducao-transparente-e-participativa-deste-processo-torna-s\/#breadcrumb"},"inLanguage":"pt-BR","potentialAction":[{"@type":"ReadAction","target":["https:\/\/itr.ufrrj.br\/egressos\/acao-climatica-no-brasil-a-medida-que-o-plano-clima-avanca-para-as-fases-decisivas-de-implementacao-monitoramento-e-avaliacao-debater-a-conducao-transparente-e-participativa-deste-processo-torna-s\/"]}]},{"@type":"BreadcrumbList","@id":"https:\/\/itr.ufrrj.br\/egressos\/acao-climatica-no-brasil-a-medida-que-o-plano-clima-avanca-para-as-fases-decisivas-de-implementacao-monitoramento-e-avaliacao-debater-a-conducao-transparente-e-participativa-deste-processo-torna-s\/#breadcrumb","itemListElement":[{"@type":"ListItem","position":1,"name":"In\u00edcio","item":"https:\/\/itr.ufrrj.br\/egressos\/"},{"@type":"ListItem","position":2,"name":"A\u00e7\u00e3o clim\u00e1tica no Brasil &#8211; \u00c0 medida que o Plano Clima avan\u00e7a para as fases decisivas de implementa\u00e7\u00e3o, monitoramento e avalia\u00e7\u00e3o, debater a condu\u00e7\u00e3o transparente e participativa deste processo torna-se indispens\u00e1vel."}]},{"@type":"WebSite","@id":"https:\/\/itr.ufrrj.br\/egressos\/#website","url":"https:\/\/itr.ufrrj.br\/egressos\/","name":"Programa de Acompanhamento de Egressos do Curso de Gest\u00e3o Ambiental do ITR\/UFRRJ","description":"Instituto Tr\u00eas Rios - UFRRJ","potentialAction":[{"@type":"SearchAction","target":{"@type":"EntryPoint","urlTemplate":"https:\/\/itr.ufrrj.br\/egressos\/?s={search_term_string}"},"query-input":{"@type":"PropertyValueSpecification","valueRequired":true,"valueName":"search_term_string"}}],"inLanguage":"pt-BR"},{"@type":"Person","@id":"https:\/\/itr.ufrrj.br\/egressos\/#\/schema\/person\/72a1bbe80a58cc0e26f78375a4964c16","name":"Yasmin Alves","image":{"@type":"ImageObject","inLanguage":"pt-BR","@id":"https:\/\/secure.gravatar.com\/avatar\/284f6995564641550be50a2c622800d764ffd772104c855755f22a9c2e65aab0?s=96&d=mm&r=g","url":"https:\/\/secure.gravatar.com\/avatar\/284f6995564641550be50a2c622800d764ffd772104c855755f22a9c2e65aab0?s=96&d=mm&r=g","contentUrl":"https:\/\/secure.gravatar.com\/avatar\/284f6995564641550be50a2c622800d764ffd772104c855755f22a9c2e65aab0?s=96&d=mm&r=g","caption":"Yasmin Alves"},"url":"https:\/\/itr.ufrrj.br\/egressos\/author\/yasmin-alves\/"}]}},"_links":{"self":[{"href":"https:\/\/itr.ufrrj.br\/egressos\/wp-json\/wp\/v2\/posts\/5331","targetHints":{"allow":["GET"]}}],"collection":[{"href":"https:\/\/itr.ufrrj.br\/egressos\/wp-json\/wp\/v2\/posts"}],"about":[{"href":"https:\/\/itr.ufrrj.br\/egressos\/wp-json\/wp\/v2\/types\/post"}],"author":[{"embeddable":true,"href":"https:\/\/itr.ufrrj.br\/egressos\/wp-json\/wp\/v2\/users\/23"}],"replies":[{"embeddable":true,"href":"https:\/\/itr.ufrrj.br\/egressos\/wp-json\/wp\/v2\/comments?post=5331"}],"version-history":[{"count":1,"href":"https:\/\/itr.ufrrj.br\/egressos\/wp-json\/wp\/v2\/posts\/5331\/revisions"}],"predecessor-version":[{"id":5332,"href":"https:\/\/itr.ufrrj.br\/egressos\/wp-json\/wp\/v2\/posts\/5331\/revisions\/5332"}],"wp:attachment":[{"href":"https:\/\/itr.ufrrj.br\/egressos\/wp-json\/wp\/v2\/media?parent=5331"}],"wp:term":[{"taxonomy":"category","embeddable":true,"href":"https:\/\/itr.ufrrj.br\/egressos\/wp-json\/wp\/v2\/categories?post=5331"},{"taxonomy":"post_tag","embeddable":true,"href":"https:\/\/itr.ufrrj.br\/egressos\/wp-json\/wp\/v2\/tags?post=5331"}],"curies":[{"name":"wp","href":"https:\/\/api.w.org\/{rel}","templated":true}]}}