{"id":5319,"date":"2026-04-30T23:10:50","date_gmt":"2026-05-01T02:10:50","guid":{"rendered":"https:\/\/itr.ufrrj.br\/egressos\/?p=5319"},"modified":"2026-04-30T23:10:52","modified_gmt":"2026-05-01T02:10:52","slug":"a-embaixada-da-franca-no-brasil-abre-as-inscricoes-para-a-bolsa-terree-2026","status":"publish","type":"post","link":"https:\/\/itr.ufrrj.br\/egressos\/a-embaixada-da-franca-no-brasil-abre-as-inscricoes-para-a-bolsa-terree-2026\/","title":{"rendered":"A Embaixada da Fran\u00e7a no Brasil abre as inscri\u00e7\u00f5es para a Bolsa TerrEE 2026"},"content":{"rendered":"\n<p>A Embaixada da Fran\u00e7a no Brasil abre as inscri\u00e7\u00f5es para a Bolsa TerrEE 2026, destinada a doutorandos brasileiros nas \u00e1reas de ecologia, ci\u00eancias ambientais e ci\u00eancias da vida e da sa\u00fade que desejam realizar um per\u00edodo de pesquisa em institui\u00e7\u00f5es francesas!<br \/><br \/>\ud83d\uddd3\ufe0f As candidaturas se encerram no dia 8 de maio de 2026, \u00e0s 23h59 (hor\u00e1rio de Bras\u00edlia).<br \/><br \/>\ud83d\udccc Saiba mais e inscreva-se em: bresil.campusfrance.org\/bolsa-terree-2026-oportunidade-para-doutorandos-brasileiros<\/p>\n<p>Link:\u00a0<a href=\"https:\/\/www.instagram.com\/p\/DW6k4YEDcph\/?utm_source=ig_web_copy_link&amp;igsh=NTc4MTIwNjQ2YQ==\">https:\/\/www.instagram.com\/p\/DW6k4YEDcph\/?utm_source=ig_web_copy_link&amp;igsh=NTc4MTIwNjQ2YQ==<\/a><\/p>\n","protected":false},"excerpt":{"rendered":"<p>A Embaixada da Fran\u00e7a no Brasil abre as inscri\u00e7\u00f5es para a Bolsa TerrEE 2026, destinada a doutorandos brasileiros nas \u00e1reas de ecologia, ci\u00eancias ambientais e ci\u00eancias da vida e da sa\u00fade que desejam realizar um per\u00edodo de pesquisa em institui\u00e7\u00f5es francesas! \ud83d\uddd3\ufe0f As candidaturas se encerram no dia 8 de maio de 2026, \u00e0s 23h59 [&hellip;]<\/p>\n","protected":false},"author":23,"featured_media":0,"comment_status":"open","ping_status":"open","sticky":false,"template":"","format":"standard","meta":{"_acf_changed":false,"_mi_skip_tracking":false,"footnotes":""},"categories":[3],"tags":[25,73,15,21],"class_list":["post-5319","post","type-post","status-publish","format-standard","hentry","category-noticias","tag-gestao-ambiental","tag-gestao-ambiental-ufrrj","tag-meio-ambiente","tag-sustentabilidade","cat-3-id"],"acf":[],"yoast_head":"<!-- This site is optimized with the Yoast SEO plugin v27.5 - https:\/\/yoast.com\/product\/yoast-seo-wordpress\/ -->\n<title>A Embaixada da Fran\u00e7a no Brasil abre as inscri\u00e7\u00f5es para a Bolsa TerrEE 2026 - Programa de Acompanhamento de Egressos do Curso de Gest\u00e3o Ambiental do ITR\/UFRRJ<\/title>\n<meta name=\"robots\" content=\"index, follow, max-snippet:-1, max-image-preview:large, max-video-preview:-1\" \/>\n<link rel=\"canonical\" href=\"https:\/\/itr.ufrrj.br\/egressos\/a-embaixada-da-franca-no-brasil-abre-as-inscricoes-para-a-bolsa-terree-2026\/\" \/>\n<meta property=\"og:locale\" content=\"pt_BR\" \/>\n<meta property=\"og:type\" content=\"article\" \/>\n<meta property=\"og:title\" content=\"A Embaixada da Fran\u00e7a no Brasil abre as inscri\u00e7\u00f5es para a Bolsa TerrEE 2026 - Programa de Acompanhamento de Egressos do Curso de Gest\u00e3o Ambiental do ITR\/UFRRJ\" \/>\n<meta property=\"og:description\" content=\"A Embaixada da Fran\u00e7a no Brasil abre as inscri\u00e7\u00f5es para a Bolsa TerrEE 2026, destinada a doutorandos brasileiros nas \u00e1reas de ecologia, ci\u00eancias ambientais e ci\u00eancias da vida e da sa\u00fade que desejam realizar um per\u00edodo de pesquisa em institui\u00e7\u00f5es francesas! \ud83d\uddd3\ufe0f As candidaturas se encerram no dia 8 de maio de 2026, \u00e0s 23h59 [&hellip;]\" \/>\n<meta property=\"og:url\" content=\"https:\/\/itr.ufrrj.br\/egressos\/a-embaixada-da-franca-no-brasil-abre-as-inscricoes-para-a-bolsa-terree-2026\/\" \/>\n<meta property=\"og:site_name\" content=\"Programa de Acompanhamento de Egressos do Curso de Gest\u00e3o Ambiental do ITR\/UFRRJ\" \/>\n<meta property=\"article:published_time\" content=\"2026-05-01T02:10:50+00:00\" \/>\n<meta property=\"article:modified_time\" content=\"2026-05-01T02:10:52+00:00\" \/>\n<meta name=\"author\" content=\"Yasmin Alves\" \/>\n<meta name=\"twitter:card\" content=\"summary_large_image\" \/>\n<meta name=\"twitter:label1\" content=\"Escrito por\" \/>\n\t<meta name=\"twitter:data1\" content=\"Yasmin Alves\" \/>\n\t<meta name=\"twitter:label2\" content=\"Est. tempo de leitura\" \/>\n\t<meta name=\"twitter:data2\" content=\"1 minuto\" \/>\n<script type=\"application\/ld+json\" class=\"yoast-schema-graph\">{\"@context\":\"https:\\\/\\\/schema.org\",\"@graph\":[{\"@type\":\"Article\",\"@id\":\"https:\\\/\\\/itr.ufrrj.br\\\/egressos\\\/a-embaixada-da-franca-no-brasil-abre-as-inscricoes-para-a-bolsa-terree-2026\\\/#article\",\"isPartOf\":{\"@id\":\"https:\\\/\\\/itr.ufrrj.br\\\/egressos\\\/a-embaixada-da-franca-no-brasil-abre-as-inscricoes-para-a-bolsa-terree-2026\\\/\"},\"author\":{\"name\":\"Yasmin Alves\",\"@id\":\"https:\\\/\\\/itr.ufrrj.br\\\/egressos\\\/#\\\/schema\\\/person\\\/72a1bbe80a58cc0e26f78375a4964c16\"},\"headline\":\"A Embaixada da Fran\u00e7a no Brasil abre as inscri\u00e7\u00f5es para a Bolsa TerrEE 2026\",\"datePublished\":\"2026-05-01T02:10:50+00:00\",\"dateModified\":\"2026-05-01T02:10:52+00:00\",\"mainEntityOfPage\":{\"@id\":\"https:\\\/\\\/itr.ufrrj.br\\\/egressos\\\/a-embaixada-da-franca-no-brasil-abre-as-inscricoes-para-a-bolsa-terree-2026\\\/\"},\"wordCount\":108,\"commentCount\":0,\"keywords\":[\"Gest\u00e3o Ambiental\",\"Gest\u00e3o Ambiental UFRRJ\",\"Meio Ambiente\",\"Sustentabilidade\"],\"articleSection\":[\"Not\u00edcias\"],\"inLanguage\":\"pt-BR\",\"potentialAction\":[{\"@type\":\"CommentAction\",\"name\":\"Comment\",\"target\":[\"https:\\\/\\\/itr.ufrrj.br\\\/egressos\\\/a-embaixada-da-franca-no-brasil-abre-as-inscricoes-para-a-bolsa-terree-2026\\\/#respond\"]}]},{\"@type\":\"WebPage\",\"@id\":\"https:\\\/\\\/itr.ufrrj.br\\\/egressos\\\/a-embaixada-da-franca-no-brasil-abre-as-inscricoes-para-a-bolsa-terree-2026\\\/\",\"url\":\"https:\\\/\\\/itr.ufrrj.br\\\/egressos\\\/a-embaixada-da-franca-no-brasil-abre-as-inscricoes-para-a-bolsa-terree-2026\\\/\",\"name\":\"A Embaixada da Fran\u00e7a no Brasil abre as inscri\u00e7\u00f5es para a Bolsa TerrEE 2026 - Programa de Acompanhamento de Egressos do Curso de Gest\u00e3o Ambiental do ITR\\\/UFRRJ\",\"isPartOf\":{\"@id\":\"https:\\\/\\\/itr.ufrrj.br\\\/egressos\\\/#website\"},\"datePublished\":\"2026-05-01T02:10:50+00:00\",\"dateModified\":\"2026-05-01T02:10:52+00:00\",\"author\":{\"@id\":\"https:\\\/\\\/itr.ufrrj.br\\\/egressos\\\/#\\\/schema\\\/person\\\/72a1bbe80a58cc0e26f78375a4964c16\"},\"breadcrumb\":{\"@id\":\"https:\\\/\\\/itr.ufrrj.br\\\/egressos\\\/a-embaixada-da-franca-no-brasil-abre-as-inscricoes-para-a-bolsa-terree-2026\\\/#breadcrumb\"},\"inLanguage\":\"pt-BR\",\"potentialAction\":[{\"@type\":\"ReadAction\",\"target\":[\"https:\\\/\\\/itr.ufrrj.br\\\/egressos\\\/a-embaixada-da-franca-no-brasil-abre-as-inscricoes-para-a-bolsa-terree-2026\\\/\"]}]},{\"@type\":\"BreadcrumbList\",\"@id\":\"https:\\\/\\\/itr.ufrrj.br\\\/egressos\\\/a-embaixada-da-franca-no-brasil-abre-as-inscricoes-para-a-bolsa-terree-2026\\\/#breadcrumb\",\"itemListElement\":[{\"@type\":\"ListItem\",\"position\":1,\"name\":\"In\u00edcio\",\"item\":\"https:\\\/\\\/itr.ufrrj.br\\\/egressos\\\/\"},{\"@type\":\"ListItem\",\"position\":2,\"name\":\"A Embaixada da Fran\u00e7a no Brasil abre as inscri\u00e7\u00f5es para a Bolsa TerrEE 2026\"}]},{\"@type\":\"WebSite\",\"@id\":\"https:\\\/\\\/itr.ufrrj.br\\\/egressos\\\/#website\",\"url\":\"https:\\\/\\\/itr.ufrrj.br\\\/egressos\\\/\",\"name\":\"Programa de Acompanhamento de Egressos do Curso de Gest\u00e3o Ambiental do ITR\\\/UFRRJ\",\"description\":\"Instituto Tr\u00eas Rios - UFRRJ\",\"potentialAction\":[{\"@type\":\"SearchAction\",\"target\":{\"@type\":\"EntryPoint\",\"urlTemplate\":\"https:\\\/\\\/itr.ufrrj.br\\\/egressos\\\/?s={search_term_string}\"},\"query-input\":{\"@type\":\"PropertyValueSpecification\",\"valueRequired\":true,\"valueName\":\"search_term_string\"}}],\"inLanguage\":\"pt-BR\"},{\"@type\":\"Person\",\"@id\":\"https:\\\/\\\/itr.ufrrj.br\\\/egressos\\\/#\\\/schema\\\/person\\\/72a1bbe80a58cc0e26f78375a4964c16\",\"name\":\"Yasmin Alves\",\"image\":{\"@type\":\"ImageObject\",\"inLanguage\":\"pt-BR\",\"@id\":\"https:\\\/\\\/secure.gravatar.com\\\/avatar\\\/284f6995564641550be50a2c622800d764ffd772104c855755f22a9c2e65aab0?s=96&d=mm&r=g\",\"url\":\"https:\\\/\\\/secure.gravatar.com\\\/avatar\\\/284f6995564641550be50a2c622800d764ffd772104c855755f22a9c2e65aab0?s=96&d=mm&r=g\",\"contentUrl\":\"https:\\\/\\\/secure.gravatar.com\\\/avatar\\\/284f6995564641550be50a2c622800d764ffd772104c855755f22a9c2e65aab0?s=96&d=mm&r=g\",\"caption\":\"Yasmin Alves\"},\"url\":\"https:\\\/\\\/itr.ufrrj.br\\\/egressos\\\/author\\\/yasmin-alves\\\/\"}]}<\/script>\n<!-- \/ Yoast SEO plugin. -->","yoast_head_json":{"title":"A Embaixada da Fran\u00e7a no Brasil abre as inscri\u00e7\u00f5es para a Bolsa TerrEE 2026 - Programa de Acompanhamento de Egressos do Curso de Gest\u00e3o Ambiental do ITR\/UFRRJ","robots":{"index":"index","follow":"follow","max-snippet":"max-snippet:-1","max-image-preview":"max-image-preview:large","max-video-preview":"max-video-preview:-1"},"canonical":"https:\/\/itr.ufrrj.br\/egressos\/a-embaixada-da-franca-no-brasil-abre-as-inscricoes-para-a-bolsa-terree-2026\/","og_locale":"pt_BR","og_type":"article","og_title":"A Embaixada da Fran\u00e7a no Brasil abre as inscri\u00e7\u00f5es para a Bolsa TerrEE 2026 - Programa de Acompanhamento de Egressos do Curso de Gest\u00e3o Ambiental do ITR\/UFRRJ","og_description":"A Embaixada da Fran\u00e7a no Brasil abre as inscri\u00e7\u00f5es para a Bolsa TerrEE 2026, destinada a doutorandos brasileiros nas \u00e1reas de ecologia, ci\u00eancias ambientais e ci\u00eancias da vida e da sa\u00fade que desejam realizar um per\u00edodo de pesquisa em institui\u00e7\u00f5es francesas! \ud83d\uddd3\ufe0f As candidaturas se encerram no dia 8 de maio de 2026, \u00e0s 23h59 [&hellip;]","og_url":"https:\/\/itr.ufrrj.br\/egressos\/a-embaixada-da-franca-no-brasil-abre-as-inscricoes-para-a-bolsa-terree-2026\/","og_site_name":"Programa de Acompanhamento de Egressos do Curso de Gest\u00e3o Ambiental do ITR\/UFRRJ","article_published_time":"2026-05-01T02:10:50+00:00","article_modified_time":"2026-05-01T02:10:52+00:00","author":"Yasmin Alves","twitter_card":"summary_large_image","twitter_misc":{"Escrito por":"Yasmin Alves","Est. tempo de leitura":"1 minuto"},"schema":{"@context":"https:\/\/schema.org","@graph":[{"@type":"Article","@id":"https:\/\/itr.ufrrj.br\/egressos\/a-embaixada-da-franca-no-brasil-abre-as-inscricoes-para-a-bolsa-terree-2026\/#article","isPartOf":{"@id":"https:\/\/itr.ufrrj.br\/egressos\/a-embaixada-da-franca-no-brasil-abre-as-inscricoes-para-a-bolsa-terree-2026\/"},"author":{"name":"Yasmin Alves","@id":"https:\/\/itr.ufrrj.br\/egressos\/#\/schema\/person\/72a1bbe80a58cc0e26f78375a4964c16"},"headline":"A Embaixada da Fran\u00e7a no Brasil abre as inscri\u00e7\u00f5es para a Bolsa TerrEE 2026","datePublished":"2026-05-01T02:10:50+00:00","dateModified":"2026-05-01T02:10:52+00:00","mainEntityOfPage":{"@id":"https:\/\/itr.ufrrj.br\/egressos\/a-embaixada-da-franca-no-brasil-abre-as-inscricoes-para-a-bolsa-terree-2026\/"},"wordCount":108,"commentCount":0,"keywords":["Gest\u00e3o Ambiental","Gest\u00e3o Ambiental UFRRJ","Meio Ambiente","Sustentabilidade"],"articleSection":["Not\u00edcias"],"inLanguage":"pt-BR","potentialAction":[{"@type":"CommentAction","name":"Comment","target":["https:\/\/itr.ufrrj.br\/egressos\/a-embaixada-da-franca-no-brasil-abre-as-inscricoes-para-a-bolsa-terree-2026\/#respond"]}]},{"@type":"WebPage","@id":"https:\/\/itr.ufrrj.br\/egressos\/a-embaixada-da-franca-no-brasil-abre-as-inscricoes-para-a-bolsa-terree-2026\/","url":"https:\/\/itr.ufrrj.br\/egressos\/a-embaixada-da-franca-no-brasil-abre-as-inscricoes-para-a-bolsa-terree-2026\/","name":"A Embaixada da Fran\u00e7a no Brasil abre as inscri\u00e7\u00f5es para a Bolsa TerrEE 2026 - Programa de Acompanhamento de Egressos do Curso de Gest\u00e3o Ambiental do ITR\/UFRRJ","isPartOf":{"@id":"https:\/\/itr.ufrrj.br\/egressos\/#website"},"datePublished":"2026-05-01T02:10:50+00:00","dateModified":"2026-05-01T02:10:52+00:00","author":{"@id":"https:\/\/itr.ufrrj.br\/egressos\/#\/schema\/person\/72a1bbe80a58cc0e26f78375a4964c16"},"breadcrumb":{"@id":"https:\/\/itr.ufrrj.br\/egressos\/a-embaixada-da-franca-no-brasil-abre-as-inscricoes-para-a-bolsa-terree-2026\/#breadcrumb"},"inLanguage":"pt-BR","potentialAction":[{"@type":"ReadAction","target":["https:\/\/itr.ufrrj.br\/egressos\/a-embaixada-da-franca-no-brasil-abre-as-inscricoes-para-a-bolsa-terree-2026\/"]}]},{"@type":"BreadcrumbList","@id":"https:\/\/itr.ufrrj.br\/egressos\/a-embaixada-da-franca-no-brasil-abre-as-inscricoes-para-a-bolsa-terree-2026\/#breadcrumb","itemListElement":[{"@type":"ListItem","position":1,"name":"In\u00edcio","item":"https:\/\/itr.ufrrj.br\/egressos\/"},{"@type":"ListItem","position":2,"name":"A Embaixada da Fran\u00e7a no Brasil abre as inscri\u00e7\u00f5es para a Bolsa TerrEE 2026"}]},{"@type":"WebSite","@id":"https:\/\/itr.ufrrj.br\/egressos\/#website","url":"https:\/\/itr.ufrrj.br\/egressos\/","name":"Programa de Acompanhamento de Egressos do Curso de Gest\u00e3o Ambiental do ITR\/UFRRJ","description":"Instituto Tr\u00eas Rios - UFRRJ","potentialAction":[{"@type":"SearchAction","target":{"@type":"EntryPoint","urlTemplate":"https:\/\/itr.ufrrj.br\/egressos\/?s={search_term_string}"},"query-input":{"@type":"PropertyValueSpecification","valueRequired":true,"valueName":"search_term_string"}}],"inLanguage":"pt-BR"},{"@type":"Person","@id":"https:\/\/itr.ufrrj.br\/egressos\/#\/schema\/person\/72a1bbe80a58cc0e26f78375a4964c16","name":"Yasmin Alves","image":{"@type":"ImageObject","inLanguage":"pt-BR","@id":"https:\/\/secure.gravatar.com\/avatar\/284f6995564641550be50a2c622800d764ffd772104c855755f22a9c2e65aab0?s=96&d=mm&r=g","url":"https:\/\/secure.gravatar.com\/avatar\/284f6995564641550be50a2c622800d764ffd772104c855755f22a9c2e65aab0?s=96&d=mm&r=g","contentUrl":"https:\/\/secure.gravatar.com\/avatar\/284f6995564641550be50a2c622800d764ffd772104c855755f22a9c2e65aab0?s=96&d=mm&r=g","caption":"Yasmin Alves"},"url":"https:\/\/itr.ufrrj.br\/egressos\/author\/yasmin-alves\/"}]}},"_links":{"self":[{"href":"https:\/\/itr.ufrrj.br\/egressos\/wp-json\/wp\/v2\/posts\/5319","targetHints":{"allow":["GET"]}}],"collection":[{"href":"https:\/\/itr.ufrrj.br\/egressos\/wp-json\/wp\/v2\/posts"}],"about":[{"href":"https:\/\/itr.ufrrj.br\/egressos\/wp-json\/wp\/v2\/types\/post"}],"author":[{"embeddable":true,"href":"https:\/\/itr.ufrrj.br\/egressos\/wp-json\/wp\/v2\/users\/23"}],"replies":[{"embeddable":true,"href":"https:\/\/itr.ufrrj.br\/egressos\/wp-json\/wp\/v2\/comments?post=5319"}],"version-history":[{"count":1,"href":"https:\/\/itr.ufrrj.br\/egressos\/wp-json\/wp\/v2\/posts\/5319\/revisions"}],"predecessor-version":[{"id":5320,"href":"https:\/\/itr.ufrrj.br\/egressos\/wp-json\/wp\/v2\/posts\/5319\/revisions\/5320"}],"wp:attachment":[{"href":"https:\/\/itr.ufrrj.br\/egressos\/wp-json\/wp\/v2\/media?parent=5319"}],"wp:term":[{"taxonomy":"category","embeddable":true,"href":"https:\/\/itr.ufrrj.br\/egressos\/wp-json\/wp\/v2\/categories?post=5319"},{"taxonomy":"post_tag","embeddable":true,"href":"https:\/\/itr.ufrrj.br\/egressos\/wp-json\/wp\/v2\/tags?post=5319"}],"curies":[{"name":"wp","href":"https:\/\/api.w.org\/{rel}","templated":true}]}}