{"id":5291,"date":"2026-04-28T21:39:20","date_gmt":"2026-04-29T00:39:20","guid":{"rendered":"https:\/\/itr.ufrrj.br\/egressos\/?p=5291"},"modified":"2026-04-28T21:39:22","modified_gmt":"2026-04-29T00:39:22","slug":"as-inscricoes-estao-abertas-para-todo-brasil","status":"publish","type":"post","link":"https:\/\/itr.ufrrj.br\/egressos\/as-inscricoes-estao-abertas-para-todo-brasil\/","title":{"rendered":"As inscri\u00e7\u00f5es est\u00e3o abertas para todo BRASIL!"},"content":{"rendered":"\n<p>\ud83c\udf0d\u2728 As inscri\u00e7\u00f5es est\u00e3o abertas para todo BRASIL! <br \/>Se voc\u00ea acredita que a transforma\u00e7\u00e3o come\u00e7a nos territ\u00f3rios, esse espa\u00e7o \u00e9 pra voc\u00ea.<br \/><br \/>A Escola Territorial da Agenda 2030 e Carta da Terra chega para fortalecer lideran\u00e7as, conectar pessoas e impulsionar a incid\u00eancia pol\u00edtica em defesa da justi\u00e7a clim\u00e1tica, dos direitos e da vida.<br \/><br \/>Aqui, voc\u00ea vai encontrar: <br \/>\ud83c\udf31 Forma\u00e7\u00e3o pol\u00edtica <br \/>\ud83d\udcdc Princ\u00edpios da Carta da Terra <br \/>\ud83e\udd1d Trocas entre territ\u00f3rios <br \/>\ud83d\udccd Interc\u00e2mbio em Goi\u00e1s <br \/><br \/>Buscamos jovens, mulheres, pessoas negras, quilombolas, povos e comunidades tradicionais, al\u00e9m de lideran\u00e7as e ativistas que j\u00e1 atuam ou querem atuar na transforma\u00e7\u00e3o dos seus territ\u00f3rios.<br \/><br \/>Participe da constru\u00e7\u00e3o da Agenda 2030 a partir dos territ\u00f3rios. <br \/><br \/>\ud83d\udc49 Inscreva-se:\u00a0<a href=\"https:\/\/www.instagram.com\/p\/DXR4PbylSJ8\/?utm_source=ig_web_copy_link&amp;igsh=NTc4MTIwNjQ2YQ==\">https:\/\/www.instagram.com\/p\/DXR4PbylSJ8\/?utm_source=ig_web_copy_link&amp;igsh=NTc4MTIwNjQ2YQ==<\/a><br \/><br \/>Este projeto conta com financiamento da Gestos, por meio de subven\u00e7\u00e3o da Uni\u00e3o Europeia.<\/p>\n<p>Link:\u00a0<a href=\"https:\/\/www.instagram.com\/p\/DXR4PbylSJ8\/?utm_source=ig_web_copy_link&amp;igsh=NTc4MTIwNjQ2YQ==\">https:\/\/www.instagram.com\/p\/DXR4PbylSJ8\/?utm_source=ig_web_copy_link&amp;igsh=NTc4MTIwNjQ2YQ==<\/a><\/p>\n","protected":false},"excerpt":{"rendered":"<p>\ud83c\udf0d\u2728 As inscri\u00e7\u00f5es est\u00e3o abertas para todo BRASIL! Se voc\u00ea acredita que a transforma\u00e7\u00e3o come\u00e7a nos territ\u00f3rios, esse espa\u00e7o \u00e9 pra voc\u00ea. A Escola Territorial da Agenda 2030 e Carta da Terra chega para fortalecer lideran\u00e7as, conectar pessoas e impulsionar a incid\u00eancia pol\u00edtica em defesa da justi\u00e7a clim\u00e1tica, dos direitos e da vida. Aqui, voc\u00ea [&hellip;]<\/p>\n","protected":false},"author":23,"featured_media":0,"comment_status":"open","ping_status":"open","sticky":false,"template":"","format":"standard","meta":{"_acf_changed":false,"_mi_skip_tracking":false,"footnotes":""},"categories":[3],"tags":[25,73,19,15],"class_list":["post-5291","post","type-post","status-publish","format-standard","hentry","category-noticias","tag-gestao-ambiental","tag-gestao-ambiental-ufrrj","tag-gestor-ambiental","tag-meio-ambiente","cat-3-id"],"acf":[],"yoast_head":"<!-- This site is optimized with the Yoast SEO plugin v27.5 - https:\/\/yoast.com\/product\/yoast-seo-wordpress\/ -->\n<title>As inscri\u00e7\u00f5es est\u00e3o abertas para todo BRASIL! - Programa de Acompanhamento de Egressos do Curso de Gest\u00e3o Ambiental do ITR\/UFRRJ<\/title>\n<meta name=\"robots\" content=\"index, follow, max-snippet:-1, max-image-preview:large, max-video-preview:-1\" \/>\n<link rel=\"canonical\" href=\"https:\/\/itr.ufrrj.br\/egressos\/as-inscricoes-estao-abertas-para-todo-brasil\/\" \/>\n<meta property=\"og:locale\" content=\"pt_BR\" \/>\n<meta property=\"og:type\" content=\"article\" \/>\n<meta property=\"og:title\" content=\"As inscri\u00e7\u00f5es est\u00e3o abertas para todo BRASIL! - Programa de Acompanhamento de Egressos do Curso de Gest\u00e3o Ambiental do ITR\/UFRRJ\" \/>\n<meta property=\"og:description\" content=\"\ud83c\udf0d\u2728 As inscri\u00e7\u00f5es est\u00e3o abertas para todo BRASIL! Se voc\u00ea acredita que a transforma\u00e7\u00e3o come\u00e7a nos territ\u00f3rios, esse espa\u00e7o \u00e9 pra voc\u00ea. A Escola Territorial da Agenda 2030 e Carta da Terra chega para fortalecer lideran\u00e7as, conectar pessoas e impulsionar a incid\u00eancia pol\u00edtica em defesa da justi\u00e7a clim\u00e1tica, dos direitos e da vida. Aqui, voc\u00ea [&hellip;]\" \/>\n<meta property=\"og:url\" content=\"https:\/\/itr.ufrrj.br\/egressos\/as-inscricoes-estao-abertas-para-todo-brasil\/\" \/>\n<meta property=\"og:site_name\" content=\"Programa de Acompanhamento de Egressos do Curso de Gest\u00e3o Ambiental do ITR\/UFRRJ\" \/>\n<meta property=\"article:published_time\" content=\"2026-04-29T00:39:20+00:00\" \/>\n<meta property=\"article:modified_time\" content=\"2026-04-29T00:39:22+00:00\" \/>\n<meta name=\"author\" content=\"Yasmin Alves\" \/>\n<meta name=\"twitter:card\" content=\"summary_large_image\" \/>\n<meta name=\"twitter:label1\" content=\"Escrito por\" \/>\n\t<meta name=\"twitter:data1\" content=\"Yasmin Alves\" \/>\n\t<meta name=\"twitter:label2\" content=\"Est. tempo de leitura\" \/>\n\t<meta name=\"twitter:data2\" content=\"1 minuto\" \/>\n<script type=\"application\/ld+json\" class=\"yoast-schema-graph\">{\"@context\":\"https:\\\/\\\/schema.org\",\"@graph\":[{\"@type\":\"Article\",\"@id\":\"https:\\\/\\\/itr.ufrrj.br\\\/egressos\\\/as-inscricoes-estao-abertas-para-todo-brasil\\\/#article\",\"isPartOf\":{\"@id\":\"https:\\\/\\\/itr.ufrrj.br\\\/egressos\\\/as-inscricoes-estao-abertas-para-todo-brasil\\\/\"},\"author\":{\"name\":\"Yasmin Alves\",\"@id\":\"https:\\\/\\\/itr.ufrrj.br\\\/egressos\\\/#\\\/schema\\\/person\\\/72a1bbe80a58cc0e26f78375a4964c16\"},\"headline\":\"As inscri\u00e7\u00f5es est\u00e3o abertas para todo BRASIL!\",\"datePublished\":\"2026-04-29T00:39:20+00:00\",\"dateModified\":\"2026-04-29T00:39:22+00:00\",\"mainEntityOfPage\":{\"@id\":\"https:\\\/\\\/itr.ufrrj.br\\\/egressos\\\/as-inscricoes-estao-abertas-para-todo-brasil\\\/\"},\"wordCount\":188,\"commentCount\":0,\"keywords\":[\"Gest\u00e3o Ambiental\",\"Gest\u00e3o Ambiental UFRRJ\",\"Gestor Ambiental\",\"Meio Ambiente\"],\"articleSection\":[\"Not\u00edcias\"],\"inLanguage\":\"pt-BR\",\"potentialAction\":[{\"@type\":\"CommentAction\",\"name\":\"Comment\",\"target\":[\"https:\\\/\\\/itr.ufrrj.br\\\/egressos\\\/as-inscricoes-estao-abertas-para-todo-brasil\\\/#respond\"]}]},{\"@type\":\"WebPage\",\"@id\":\"https:\\\/\\\/itr.ufrrj.br\\\/egressos\\\/as-inscricoes-estao-abertas-para-todo-brasil\\\/\",\"url\":\"https:\\\/\\\/itr.ufrrj.br\\\/egressos\\\/as-inscricoes-estao-abertas-para-todo-brasil\\\/\",\"name\":\"As inscri\u00e7\u00f5es est\u00e3o abertas para todo BRASIL! - Programa de Acompanhamento de Egressos do Curso de Gest\u00e3o Ambiental do ITR\\\/UFRRJ\",\"isPartOf\":{\"@id\":\"https:\\\/\\\/itr.ufrrj.br\\\/egressos\\\/#website\"},\"datePublished\":\"2026-04-29T00:39:20+00:00\",\"dateModified\":\"2026-04-29T00:39:22+00:00\",\"author\":{\"@id\":\"https:\\\/\\\/itr.ufrrj.br\\\/egressos\\\/#\\\/schema\\\/person\\\/72a1bbe80a58cc0e26f78375a4964c16\"},\"breadcrumb\":{\"@id\":\"https:\\\/\\\/itr.ufrrj.br\\\/egressos\\\/as-inscricoes-estao-abertas-para-todo-brasil\\\/#breadcrumb\"},\"inLanguage\":\"pt-BR\",\"potentialAction\":[{\"@type\":\"ReadAction\",\"target\":[\"https:\\\/\\\/itr.ufrrj.br\\\/egressos\\\/as-inscricoes-estao-abertas-para-todo-brasil\\\/\"]}]},{\"@type\":\"BreadcrumbList\",\"@id\":\"https:\\\/\\\/itr.ufrrj.br\\\/egressos\\\/as-inscricoes-estao-abertas-para-todo-brasil\\\/#breadcrumb\",\"itemListElement\":[{\"@type\":\"ListItem\",\"position\":1,\"name\":\"In\u00edcio\",\"item\":\"https:\\\/\\\/itr.ufrrj.br\\\/egressos\\\/\"},{\"@type\":\"ListItem\",\"position\":2,\"name\":\"As inscri\u00e7\u00f5es est\u00e3o abertas para todo BRASIL!\"}]},{\"@type\":\"WebSite\",\"@id\":\"https:\\\/\\\/itr.ufrrj.br\\\/egressos\\\/#website\",\"url\":\"https:\\\/\\\/itr.ufrrj.br\\\/egressos\\\/\",\"name\":\"Programa de Acompanhamento de Egressos do Curso de Gest\u00e3o Ambiental do ITR\\\/UFRRJ\",\"description\":\"Instituto Tr\u00eas Rios - UFRRJ\",\"potentialAction\":[{\"@type\":\"SearchAction\",\"target\":{\"@type\":\"EntryPoint\",\"urlTemplate\":\"https:\\\/\\\/itr.ufrrj.br\\\/egressos\\\/?s={search_term_string}\"},\"query-input\":{\"@type\":\"PropertyValueSpecification\",\"valueRequired\":true,\"valueName\":\"search_term_string\"}}],\"inLanguage\":\"pt-BR\"},{\"@type\":\"Person\",\"@id\":\"https:\\\/\\\/itr.ufrrj.br\\\/egressos\\\/#\\\/schema\\\/person\\\/72a1bbe80a58cc0e26f78375a4964c16\",\"name\":\"Yasmin Alves\",\"image\":{\"@type\":\"ImageObject\",\"inLanguage\":\"pt-BR\",\"@id\":\"https:\\\/\\\/secure.gravatar.com\\\/avatar\\\/284f6995564641550be50a2c622800d764ffd772104c855755f22a9c2e65aab0?s=96&d=mm&r=g\",\"url\":\"https:\\\/\\\/secure.gravatar.com\\\/avatar\\\/284f6995564641550be50a2c622800d764ffd772104c855755f22a9c2e65aab0?s=96&d=mm&r=g\",\"contentUrl\":\"https:\\\/\\\/secure.gravatar.com\\\/avatar\\\/284f6995564641550be50a2c622800d764ffd772104c855755f22a9c2e65aab0?s=96&d=mm&r=g\",\"caption\":\"Yasmin Alves\"},\"url\":\"https:\\\/\\\/itr.ufrrj.br\\\/egressos\\\/author\\\/yasmin-alves\\\/\"}]}<\/script>\n<!-- \/ Yoast SEO plugin. -->","yoast_head_json":{"title":"As inscri\u00e7\u00f5es est\u00e3o abertas para todo BRASIL! - Programa de Acompanhamento de Egressos do Curso de Gest\u00e3o Ambiental do ITR\/UFRRJ","robots":{"index":"index","follow":"follow","max-snippet":"max-snippet:-1","max-image-preview":"max-image-preview:large","max-video-preview":"max-video-preview:-1"},"canonical":"https:\/\/itr.ufrrj.br\/egressos\/as-inscricoes-estao-abertas-para-todo-brasil\/","og_locale":"pt_BR","og_type":"article","og_title":"As inscri\u00e7\u00f5es est\u00e3o abertas para todo BRASIL! - Programa de Acompanhamento de Egressos do Curso de Gest\u00e3o Ambiental do ITR\/UFRRJ","og_description":"\ud83c\udf0d\u2728 As inscri\u00e7\u00f5es est\u00e3o abertas para todo BRASIL! Se voc\u00ea acredita que a transforma\u00e7\u00e3o come\u00e7a nos territ\u00f3rios, esse espa\u00e7o \u00e9 pra voc\u00ea. A Escola Territorial da Agenda 2030 e Carta da Terra chega para fortalecer lideran\u00e7as, conectar pessoas e impulsionar a incid\u00eancia pol\u00edtica em defesa da justi\u00e7a clim\u00e1tica, dos direitos e da vida. Aqui, voc\u00ea [&hellip;]","og_url":"https:\/\/itr.ufrrj.br\/egressos\/as-inscricoes-estao-abertas-para-todo-brasil\/","og_site_name":"Programa de Acompanhamento de Egressos do Curso de Gest\u00e3o Ambiental do ITR\/UFRRJ","article_published_time":"2026-04-29T00:39:20+00:00","article_modified_time":"2026-04-29T00:39:22+00:00","author":"Yasmin Alves","twitter_card":"summary_large_image","twitter_misc":{"Escrito por":"Yasmin Alves","Est. tempo de leitura":"1 minuto"},"schema":{"@context":"https:\/\/schema.org","@graph":[{"@type":"Article","@id":"https:\/\/itr.ufrrj.br\/egressos\/as-inscricoes-estao-abertas-para-todo-brasil\/#article","isPartOf":{"@id":"https:\/\/itr.ufrrj.br\/egressos\/as-inscricoes-estao-abertas-para-todo-brasil\/"},"author":{"name":"Yasmin Alves","@id":"https:\/\/itr.ufrrj.br\/egressos\/#\/schema\/person\/72a1bbe80a58cc0e26f78375a4964c16"},"headline":"As inscri\u00e7\u00f5es est\u00e3o abertas para todo BRASIL!","datePublished":"2026-04-29T00:39:20+00:00","dateModified":"2026-04-29T00:39:22+00:00","mainEntityOfPage":{"@id":"https:\/\/itr.ufrrj.br\/egressos\/as-inscricoes-estao-abertas-para-todo-brasil\/"},"wordCount":188,"commentCount":0,"keywords":["Gest\u00e3o Ambiental","Gest\u00e3o Ambiental UFRRJ","Gestor Ambiental","Meio Ambiente"],"articleSection":["Not\u00edcias"],"inLanguage":"pt-BR","potentialAction":[{"@type":"CommentAction","name":"Comment","target":["https:\/\/itr.ufrrj.br\/egressos\/as-inscricoes-estao-abertas-para-todo-brasil\/#respond"]}]},{"@type":"WebPage","@id":"https:\/\/itr.ufrrj.br\/egressos\/as-inscricoes-estao-abertas-para-todo-brasil\/","url":"https:\/\/itr.ufrrj.br\/egressos\/as-inscricoes-estao-abertas-para-todo-brasil\/","name":"As inscri\u00e7\u00f5es est\u00e3o abertas para todo BRASIL! - Programa de Acompanhamento de Egressos do Curso de Gest\u00e3o Ambiental do ITR\/UFRRJ","isPartOf":{"@id":"https:\/\/itr.ufrrj.br\/egressos\/#website"},"datePublished":"2026-04-29T00:39:20+00:00","dateModified":"2026-04-29T00:39:22+00:00","author":{"@id":"https:\/\/itr.ufrrj.br\/egressos\/#\/schema\/person\/72a1bbe80a58cc0e26f78375a4964c16"},"breadcrumb":{"@id":"https:\/\/itr.ufrrj.br\/egressos\/as-inscricoes-estao-abertas-para-todo-brasil\/#breadcrumb"},"inLanguage":"pt-BR","potentialAction":[{"@type":"ReadAction","target":["https:\/\/itr.ufrrj.br\/egressos\/as-inscricoes-estao-abertas-para-todo-brasil\/"]}]},{"@type":"BreadcrumbList","@id":"https:\/\/itr.ufrrj.br\/egressos\/as-inscricoes-estao-abertas-para-todo-brasil\/#breadcrumb","itemListElement":[{"@type":"ListItem","position":1,"name":"In\u00edcio","item":"https:\/\/itr.ufrrj.br\/egressos\/"},{"@type":"ListItem","position":2,"name":"As inscri\u00e7\u00f5es est\u00e3o abertas para todo BRASIL!"}]},{"@type":"WebSite","@id":"https:\/\/itr.ufrrj.br\/egressos\/#website","url":"https:\/\/itr.ufrrj.br\/egressos\/","name":"Programa de Acompanhamento de Egressos do Curso de Gest\u00e3o Ambiental do ITR\/UFRRJ","description":"Instituto Tr\u00eas Rios - UFRRJ","potentialAction":[{"@type":"SearchAction","target":{"@type":"EntryPoint","urlTemplate":"https:\/\/itr.ufrrj.br\/egressos\/?s={search_term_string}"},"query-input":{"@type":"PropertyValueSpecification","valueRequired":true,"valueName":"search_term_string"}}],"inLanguage":"pt-BR"},{"@type":"Person","@id":"https:\/\/itr.ufrrj.br\/egressos\/#\/schema\/person\/72a1bbe80a58cc0e26f78375a4964c16","name":"Yasmin Alves","image":{"@type":"ImageObject","inLanguage":"pt-BR","@id":"https:\/\/secure.gravatar.com\/avatar\/284f6995564641550be50a2c622800d764ffd772104c855755f22a9c2e65aab0?s=96&d=mm&r=g","url":"https:\/\/secure.gravatar.com\/avatar\/284f6995564641550be50a2c622800d764ffd772104c855755f22a9c2e65aab0?s=96&d=mm&r=g","contentUrl":"https:\/\/secure.gravatar.com\/avatar\/284f6995564641550be50a2c622800d764ffd772104c855755f22a9c2e65aab0?s=96&d=mm&r=g","caption":"Yasmin Alves"},"url":"https:\/\/itr.ufrrj.br\/egressos\/author\/yasmin-alves\/"}]}},"_links":{"self":[{"href":"https:\/\/itr.ufrrj.br\/egressos\/wp-json\/wp\/v2\/posts\/5291","targetHints":{"allow":["GET"]}}],"collection":[{"href":"https:\/\/itr.ufrrj.br\/egressos\/wp-json\/wp\/v2\/posts"}],"about":[{"href":"https:\/\/itr.ufrrj.br\/egressos\/wp-json\/wp\/v2\/types\/post"}],"author":[{"embeddable":true,"href":"https:\/\/itr.ufrrj.br\/egressos\/wp-json\/wp\/v2\/users\/23"}],"replies":[{"embeddable":true,"href":"https:\/\/itr.ufrrj.br\/egressos\/wp-json\/wp\/v2\/comments?post=5291"}],"version-history":[{"count":1,"href":"https:\/\/itr.ufrrj.br\/egressos\/wp-json\/wp\/v2\/posts\/5291\/revisions"}],"predecessor-version":[{"id":5292,"href":"https:\/\/itr.ufrrj.br\/egressos\/wp-json\/wp\/v2\/posts\/5291\/revisions\/5292"}],"wp:attachment":[{"href":"https:\/\/itr.ufrrj.br\/egressos\/wp-json\/wp\/v2\/media?parent=5291"}],"wp:term":[{"taxonomy":"category","embeddable":true,"href":"https:\/\/itr.ufrrj.br\/egressos\/wp-json\/wp\/v2\/categories?post=5291"},{"taxonomy":"post_tag","embeddable":true,"href":"https:\/\/itr.ufrrj.br\/egressos\/wp-json\/wp\/v2\/tags?post=5291"}],"curies":[{"name":"wp","href":"https:\/\/api.w.org\/{rel}","templated":true}]}}